{"id":2178,"date":"2023-10-06T09:55:45","date_gmt":"2023-10-06T12:55:45","guid":{"rendered":"https:\/\/bocaparatodoelmundo.com.ar\/?p=2178"},"modified":"2023-10-08T10:22:01","modified_gmt":"2023-10-08T13:22:01","slug":"a-la-final-noma","status":"publish","type":"post","link":"https:\/\/bocaparatodoelmundo.com.ar\/?p=2178","title":{"rendered":"\u00a1A LA FINAL, NOM\u00c1!"},"content":{"rendered":"\n<h4 class=\"wp-block-heading\"><strong><a href=\"https:\/\/www.elgrafico.com.ar\/etiqueta\/boca\" target=\"_blank\" rel=\"noreferrer noopener\">BOCA<\/a>&nbsp;elimin\u00f3 al poderoso&nbsp;<a href=\"https:\/\/www.elgrafico.com.ar\/etiqueta\/palmeiras\">Palmeiras<\/a><\/strong>&nbsp;en el estadio Allianz Parque&nbsp;<strong>y estar\u00e1 nuevamente en la Final de la Copa Libertadores.<\/strong><\/h4>\n\n\n\n<p>El Xeneize se puso en ventaja a los 23 minutos por intermedio de\u00a0<strong>Edinson Cavani<\/strong>. El delantero uruguayo recibi\u00f3 una\u00a0<strong>asistencia de<\/strong>\u00a0su compatriota\u00a0<strong>Miguel Merentiel<\/strong>\u00a0(hab\u00eda dejado en el camino a Gustavo G\u00f3mez) y abri\u00f3 el marcador empuj\u00e1ndola\u00a0con\u00a0Weverton superado.\u00a0<\/p>\n\n\n<div class=\"wp-block-image\">\n<figure class=\"aligncenter size-full is-resized\"><img loading=\"lazy\" decoding=\"async\" src=\"https:\/\/bocaparatodoelmundo.com.ar\/wp-content\/uploads\/2023\/10\/mnkze2cGz_360x240__1.jpg\" alt=\"\" class=\"wp-image-2180\" style=\"width:590px;height:393px\" width=\"590\" height=\"393\" srcset=\"https:\/\/bocaparatodoelmundo.com.ar\/wp-content\/uploads\/2023\/10\/mnkze2cGz_360x240__1.jpg 360w, https:\/\/bocaparatodoelmundo.com.ar\/wp-content\/uploads\/2023\/10\/mnkze2cGz_360x240__1-300x200.jpg 300w\" sizes=\"auto, (max-width: 590px) 100vw, 590px\" \/><figcaption class=\"wp-element-caption\">Cavani est\u00e1 en el piso, luego de empujar al arco el centro de Merentiel, que est\u00e1 detr\u00e1s de la l\u00ednea final. Es el gol de Boca.<\/figcaption><\/figure>\n<\/div>\n\n\n<p>Sobre los 21 minutos de la segunda etapa<strong>\u00a0Marcos Rojo fue expulsado<\/strong>\u00a0por doble amonestaci\u00f3n.\u00a0Y siete minutos m\u00e1s tarde, el uruguayo\u00a0<strong>Joaqu\u00edn Piquerez logr\u00f3 la igualdad<\/strong>\u00a0con un potente zurdazo de afuera del \u00e1rea para nivelar el partido y la serie.<\/p>\n\n\n<div class=\"wp-block-image\">\n<figure class=\"aligncenter size-large\"><img loading=\"lazy\" decoding=\"async\" width=\"1024\" height=\"576\" src=\"https:\/\/bocaparatodoelmundo.com.ar\/wp-content\/uploads\/2023\/10\/351535_1483787-1024x576.webp\" alt=\"\" class=\"wp-image-2181\" srcset=\"https:\/\/bocaparatodoelmundo.com.ar\/wp-content\/uploads\/2023\/10\/351535_1483787-1024x576.webp 1024w, https:\/\/bocaparatodoelmundo.com.ar\/wp-content\/uploads\/2023\/10\/351535_1483787-300x169.webp 300w, https:\/\/bocaparatodoelmundo.com.ar\/wp-content\/uploads\/2023\/10\/351535_1483787-768x432.webp 768w, https:\/\/bocaparatodoelmundo.com.ar\/wp-content\/uploads\/2023\/10\/351535_1483787.webp 1200w\" sizes=\"auto, (max-width: 1024px) 100vw, 1024px\" \/><figcaption class=\"wp-element-caption\">Barco saluda a Merentiel, mientras Cavani festeja en soledad. <\/figcaption><\/figure>\n<\/div>\n\n\n<p>El empate en un tanto determin\u00f3 que el finalista se definiera desde el punto penal.<\/p>\n\n\n\n<h2 class=\"wp-block-heading\">LA DEFINICI\u00d3N POR PENALES<\/h2>\n\n\n\n<p>Weverton le detuvo el primer disparo a Edinson Cavani y<strong>\u00a0Sergio Romero hizo lo propio con\u00a0Raphael Veiga<\/strong>.\u00a0Bruno Valdez puso el primero con un remate bajo al medio para Boca.\u00a0<strong>Gustavo G\u00f3mez tampoco pudo con Romero<\/strong>, que le adivin\u00f3 el palo.\u00a0<\/p>\n\n\n<div class=\"wp-block-image\">\n<figure class=\"aligncenter size-full\"><img loading=\"lazy\" decoding=\"async\" width=\"900\" height=\"600\" src=\"https:\/\/bocaparatodoelmundo.com.ar\/wp-content\/uploads\/2023\/10\/l_1696560373.webp\" alt=\"\" class=\"wp-image-2182\" srcset=\"https:\/\/bocaparatodoelmundo.com.ar\/wp-content\/uploads\/2023\/10\/l_1696560373.webp 900w, https:\/\/bocaparatodoelmundo.com.ar\/wp-content\/uploads\/2023\/10\/l_1696560373-300x200.webp 300w, https:\/\/bocaparatodoelmundo.com.ar\/wp-content\/uploads\/2023\/10\/l_1696560373-768x512.webp 768w\" sizes=\"auto, (max-width: 900px) 100vw, 900px\" \/><figcaption class=\"wp-element-caption\">Comienza la epopeya de Chiquito: Romero le tapa el penal a Rafael Veiga. <\/figcaption><\/figure>\n<\/div>\n\n\n<p>Con\u00a0<strong>el tanto de Valentini<\/strong>\u00a0Boca se pon\u00eda 2-0 al frente y dejaba a Palmeiras al borde del nocaut. Sin embargo,<strong>\u00a0Kevin logr\u00f3 enga\u00f1ar a Chiquito\u00a0<\/strong>con un remate cruzado.<\/p>\n\n\n<div class=\"wp-block-image\">\n<figure class=\"aligncenter size-full is-resized\"><img loading=\"lazy\" decoding=\"async\" src=\"https:\/\/bocaparatodoelmundo.com.ar\/wp-content\/uploads\/2023\/10\/651f74036426b_450.jpg\" alt=\"\" class=\"wp-image-2183\" style=\"width:752px;height:423px\" width=\"752\" height=\"423\" srcset=\"https:\/\/bocaparatodoelmundo.com.ar\/wp-content\/uploads\/2023\/10\/651f74036426b_450.jpg 450w, https:\/\/bocaparatodoelmundo.com.ar\/wp-content\/uploads\/2023\/10\/651f74036426b_450-300x169.jpg 300w\" sizes=\"auto, (max-width: 752px) 100vw, 752px\" \/><figcaption class=\"wp-element-caption\">Otra vez, Romero: Chiquito le tap\u00f3 su remate a Gustavo G\u00f3mez.<\/figcaption><\/figure>\n<\/div>\n\n\n<p><strong>Nicol\u00e1s Figal cruz\u00f3 su derechazo<\/strong>\u00a0y puso el 3-1 parcial para Boca. Piquerez levant\u00f3 el primer match point en contra de Palmeiras con un zurdazo cruzado potente.<\/p>\n\n\n<div class=\"wp-block-image\">\n<figure class=\"aligncenter size-full is-resized\"><img loading=\"lazy\" decoding=\"async\" src=\"https:\/\/bocaparatodoelmundo.com.ar\/wp-content\/uploads\/2023\/10\/el-gol-de-penal-de-pol-fernandez-que-definio-la-RVYFJ25V7NB7LGYE6UBPMBKCPY.jpg\" alt=\"\" class=\"wp-image-2185\" style=\"width:708px;height:472px\" width=\"708\" height=\"472\" srcset=\"https:\/\/bocaparatodoelmundo.com.ar\/wp-content\/uploads\/2023\/10\/el-gol-de-penal-de-pol-fernandez-que-definio-la-RVYFJ25V7NB7LGYE6UBPMBKCPY.jpg 420w, https:\/\/bocaparatodoelmundo.com.ar\/wp-content\/uploads\/2023\/10\/el-gol-de-penal-de-pol-fernandez-que-definio-la-RVYFJ25V7NB7LGYE6UBPMBKCPY-300x200.jpg 300w\" sizes=\"auto, (max-width: 708px) 100vw, 708px\" \/><figcaption class=\"wp-element-caption\">Guillermo Matias Fernandez convierte el gol decisivo. Boca est\u00e1 en la final de la Libertadores.<\/figcaption><\/figure>\n<\/div>\n\n\n<p><strong>Pol Fern\u00e1ndez sentenci\u00f3 la serie por 4-2&nbsp;<\/strong>con un derechazo fort\u00edsimo al centro y arriba.<\/p>\n\n\n<div class=\"wp-block-image\">\n<figure class=\"aligncenter size-full\"><img loading=\"lazy\" decoding=\"async\" width=\"770\" height=\"435\" src=\"https:\/\/bocaparatodoelmundo.com.ar\/wp-content\/uploads\/2023\/10\/bocapng.webp\" alt=\"\" class=\"wp-image-2186\" srcset=\"https:\/\/bocaparatodoelmundo.com.ar\/wp-content\/uploads\/2023\/10\/bocapng.webp 770w, https:\/\/bocaparatodoelmundo.com.ar\/wp-content\/uploads\/2023\/10\/bocapng-300x169.webp 300w, https:\/\/bocaparatodoelmundo.com.ar\/wp-content\/uploads\/2023\/10\/bocapng-768x434.webp 768w\" sizes=\"auto, (max-width: 770px) 100vw, 770px\" \/><figcaption class=\"wp-element-caption\">Los jugadores de Boca celebran la clasificaci\u00f3n a la final de la Copa. Fluminense espera en R\u00edo.<\/figcaption><\/figure>\n<\/div>","protected":false},"excerpt":{"rendered":"<p>BOCA&nbsp;elimin\u00f3 al poderoso&nbsp;Palmeiras&nbsp;en el estadio Allianz Parque&nbsp;y estar\u00e1 nuevamente en la Final de la Copa&#8230;<\/p>\n","protected":false},"author":3,"featured_media":2184,"comment_status":"open","ping_status":"open","sticky":false,"template":"","format":"standard","meta":{"footnotes":""},"categories":[38],"tags":[],"class_list":["post-2178","post","type-post","status-publish","format-standard","has-post-thumbnail","hentry","category-copa-libertadores"],"yoast_head":"<!-- This site is optimized with the Yoast SEO plugin v21.4 - https:\/\/yoast.com\/wordpress\/plugins\/seo\/ -->\n<title>\u00a1A LA FINAL, NOM\u00c1! - BOCA PARA TODO EL MUNDO<\/title>\n<meta name=\"robots\" content=\"index, follow, max-snippet:-1, max-image-preview:large, max-video-preview:-1\" \/>\n<link rel=\"canonical\" href=\"https:\/\/bocaparatodoelmundo.com.ar\/?p=2178\" \/>\n<meta property=\"og:locale\" content=\"es_ES\" \/>\n<meta property=\"og:type\" content=\"article\" \/>\n<meta property=\"og:title\" content=\"\u00a1A LA FINAL, NOM\u00c1! - BOCA PARA TODO EL MUNDO\" \/>\n<meta property=\"og:description\" content=\"BOCA&nbsp;elimin\u00f3 al poderoso&nbsp;Palmeiras&nbsp;en el estadio Allianz Parque&nbsp;y estar\u00e1 nuevamente en la Final de la Copa...\" \/>\n<meta property=\"og:url\" content=\"https:\/\/bocaparatodoelmundo.com.ar\/?p=2178\" \/>\n<meta property=\"og:site_name\" content=\"BOCA PARA TODO EL MUNDO\" \/>\n<meta property=\"article:published_time\" content=\"2023-10-06T12:55:45+00:00\" \/>\n<meta property=\"article:modified_time\" content=\"2023-10-08T13:22:01+00:00\" \/>\n<meta property=\"og:image\" content=\"https:\/\/bocaparatodoelmundo.com.ar\/wp-content\/uploads\/2023\/10\/1696642318209.png\" \/>\n\t<meta property=\"og:image:width\" content=\"1024\" \/>\n\t<meta property=\"og:image:height\" content=\"576\" \/>\n\t<meta property=\"og:image:type\" content=\"image\/png\" \/>\n<meta name=\"author\" content=\"Redaccion BPTM\" \/>\n<meta name=\"twitter:card\" content=\"summary_large_image\" \/>\n<meta name=\"twitter:label1\" content=\"Escrito por\" \/>\n\t<meta name=\"twitter:data1\" content=\"Redaccion BPTM\" \/>\n\t<meta name=\"twitter:label2\" content=\"Tiempo de lectura\" \/>\n\t<meta name=\"twitter:data2\" content=\"3 minutos\" \/>\n<script type=\"application\/ld+json\" class=\"yoast-schema-graph\">{\"@context\":\"https:\/\/schema.org\",\"@graph\":[{\"@type\":\"WebPage\",\"@id\":\"https:\/\/bocaparatodoelmundo.com.ar\/?p=2178\",\"url\":\"https:\/\/bocaparatodoelmundo.com.ar\/?p=2178\",\"name\":\"\u00a1A LA FINAL, NOM\u00c1! - BOCA PARA TODO EL MUNDO\",\"isPartOf\":{\"@id\":\"https:\/\/bocaparatodoelmundo.com.ar\/#website\"},\"datePublished\":\"2023-10-06T12:55:45+00:00\",\"dateModified\":\"2023-10-08T13:22:01+00:00\",\"author\":{\"@id\":\"https:\/\/bocaparatodoelmundo.com.ar\/#\/schema\/person\/cc56d27ea9d37f4cea3636086a1847c5\"},\"breadcrumb\":{\"@id\":\"https:\/\/bocaparatodoelmundo.com.ar\/?p=2178#breadcrumb\"},\"inLanguage\":\"es-AR\",\"potentialAction\":[{\"@type\":\"ReadAction\",\"target\":[\"https:\/\/bocaparatodoelmundo.com.ar\/?p=2178\"]}]},{\"@type\":\"BreadcrumbList\",\"@id\":\"https:\/\/bocaparatodoelmundo.com.ar\/?p=2178#breadcrumb\",\"itemListElement\":[{\"@type\":\"ListItem\",\"position\":1,\"name\":\"Inicio\",\"item\":\"https:\/\/bocaparatodoelmundo.com.ar\/\"},{\"@type\":\"ListItem\",\"position\":2,\"name\":\"\u00a1A LA FINAL, NOM\u00c1!\"}]},{\"@type\":\"WebSite\",\"@id\":\"https:\/\/bocaparatodoelmundo.com.ar\/#website\",\"url\":\"https:\/\/bocaparatodoelmundo.com.ar\/\",\"name\":\"BOCA PARA TODO EL MUNDO\",\"description\":\"Toda la historia y actualidad del club atletico boca junios esta aqui\",\"potentialAction\":[{\"@type\":\"SearchAction\",\"target\":{\"@type\":\"EntryPoint\",\"urlTemplate\":\"https:\/\/bocaparatodoelmundo.com.ar\/?s={search_term_string}\"},\"query-input\":\"required name=search_term_string\"}],\"inLanguage\":\"es-AR\"},{\"@type\":\"Person\",\"@id\":\"https:\/\/bocaparatodoelmundo.com.ar\/#\/schema\/person\/cc56d27ea9d37f4cea3636086a1847c5\",\"name\":\"Redaccion BPTM\",\"image\":{\"@type\":\"ImageObject\",\"inLanguage\":\"es-AR\",\"@id\":\"https:\/\/bocaparatodoelmundo.com.ar\/#\/schema\/person\/image\/\",\"url\":\"https:\/\/secure.gravatar.com\/avatar\/3b62665b8c08843736974a055cc2398ba6bb7fd2fe787285105d666c418a7d13?s=96&d=mm&r=g\",\"contentUrl\":\"https:\/\/secure.gravatar.com\/avatar\/3b62665b8c08843736974a055cc2398ba6bb7fd2fe787285105d666c418a7d13?s=96&d=mm&r=g\",\"caption\":\"Redaccion BPTM\"},\"sameAs\":[\"http:\/\/bocaparatodoelmundo.com.ar\"],\"url\":\"https:\/\/bocaparatodoelmundo.com.ar\/?author=3\"}]}<\/script>\n<!-- \/ Yoast SEO plugin. -->","yoast_head_json":{"title":"\u00a1A LA FINAL, NOM\u00c1! - BOCA PARA TODO EL MUNDO","robots":{"index":"index","follow":"follow","max-snippet":"max-snippet:-1","max-image-preview":"max-image-preview:large","max-video-preview":"max-video-preview:-1"},"canonical":"https:\/\/bocaparatodoelmundo.com.ar\/?p=2178","og_locale":"es_ES","og_type":"article","og_title":"\u00a1A LA FINAL, NOM\u00c1! - BOCA PARA TODO EL MUNDO","og_description":"BOCA&nbsp;elimin\u00f3 al poderoso&nbsp;Palmeiras&nbsp;en el estadio Allianz Parque&nbsp;y estar\u00e1 nuevamente en la Final de la Copa...","og_url":"https:\/\/bocaparatodoelmundo.com.ar\/?p=2178","og_site_name":"BOCA PARA TODO EL MUNDO","article_published_time":"2023-10-06T12:55:45+00:00","article_modified_time":"2023-10-08T13:22:01+00:00","og_image":[{"width":1024,"height":576,"url":"https:\/\/bocaparatodoelmundo.com.ar\/wp-content\/uploads\/2023\/10\/1696642318209.png","type":"image\/png"}],"author":"Redaccion BPTM","twitter_card":"summary_large_image","twitter_misc":{"Escrito por":"Redaccion BPTM","Tiempo de lectura":"3 minutos"},"schema":{"@context":"https:\/\/schema.org","@graph":[{"@type":"WebPage","@id":"https:\/\/bocaparatodoelmundo.com.ar\/?p=2178","url":"https:\/\/bocaparatodoelmundo.com.ar\/?p=2178","name":"\u00a1A LA FINAL, NOM\u00c1! - BOCA PARA TODO EL MUNDO","isPartOf":{"@id":"https:\/\/bocaparatodoelmundo.com.ar\/#website"},"datePublished":"2023-10-06T12:55:45+00:00","dateModified":"2023-10-08T13:22:01+00:00","author":{"@id":"https:\/\/bocaparatodoelmundo.com.ar\/#\/schema\/person\/cc56d27ea9d37f4cea3636086a1847c5"},"breadcrumb":{"@id":"https:\/\/bocaparatodoelmundo.com.ar\/?p=2178#breadcrumb"},"inLanguage":"es-AR","potentialAction":[{"@type":"ReadAction","target":["https:\/\/bocaparatodoelmundo.com.ar\/?p=2178"]}]},{"@type":"BreadcrumbList","@id":"https:\/\/bocaparatodoelmundo.com.ar\/?p=2178#breadcrumb","itemListElement":[{"@type":"ListItem","position":1,"name":"Inicio","item":"https:\/\/bocaparatodoelmundo.com.ar\/"},{"@type":"ListItem","position":2,"name":"\u00a1A LA FINAL, NOM\u00c1!"}]},{"@type":"WebSite","@id":"https:\/\/bocaparatodoelmundo.com.ar\/#website","url":"https:\/\/bocaparatodoelmundo.com.ar\/","name":"BOCA PARA TODO EL MUNDO","description":"Toda la historia y actualidad del club atletico boca junios esta aqui","potentialAction":[{"@type":"SearchAction","target":{"@type":"EntryPoint","urlTemplate":"https:\/\/bocaparatodoelmundo.com.ar\/?s={search_term_string}"},"query-input":"required name=search_term_string"}],"inLanguage":"es-AR"},{"@type":"Person","@id":"https:\/\/bocaparatodoelmundo.com.ar\/#\/schema\/person\/cc56d27ea9d37f4cea3636086a1847c5","name":"Redaccion BPTM","image":{"@type":"ImageObject","inLanguage":"es-AR","@id":"https:\/\/bocaparatodoelmundo.com.ar\/#\/schema\/person\/image\/","url":"https:\/\/secure.gravatar.com\/avatar\/3b62665b8c08843736974a055cc2398ba6bb7fd2fe787285105d666c418a7d13?s=96&d=mm&r=g","contentUrl":"https:\/\/secure.gravatar.com\/avatar\/3b62665b8c08843736974a055cc2398ba6bb7fd2fe787285105d666c418a7d13?s=96&d=mm&r=g","caption":"Redaccion BPTM"},"sameAs":["http:\/\/bocaparatodoelmundo.com.ar"],"url":"https:\/\/bocaparatodoelmundo.com.ar\/?author=3"}]}},"_links":{"self":[{"href":"https:\/\/bocaparatodoelmundo.com.ar\/index.php?rest_route=\/wp\/v2\/posts\/2178","targetHints":{"allow":["GET"]}}],"collection":[{"href":"https:\/\/bocaparatodoelmundo.com.ar\/index.php?rest_route=\/wp\/v2\/posts"}],"about":[{"href":"https:\/\/bocaparatodoelmundo.com.ar\/index.php?rest_route=\/wp\/v2\/types\/post"}],"author":[{"embeddable":true,"href":"https:\/\/bocaparatodoelmundo.com.ar\/index.php?rest_route=\/wp\/v2\/users\/3"}],"replies":[{"embeddable":true,"href":"https:\/\/bocaparatodoelmundo.com.ar\/index.php?rest_route=%2Fwp%2Fv2%2Fcomments&post=2178"}],"version-history":[{"count":1,"href":"https:\/\/bocaparatodoelmundo.com.ar\/index.php?rest_route=\/wp\/v2\/posts\/2178\/revisions"}],"predecessor-version":[{"id":2187,"href":"https:\/\/bocaparatodoelmundo.com.ar\/index.php?rest_route=\/wp\/v2\/posts\/2178\/revisions\/2187"}],"wp:featuredmedia":[{"embeddable":true,"href":"https:\/\/bocaparatodoelmundo.com.ar\/index.php?rest_route=\/wp\/v2\/media\/2184"}],"wp:attachment":[{"href":"https:\/\/bocaparatodoelmundo.com.ar\/index.php?rest_route=%2Fwp%2Fv2%2Fmedia&parent=2178"}],"wp:term":[{"taxonomy":"category","embeddable":true,"href":"https:\/\/bocaparatodoelmundo.com.ar\/index.php?rest_route=%2Fwp%2Fv2%2Fcategories&post=2178"},{"taxonomy":"post_tag","embeddable":true,"href":"https:\/\/bocaparatodoelmundo.com.ar\/index.php?rest_route=%2Fwp%2Fv2%2Ftags&post=2178"}],"curies":[{"name":"wp","href":"https:\/\/api.w.org\/{rel}","templated":true}]}}