{"id":2132,"date":"2023-09-27T10:59:27","date_gmt":"2023-09-27T13:59:27","guid":{"rendered":"https:\/\/bocaparatodoelmundo.com.ar\/?p=2132"},"modified":"2023-09-27T10:59:30","modified_gmt":"2023-09-27T13:59:30","slug":"a-alentar-a-boca-llena","status":"publish","type":"post","link":"https:\/\/bocaparatodoelmundo.com.ar\/?p=2132","title":{"rendered":"\u00a1A ALENTAR A BOCA LLENA!"},"content":{"rendered":"\n<h4 class=\"wp-block-heading\"><strong><a href=\"https:\/\/www.elgrafico.com.ar\/etiqueta\/boca\" target=\"_blank\" rel=\"noreferrer noopener\">BOCA<\/a>&nbsp;enfrentar\u00e1 este jueves a&nbsp;<a href=\"https:\/\/www.elgrafico.com.ar\/etiqueta\/palmeiras\" target=\"_blank\" rel=\"noreferrer noopener\">Palmeiras<\/a><\/strong>&nbsp;en la ida de la semifinal de la&nbsp;<a href=\"https:\/\/www.elgrafico.com.ar\/categoria\/1065\/conmebol-libertadores\" target=\"_blank\" rel=\"noreferrer noopener\">Copa Libertadores<\/a>&nbsp;y la Bombonera estar\u00e1 a reventar, como ocurre siempre. Pero el deseo por ganar la s\u00e9ptima es tan fuerte que los hinchas<strong>&nbsp;agotaron las entradas en un abrir y cerrar de ojos.<\/strong><\/h4>\n\n\n\n<p>Este martes se pusieron a disposici\u00f3n las localidades<strong>&nbsp;por medio del sitio SoySocio y apenas bastaron 45 minutos para que se acabaran,<\/strong>&nbsp;aunque hubo&nbsp;<strong>descontento por parte de muchos, ya que no se aplicaron los filtros que se utilizan normalmente&nbsp;<\/strong>en los encuentros del campeonato local.<\/p>\n\n\n\n<p>En efecto,&nbsp;<strong>en la competencia vern\u00e1cula<\/strong>&nbsp;la prioridad para asistir a la cancha la tienen<strong>&nbsp;aquellos que hayan estado presentes en 19 de los \u00faltimos 22 compromisos.<\/strong>&nbsp;Eso no ocurri\u00f3 para el choque con Palmeiras y&nbsp;<strong>se multiplicaron las quejas de los simpatizantes para con el Departamento de Socios del club de La Ribera.<\/strong><\/p>\n\n\n\n<p><img decoding=\"async\" src=\"https:\/\/www.elgrafico.com.ar\/media\/cache\/pub_news_details_large\/media\/i\/53\/cb\/53cb8072c6106bd437d1874e0880cf92925c3212.jpeg\" alt=\"Imagen Para las entradas de la Libertadores no se aplicaron los filtros de los partidos por el torneo local.\"><\/p>\n\n\n\n<p><strong>Para las entradas de la Libertadores no se aplicaron los filtros de los partidos por el torneo local.<\/strong><\/p>\n\n\n\n<p>Algunas fallas de sistema tambi\u00e9n motivaron el enojo y se conocieron casos de gente a la que, a pesar de estar en la fila virtual desde temprano,&nbsp;<strong>se le desactiv\u00f3 la p\u00e1gina y perdi\u00f3 la posibilidad de pugnar por un ticket.<\/strong><\/p>\n\n\n\n<p>Asimismo,&nbsp;<strong>se agotaron enseguida las 1.800 localidades disponibles para fan\u00e1ticos xeneizes que viajar\u00e1n a San Pablo para el desquite.<\/strong>&nbsp;Apenas 10 minutos bastaron para que se liquidaran, y m\u00e1s all\u00e1 de que la dirigencia boquense solicit\u00f3 m\u00e1s cupos, Palmeiras no lo permiti\u00f3.<\/p>\n","protected":false},"excerpt":{"rendered":"<p>BOCA&nbsp;enfrentar\u00e1 este jueves a&nbsp;Palmeiras&nbsp;en la ida de la semifinal de la&nbsp;Copa Libertadores&nbsp;y la Bombonera estar\u00e1&#8230;<\/p>\n","protected":false},"author":3,"featured_media":2133,"comment_status":"open","ping_status":"open","sticky":false,"template":"","format":"standard","meta":{"footnotes":""},"categories":[38],"tags":[],"class_list":["post-2132","post","type-post","status-publish","format-standard","has-post-thumbnail","hentry","category-copa-libertadores"],"yoast_head":"<!-- This site is optimized with the Yoast SEO plugin v21.4 - https:\/\/yoast.com\/wordpress\/plugins\/seo\/ -->\n<title>\u00a1A ALENTAR A BOCA LLENA! - BOCA PARA TODO EL MUNDO<\/title>\n<meta name=\"robots\" content=\"index, follow, max-snippet:-1, max-image-preview:large, max-video-preview:-1\" \/>\n<link rel=\"canonical\" href=\"https:\/\/bocaparatodoelmundo.com.ar\/?p=2132\" \/>\n<meta property=\"og:locale\" content=\"es_ES\" \/>\n<meta property=\"og:type\" content=\"article\" \/>\n<meta property=\"og:title\" content=\"\u00a1A ALENTAR A BOCA LLENA! - BOCA PARA TODO EL MUNDO\" \/>\n<meta property=\"og:description\" content=\"BOCA&nbsp;enfrentar\u00e1 este jueves a&nbsp;Palmeiras&nbsp;en la ida de la semifinal de la&nbsp;Copa Libertadores&nbsp;y la Bombonera estar\u00e1...\" \/>\n<meta property=\"og:url\" content=\"https:\/\/bocaparatodoelmundo.com.ar\/?p=2132\" \/>\n<meta property=\"og:site_name\" content=\"BOCA PARA TODO EL MUNDO\" \/>\n<meta property=\"article:published_time\" content=\"2023-09-27T13:59:27+00:00\" \/>\n<meta property=\"article:modified_time\" content=\"2023-09-27T13:59:30+00:00\" \/>\n<meta property=\"og:image\" content=\"https:\/\/bocaparatodoelmundo.com.ar\/wp-content\/uploads\/2023\/09\/La-Bombonera-1.webp\" \/>\n\t<meta property=\"og:image:width\" content=\"1024\" \/>\n\t<meta property=\"og:image:height\" content=\"681\" \/>\n\t<meta property=\"og:image:type\" content=\"image\/webp\" \/>\n<meta name=\"author\" content=\"Redaccion BPTM\" \/>\n<meta name=\"twitter:card\" content=\"summary_large_image\" \/>\n<meta name=\"twitter:label1\" content=\"Escrito por\" \/>\n\t<meta name=\"twitter:data1\" content=\"Redaccion BPTM\" \/>\n\t<meta name=\"twitter:label2\" content=\"Tiempo de lectura\" \/>\n\t<meta name=\"twitter:data2\" content=\"2 minutos\" \/>\n<script type=\"application\/ld+json\" class=\"yoast-schema-graph\">{\"@context\":\"https:\/\/schema.org\",\"@graph\":[{\"@type\":\"WebPage\",\"@id\":\"https:\/\/bocaparatodoelmundo.com.ar\/?p=2132\",\"url\":\"https:\/\/bocaparatodoelmundo.com.ar\/?p=2132\",\"name\":\"\u00a1A ALENTAR A BOCA LLENA! - BOCA PARA TODO EL MUNDO\",\"isPartOf\":{\"@id\":\"https:\/\/bocaparatodoelmundo.com.ar\/#website\"},\"datePublished\":\"2023-09-27T13:59:27+00:00\",\"dateModified\":\"2023-09-27T13:59:30+00:00\",\"author\":{\"@id\":\"https:\/\/bocaparatodoelmundo.com.ar\/#\/schema\/person\/cc56d27ea9d37f4cea3636086a1847c5\"},\"breadcrumb\":{\"@id\":\"https:\/\/bocaparatodoelmundo.com.ar\/?p=2132#breadcrumb\"},\"inLanguage\":\"es-AR\",\"potentialAction\":[{\"@type\":\"ReadAction\",\"target\":[\"https:\/\/bocaparatodoelmundo.com.ar\/?p=2132\"]}]},{\"@type\":\"BreadcrumbList\",\"@id\":\"https:\/\/bocaparatodoelmundo.com.ar\/?p=2132#breadcrumb\",\"itemListElement\":[{\"@type\":\"ListItem\",\"position\":1,\"name\":\"Inicio\",\"item\":\"https:\/\/bocaparatodoelmundo.com.ar\/\"},{\"@type\":\"ListItem\",\"position\":2,\"name\":\"\u00a1A ALENTAR A BOCA LLENA!\"}]},{\"@type\":\"WebSite\",\"@id\":\"https:\/\/bocaparatodoelmundo.com.ar\/#website\",\"url\":\"https:\/\/bocaparatodoelmundo.com.ar\/\",\"name\":\"BOCA PARA TODO EL MUNDO\",\"description\":\"Toda la historia y actualidad del club atletico boca junios esta aqui\",\"potentialAction\":[{\"@type\":\"SearchAction\",\"target\":{\"@type\":\"EntryPoint\",\"urlTemplate\":\"https:\/\/bocaparatodoelmundo.com.ar\/?s={search_term_string}\"},\"query-input\":\"required name=search_term_string\"}],\"inLanguage\":\"es-AR\"},{\"@type\":\"Person\",\"@id\":\"https:\/\/bocaparatodoelmundo.com.ar\/#\/schema\/person\/cc56d27ea9d37f4cea3636086a1847c5\",\"name\":\"Redaccion BPTM\",\"image\":{\"@type\":\"ImageObject\",\"inLanguage\":\"es-AR\",\"@id\":\"https:\/\/bocaparatodoelmundo.com.ar\/#\/schema\/person\/image\/\",\"url\":\"https:\/\/secure.gravatar.com\/avatar\/3b62665b8c08843736974a055cc2398ba6bb7fd2fe787285105d666c418a7d13?s=96&d=mm&r=g\",\"contentUrl\":\"https:\/\/secure.gravatar.com\/avatar\/3b62665b8c08843736974a055cc2398ba6bb7fd2fe787285105d666c418a7d13?s=96&d=mm&r=g\",\"caption\":\"Redaccion BPTM\"},\"sameAs\":[\"http:\/\/bocaparatodoelmundo.com.ar\"],\"url\":\"https:\/\/bocaparatodoelmundo.com.ar\/?author=3\"}]}<\/script>\n<!-- \/ Yoast SEO plugin. -->","yoast_head_json":{"title":"\u00a1A ALENTAR A BOCA LLENA! - BOCA PARA TODO EL MUNDO","robots":{"index":"index","follow":"follow","max-snippet":"max-snippet:-1","max-image-preview":"max-image-preview:large","max-video-preview":"max-video-preview:-1"},"canonical":"https:\/\/bocaparatodoelmundo.com.ar\/?p=2132","og_locale":"es_ES","og_type":"article","og_title":"\u00a1A ALENTAR A BOCA LLENA! - BOCA PARA TODO EL MUNDO","og_description":"BOCA&nbsp;enfrentar\u00e1 este jueves a&nbsp;Palmeiras&nbsp;en la ida de la semifinal de la&nbsp;Copa Libertadores&nbsp;y la Bombonera estar\u00e1...","og_url":"https:\/\/bocaparatodoelmundo.com.ar\/?p=2132","og_site_name":"BOCA PARA TODO EL MUNDO","article_published_time":"2023-09-27T13:59:27+00:00","article_modified_time":"2023-09-27T13:59:30+00:00","og_image":[{"width":1024,"height":681,"url":"https:\/\/bocaparatodoelmundo.com.ar\/wp-content\/uploads\/2023\/09\/La-Bombonera-1.webp","type":"image\/webp"}],"author":"Redaccion BPTM","twitter_card":"summary_large_image","twitter_misc":{"Escrito por":"Redaccion BPTM","Tiempo de lectura":"2 minutos"},"schema":{"@context":"https:\/\/schema.org","@graph":[{"@type":"WebPage","@id":"https:\/\/bocaparatodoelmundo.com.ar\/?p=2132","url":"https:\/\/bocaparatodoelmundo.com.ar\/?p=2132","name":"\u00a1A ALENTAR A BOCA LLENA! - BOCA PARA TODO EL MUNDO","isPartOf":{"@id":"https:\/\/bocaparatodoelmundo.com.ar\/#website"},"datePublished":"2023-09-27T13:59:27+00:00","dateModified":"2023-09-27T13:59:30+00:00","author":{"@id":"https:\/\/bocaparatodoelmundo.com.ar\/#\/schema\/person\/cc56d27ea9d37f4cea3636086a1847c5"},"breadcrumb":{"@id":"https:\/\/bocaparatodoelmundo.com.ar\/?p=2132#breadcrumb"},"inLanguage":"es-AR","potentialAction":[{"@type":"ReadAction","target":["https:\/\/bocaparatodoelmundo.com.ar\/?p=2132"]}]},{"@type":"BreadcrumbList","@id":"https:\/\/bocaparatodoelmundo.com.ar\/?p=2132#breadcrumb","itemListElement":[{"@type":"ListItem","position":1,"name":"Inicio","item":"https:\/\/bocaparatodoelmundo.com.ar\/"},{"@type":"ListItem","position":2,"name":"\u00a1A ALENTAR A BOCA LLENA!"}]},{"@type":"WebSite","@id":"https:\/\/bocaparatodoelmundo.com.ar\/#website","url":"https:\/\/bocaparatodoelmundo.com.ar\/","name":"BOCA PARA TODO EL MUNDO","description":"Toda la historia y actualidad del club atletico boca junios esta aqui","potentialAction":[{"@type":"SearchAction","target":{"@type":"EntryPoint","urlTemplate":"https:\/\/bocaparatodoelmundo.com.ar\/?s={search_term_string}"},"query-input":"required name=search_term_string"}],"inLanguage":"es-AR"},{"@type":"Person","@id":"https:\/\/bocaparatodoelmundo.com.ar\/#\/schema\/person\/cc56d27ea9d37f4cea3636086a1847c5","name":"Redaccion BPTM","image":{"@type":"ImageObject","inLanguage":"es-AR","@id":"https:\/\/bocaparatodoelmundo.com.ar\/#\/schema\/person\/image\/","url":"https:\/\/secure.gravatar.com\/avatar\/3b62665b8c08843736974a055cc2398ba6bb7fd2fe787285105d666c418a7d13?s=96&d=mm&r=g","contentUrl":"https:\/\/secure.gravatar.com\/avatar\/3b62665b8c08843736974a055cc2398ba6bb7fd2fe787285105d666c418a7d13?s=96&d=mm&r=g","caption":"Redaccion BPTM"},"sameAs":["http:\/\/bocaparatodoelmundo.com.ar"],"url":"https:\/\/bocaparatodoelmundo.com.ar\/?author=3"}]}},"_links":{"self":[{"href":"https:\/\/bocaparatodoelmundo.com.ar\/index.php?rest_route=\/wp\/v2\/posts\/2132","targetHints":{"allow":["GET"]}}],"collection":[{"href":"https:\/\/bocaparatodoelmundo.com.ar\/index.php?rest_route=\/wp\/v2\/posts"}],"about":[{"href":"https:\/\/bocaparatodoelmundo.com.ar\/index.php?rest_route=\/wp\/v2\/types\/post"}],"author":[{"embeddable":true,"href":"https:\/\/bocaparatodoelmundo.com.ar\/index.php?rest_route=\/wp\/v2\/users\/3"}],"replies":[{"embeddable":true,"href":"https:\/\/bocaparatodoelmundo.com.ar\/index.php?rest_route=%2Fwp%2Fv2%2Fcomments&post=2132"}],"version-history":[{"count":1,"href":"https:\/\/bocaparatodoelmundo.com.ar\/index.php?rest_route=\/wp\/v2\/posts\/2132\/revisions"}],"predecessor-version":[{"id":2134,"href":"https:\/\/bocaparatodoelmundo.com.ar\/index.php?rest_route=\/wp\/v2\/posts\/2132\/revisions\/2134"}],"wp:featuredmedia":[{"embeddable":true,"href":"https:\/\/bocaparatodoelmundo.com.ar\/index.php?rest_route=\/wp\/v2\/media\/2133"}],"wp:attachment":[{"href":"https:\/\/bocaparatodoelmundo.com.ar\/index.php?rest_route=%2Fwp%2Fv2%2Fmedia&parent=2132"}],"wp:term":[{"taxonomy":"category","embeddable":true,"href":"https:\/\/bocaparatodoelmundo.com.ar\/index.php?rest_route=%2Fwp%2Fv2%2Fcategories&post=2132"},{"taxonomy":"post_tag","embeddable":true,"href":"https:\/\/bocaparatodoelmundo.com.ar\/index.php?rest_route=%2Fwp%2Fv2%2Ftags&post=2132"}],"curies":[{"name":"wp","href":"https:\/\/api.w.org\/{rel}","templated":true}]}}