{"id":2122,"date":"2023-09-26T17:56:49","date_gmt":"2023-09-26T20:56:49","guid":{"rendered":"https:\/\/bocaparatodoelmundo.com.ar\/?p=2122"},"modified":"2023-09-26T17:56:52","modified_gmt":"2023-09-26T20:56:52","slug":"con-janson-sin-barco-la-practica-de-hoy-en-ezeiza","status":"publish","type":"post","link":"https:\/\/bocaparatodoelmundo.com.ar\/?p=2122","title":{"rendered":"Con Janson, sin Barco: la pr\u00e1ctica de hoy en Ezeiza"},"content":{"rendered":"\n<h4 class=\"wp-block-heading\">Jorge Almir\u00f3n prob\u00f3 sin la joya xeneize entre los once para el cruce clave ante Palmeiras.<\/h4>\n\n\n\n<p>El entrenador Xeneize pate\u00f3 el tablero. Al menos este martes en el entrenamiento en Boca Predio\u00a0<strong>ensay\u00f3 un once sin Valent\u00edn Barco.<\/strong><\/p>\n\n\n\n<p><strong>El equipo que par\u00f3 fue un 4-3-3<\/strong>, aunque tambi\u00e9n antes de la pr\u00e1ctica se barajaba la chance de una probable l\u00ednea de cinco con&nbsp;<strong>el eventual ingreso de Valentini<\/strong>&nbsp;como tercer central.<\/p>\n\n\n\n<p>El armado fue el siguiente:<strong><\/strong><strong>Romero; Blondel, Figal, Rojo, Fabra; Pol Fern\u00e1ndez, Equi Gonz\u00e1lez, Cristian Medina; Adv\u00edncula, Cavani y Janson.<\/strong><\/p>\n\n\n\n<p><img decoding=\"async\" src=\"https:\/\/www.elgrafico.com.ar\/media\/cache\/pub_news_details_large\/media\/i\/d0\/c8\/d0c89b8cbc5d86fb2ae47b98459515b95fe43673.jpeg\" alt=\"Imagen Valent\u00edn Barco no fue parte del once pensando en Palmeiras.\"><\/p>\n\n\n\n<p><strong>Valent\u00edn Barco no fue parte del once pensando en Palmeiras.<\/strong><strong>Las grandes&nbsp;novedades, m\u00e1s all\u00e1 de la ausencia de Barco, fueron el ingreso de Blondel en el lateral derecho&nbsp;y la inclusi\u00f3n de Janson como&nbsp;extremo izquierdo.<\/strong><\/p>\n\n\n\n<p>El plantel volver\u00e1 a los entrenamientos ma\u00f1ana desde las 9 en Ezeiza y luego a la noche quedar\u00e1 concentrado en un hotel del barrio de Monserrat.<\/p>\n\n\n\n<p><strong>Desde hoy a las 14, en el sitio soysocio.com, los socios activos podr\u00e1n reservar su lugar para el partido ante Palmeiras y el mi\u00e9rcoles desde las 14 lo har\u00e1n los socios adherentes<\/strong>, ambos con cuotas al d\u00eda y sin pagar ning\u00fan recargo. Abonados y vitalicios ingresar\u00e1n de la manera habitual con sus carnets correspondientes.<\/p>\n\n\n\n<p><strong>El sector Sur alta estar\u00e1 ocupado por los 2.200 hinchas de Palmeiras que por reglamento habilita la Conmebol, que estar\u00e1n divididos por un pulm\u00f3n con los simpatizantes locales.<\/strong><\/p>\n\n\n\n<p><strong>El estadio ser\u00e1 abierto a las 18.30<\/strong>, tres horas antes del comienzo del partido, y el operativo de seguridad contar\u00e1 con cerca de mil efectivos.<\/p>\n\n\n\n<p>Boca juega de local en La Bombonera el pr\u00f3ximo jueves ante Palmeiras, por el encuentro de ida por una de las semifinales de la Copa Libertadores, con el arbitraje del colombiano Wilmar Rold\u00e1n. El desquite se program\u00f3 para el jueves 5 de octubre, en el Allianz Parque de San Pablo.<\/p>\n","protected":false},"excerpt":{"rendered":"<p>Jorge Almir\u00f3n prob\u00f3 sin la joya xeneize entre los once para el cruce clave ante&#8230;<\/p>\n","protected":false},"author":2,"featured_media":2123,"comment_status":"open","ping_status":"open","sticky":false,"template":"","format":"standard","meta":{"footnotes":""},"categories":[38],"tags":[],"class_list":["post-2122","post","type-post","status-publish","format-standard","has-post-thumbnail","hentry","category-copa-libertadores"],"yoast_head":"<!-- This site is optimized with the Yoast SEO plugin v21.4 - https:\/\/yoast.com\/wordpress\/plugins\/seo\/ -->\n<title>Con Janson, sin Barco: la pr\u00e1ctica de hoy en Ezeiza - BOCA PARA TODO EL MUNDO<\/title>\n<meta name=\"robots\" content=\"index, follow, max-snippet:-1, max-image-preview:large, max-video-preview:-1\" \/>\n<link rel=\"canonical\" href=\"https:\/\/bocaparatodoelmundo.com.ar\/?p=2122\" \/>\n<meta property=\"og:locale\" content=\"es_ES\" \/>\n<meta property=\"og:type\" content=\"article\" \/>\n<meta property=\"og:title\" content=\"Con Janson, sin Barco: la pr\u00e1ctica de hoy en Ezeiza - BOCA PARA TODO EL MUNDO\" \/>\n<meta property=\"og:description\" content=\"Jorge Almir\u00f3n prob\u00f3 sin la joya xeneize entre los once para el cruce clave ante...\" \/>\n<meta property=\"og:url\" content=\"https:\/\/bocaparatodoelmundo.com.ar\/?p=2122\" \/>\n<meta property=\"og:site_name\" content=\"BOCA PARA TODO EL MUNDO\" \/>\n<meta property=\"article:published_time\" content=\"2023-09-26T20:56:49+00:00\" \/>\n<meta property=\"article:modified_time\" content=\"2023-09-26T20:56:52+00:00\" \/>\n<meta property=\"og:image\" content=\"https:\/\/bocaparatodoelmundo.com.ar\/wp-content\/uploads\/2023\/09\/download-54.jpg\" \/>\n\t<meta property=\"og:image:width\" content=\"290\" \/>\n\t<meta property=\"og:image:height\" content=\"174\" \/>\n\t<meta property=\"og:image:type\" content=\"image\/jpeg\" \/>\n<meta name=\"author\" content=\"Mart\u00edn Ripari\" \/>\n<meta name=\"twitter:card\" content=\"summary_large_image\" \/>\n<meta name=\"twitter:label1\" content=\"Escrito por\" \/>\n\t<meta name=\"twitter:data1\" content=\"Mart\u00edn Ripari\" \/>\n\t<meta name=\"twitter:label2\" content=\"Tiempo de lectura\" \/>\n\t<meta name=\"twitter:data2\" content=\"2 minutos\" \/>\n<script type=\"application\/ld+json\" class=\"yoast-schema-graph\">{\"@context\":\"https:\/\/schema.org\",\"@graph\":[{\"@type\":\"WebPage\",\"@id\":\"https:\/\/bocaparatodoelmundo.com.ar\/?p=2122\",\"url\":\"https:\/\/bocaparatodoelmundo.com.ar\/?p=2122\",\"name\":\"Con Janson, sin Barco: la pr\u00e1ctica de hoy en Ezeiza - BOCA PARA TODO EL MUNDO\",\"isPartOf\":{\"@id\":\"https:\/\/bocaparatodoelmundo.com.ar\/#website\"},\"datePublished\":\"2023-09-26T20:56:49+00:00\",\"dateModified\":\"2023-09-26T20:56:52+00:00\",\"author\":{\"@id\":\"https:\/\/bocaparatodoelmundo.com.ar\/#\/schema\/person\/c7c150fa1e2772333c5e6c002e15afaf\"},\"breadcrumb\":{\"@id\":\"https:\/\/bocaparatodoelmundo.com.ar\/?p=2122#breadcrumb\"},\"inLanguage\":\"es-AR\",\"potentialAction\":[{\"@type\":\"ReadAction\",\"target\":[\"https:\/\/bocaparatodoelmundo.com.ar\/?p=2122\"]}]},{\"@type\":\"BreadcrumbList\",\"@id\":\"https:\/\/bocaparatodoelmundo.com.ar\/?p=2122#breadcrumb\",\"itemListElement\":[{\"@type\":\"ListItem\",\"position\":1,\"name\":\"Inicio\",\"item\":\"https:\/\/bocaparatodoelmundo.com.ar\/\"},{\"@type\":\"ListItem\",\"position\":2,\"name\":\"Con Janson, sin Barco: la pr\u00e1ctica de hoy en Ezeiza\"}]},{\"@type\":\"WebSite\",\"@id\":\"https:\/\/bocaparatodoelmundo.com.ar\/#website\",\"url\":\"https:\/\/bocaparatodoelmundo.com.ar\/\",\"name\":\"BOCA PARA TODO EL MUNDO\",\"description\":\"Toda la historia y actualidad del club atletico boca junios esta aqui\",\"potentialAction\":[{\"@type\":\"SearchAction\",\"target\":{\"@type\":\"EntryPoint\",\"urlTemplate\":\"https:\/\/bocaparatodoelmundo.com.ar\/?s={search_term_string}\"},\"query-input\":\"required name=search_term_string\"}],\"inLanguage\":\"es-AR\"},{\"@type\":\"Person\",\"@id\":\"https:\/\/bocaparatodoelmundo.com.ar\/#\/schema\/person\/c7c150fa1e2772333c5e6c002e15afaf\",\"name\":\"Mart\u00edn Ripari\",\"image\":{\"@type\":\"ImageObject\",\"inLanguage\":\"es-AR\",\"@id\":\"https:\/\/bocaparatodoelmundo.com.ar\/#\/schema\/person\/image\/\",\"url\":\"https:\/\/secure.gravatar.com\/avatar\/0db7df26707fd8adc2b24ae87259322b0aea8d9eaf092366b1d208b0b180ee7e?s=96&d=mm&r=g\",\"contentUrl\":\"https:\/\/secure.gravatar.com\/avatar\/0db7df26707fd8adc2b24ae87259322b0aea8d9eaf092366b1d208b0b180ee7e?s=96&d=mm&r=g\",\"caption\":\"Mart\u00edn Ripari\"},\"url\":\"https:\/\/bocaparatodoelmundo.com.ar\/?author=2\"}]}<\/script>\n<!-- \/ Yoast SEO plugin. -->","yoast_head_json":{"title":"Con Janson, sin Barco: la pr\u00e1ctica de hoy en Ezeiza - BOCA PARA TODO EL MUNDO","robots":{"index":"index","follow":"follow","max-snippet":"max-snippet:-1","max-image-preview":"max-image-preview:large","max-video-preview":"max-video-preview:-1"},"canonical":"https:\/\/bocaparatodoelmundo.com.ar\/?p=2122","og_locale":"es_ES","og_type":"article","og_title":"Con Janson, sin Barco: la pr\u00e1ctica de hoy en Ezeiza - BOCA PARA TODO EL MUNDO","og_description":"Jorge Almir\u00f3n prob\u00f3 sin la joya xeneize entre los once para el cruce clave ante...","og_url":"https:\/\/bocaparatodoelmundo.com.ar\/?p=2122","og_site_name":"BOCA PARA TODO EL MUNDO","article_published_time":"2023-09-26T20:56:49+00:00","article_modified_time":"2023-09-26T20:56:52+00:00","og_image":[{"width":290,"height":174,"url":"https:\/\/bocaparatodoelmundo.com.ar\/wp-content\/uploads\/2023\/09\/download-54.jpg","type":"image\/jpeg"}],"author":"Mart\u00edn Ripari","twitter_card":"summary_large_image","twitter_misc":{"Escrito por":"Mart\u00edn Ripari","Tiempo de lectura":"2 minutos"},"schema":{"@context":"https:\/\/schema.org","@graph":[{"@type":"WebPage","@id":"https:\/\/bocaparatodoelmundo.com.ar\/?p=2122","url":"https:\/\/bocaparatodoelmundo.com.ar\/?p=2122","name":"Con Janson, sin Barco: la pr\u00e1ctica de hoy en Ezeiza - BOCA PARA TODO EL MUNDO","isPartOf":{"@id":"https:\/\/bocaparatodoelmundo.com.ar\/#website"},"datePublished":"2023-09-26T20:56:49+00:00","dateModified":"2023-09-26T20:56:52+00:00","author":{"@id":"https:\/\/bocaparatodoelmundo.com.ar\/#\/schema\/person\/c7c150fa1e2772333c5e6c002e15afaf"},"breadcrumb":{"@id":"https:\/\/bocaparatodoelmundo.com.ar\/?p=2122#breadcrumb"},"inLanguage":"es-AR","potentialAction":[{"@type":"ReadAction","target":["https:\/\/bocaparatodoelmundo.com.ar\/?p=2122"]}]},{"@type":"BreadcrumbList","@id":"https:\/\/bocaparatodoelmundo.com.ar\/?p=2122#breadcrumb","itemListElement":[{"@type":"ListItem","position":1,"name":"Inicio","item":"https:\/\/bocaparatodoelmundo.com.ar\/"},{"@type":"ListItem","position":2,"name":"Con Janson, sin Barco: la pr\u00e1ctica de hoy en Ezeiza"}]},{"@type":"WebSite","@id":"https:\/\/bocaparatodoelmundo.com.ar\/#website","url":"https:\/\/bocaparatodoelmundo.com.ar\/","name":"BOCA PARA TODO EL MUNDO","description":"Toda la historia y actualidad del club atletico boca junios esta aqui","potentialAction":[{"@type":"SearchAction","target":{"@type":"EntryPoint","urlTemplate":"https:\/\/bocaparatodoelmundo.com.ar\/?s={search_term_string}"},"query-input":"required name=search_term_string"}],"inLanguage":"es-AR"},{"@type":"Person","@id":"https:\/\/bocaparatodoelmundo.com.ar\/#\/schema\/person\/c7c150fa1e2772333c5e6c002e15afaf","name":"Mart\u00edn Ripari","image":{"@type":"ImageObject","inLanguage":"es-AR","@id":"https:\/\/bocaparatodoelmundo.com.ar\/#\/schema\/person\/image\/","url":"https:\/\/secure.gravatar.com\/avatar\/0db7df26707fd8adc2b24ae87259322b0aea8d9eaf092366b1d208b0b180ee7e?s=96&d=mm&r=g","contentUrl":"https:\/\/secure.gravatar.com\/avatar\/0db7df26707fd8adc2b24ae87259322b0aea8d9eaf092366b1d208b0b180ee7e?s=96&d=mm&r=g","caption":"Mart\u00edn Ripari"},"url":"https:\/\/bocaparatodoelmundo.com.ar\/?author=2"}]}},"_links":{"self":[{"href":"https:\/\/bocaparatodoelmundo.com.ar\/index.php?rest_route=\/wp\/v2\/posts\/2122","targetHints":{"allow":["GET"]}}],"collection":[{"href":"https:\/\/bocaparatodoelmundo.com.ar\/index.php?rest_route=\/wp\/v2\/posts"}],"about":[{"href":"https:\/\/bocaparatodoelmundo.com.ar\/index.php?rest_route=\/wp\/v2\/types\/post"}],"author":[{"embeddable":true,"href":"https:\/\/bocaparatodoelmundo.com.ar\/index.php?rest_route=\/wp\/v2\/users\/2"}],"replies":[{"embeddable":true,"href":"https:\/\/bocaparatodoelmundo.com.ar\/index.php?rest_route=%2Fwp%2Fv2%2Fcomments&post=2122"}],"version-history":[{"count":1,"href":"https:\/\/bocaparatodoelmundo.com.ar\/index.php?rest_route=\/wp\/v2\/posts\/2122\/revisions"}],"predecessor-version":[{"id":2124,"href":"https:\/\/bocaparatodoelmundo.com.ar\/index.php?rest_route=\/wp\/v2\/posts\/2122\/revisions\/2124"}],"wp:featuredmedia":[{"embeddable":true,"href":"https:\/\/bocaparatodoelmundo.com.ar\/index.php?rest_route=\/wp\/v2\/media\/2123"}],"wp:attachment":[{"href":"https:\/\/bocaparatodoelmundo.com.ar\/index.php?rest_route=%2Fwp%2Fv2%2Fmedia&parent=2122"}],"wp:term":[{"taxonomy":"category","embeddable":true,"href":"https:\/\/bocaparatodoelmundo.com.ar\/index.php?rest_route=%2Fwp%2Fv2%2Fcategories&post=2122"},{"taxonomy":"post_tag","embeddable":true,"href":"https:\/\/bocaparatodoelmundo.com.ar\/index.php?rest_route=%2Fwp%2Fv2%2Ftags&post=2122"}],"curies":[{"name":"wp","href":"https:\/\/api.w.org\/{rel}","templated":true}]}}