{"id":2082,"date":"2023-09-15T21:32:00","date_gmt":"2023-09-16T00:32:00","guid":{"rendered":"https:\/\/bocaparatodoelmundo.com.ar\/?p=2082"},"modified":"2023-09-16T18:07:20","modified_gmt":"2023-09-16T21:07:20","slug":"dolorosa-derrota-en-varela","status":"publish","type":"post","link":"https:\/\/bocaparatodoelmundo.com.ar\/?p=2082","title":{"rendered":"Dolorosa derrota en Varela"},"content":{"rendered":"\n<h4 class=\"wp-block-heading\"><strong><a href=\"https:\/\/www.lmneuquen.com\/deportes\/el-micro-boca-fue-apedreado-su-llegada-la-cancha-defensa-y-justicia-n1057054\" target=\"_blank\" rel=\"noreferrer noopener\">Boca<\/a><\/strong>&nbsp;lleg\u00f3 a Varela para enfrentar a&nbsp;<strong>Defensa y Justicia<\/strong>&nbsp;con una formaci\u00f3n &#8216;estelar&#8217;: los ideales para&nbsp;<strong>Jorge Almir\u00f3n<\/strong>, con la excepci\u00f3n de&nbsp;<strong>Sergio Romero<\/strong>, estuvieron presentes. Si bien el Xeneize se plant\u00f3 como protagonista en el inicio,&nbsp;<strong>cay\u00f3 por 1 a 0&nbsp;<\/strong>ante el Halc\u00f3n que no cometi\u00f3 errores.<\/h4>\n\n\n\n<p>De esta forma, el club de la Ribera sum\u00f3 su tercera derrota al hilo en la&nbsp;<strong>Copa de la Liga Profesional<\/strong>, ya que en la tercera jornada hab\u00eda ca\u00eddo ante&nbsp;<strong>Tigre&nbsp;<\/strong>en&nbsp;<strong>La Bombonera<\/strong>&nbsp;y contra&nbsp;<strong>Sarmiento&nbsp;<\/strong>en&nbsp;<strong>Jun\u00edn&nbsp;<\/strong>con el mismo resultado en contra. Tras este partido, los de Almir\u00f3n se ubican en la posici\u00f3n 12 de 14 equipos en la Zona B, con un saldo de tan solo 3 unidades. En la tabla anual quedaron quintos, fuera de la zona de clasificaci\u00f3n a la&nbsp;<strong>Copa Libertadores 2024<\/strong>.<\/p>\n\n\n\n<p>El dominio de Boca, con un Valent\u00edn Barco iluminado, dur\u00f3 tan solo 20 minutos. Durante ese tramo del juego tuvo situaciones claras que no pudo concretar. En una contra y tras un pase de Edinson Cavani, el puntero izquierdo logr\u00f3 ubicar la pelota por debajo de Bologna pero un defensor la despej\u00f3 en la l\u00ednea. Segundos despu\u00e9s, Javier Garc\u00eda salv\u00f3 el arco Xeneize en un minuto de alto vuelo para el encuentro.<\/p>\n\n\n\n<p>Defensa fue superior, sin tener la pelota, en los \u00faltimos minutos de la primera etapa. La presi\u00f3n hizo efecto y el Halc\u00f3n tuvo situaciones importantes que requirieron la reacci\u00f3n de Garc\u00eda. Boca, ubicado en ataque, cometi\u00f3 errores defensivos que permitieron al local convertir el 1 a 0 gracias a&nbsp;<strong>Uvita Fern\u00e1ndez<\/strong>, luego de una gran asistencia de&nbsp;<strong>Gast\u00f3n Togni<\/strong>.<\/p>\n\n\n\n<p>En el inicio de la segunda parte, Barco tuvo el empate pero no pudo darle direcci\u00f3n y defini\u00f3 a las manos del arquero. En los siguientes minutos, el equipo visitante no pudo ser incisivo y los de Varela cuidaron la ventaja. Para aumentar la profundidad, Almir\u00f3n decidi\u00f3 los ingresos de&nbsp;<strong>Exequiel Zeballos<\/strong>&nbsp;y&nbsp;<strong>Lucas Janson<\/strong>.<\/p>\n\n\n\n<p>A pesar de los cambios, el juego se termin\u00f3 para los de azul y oro tras la salida de Barco, que debi\u00f3 retirarse luego de un codazo que le propicio Juli\u00e1n L\u00f3pez. Su mejor jugador no pudo continuar a pesar de la insistencia, producto de un corte en su p\u00f3mulo. Tras volcarse al ataque de forma desesperada, no tuvo situaciones claras para convertir el empate.<\/p>\n\n\n\n<p>La principal preocupaci\u00f3n para Almir\u00f3n estar\u00e1 ahora en la zona defensiva, que mostr\u00f3 desatenciones recurrentes. Adem\u00e1s, la falta de efectividad es un asunto que se volvi\u00f3 recurrente: Boca convirti\u00f3 tan solo 2 goles en sus \u00faltimos 6 partidos. La oportunidad para recuperarse ser\u00e1 el pr\u00f3ximo&nbsp;<strong>martes 19 de septiembre<\/strong>, desde las&nbsp;<strong>18.45<\/strong>, ante&nbsp;<strong>Central C\u00f3rdoba<\/strong>&nbsp;en&nbsp;<strong>Santiago del Estero<\/strong>.<\/p>\n\n\n\n<p><strong>Incidencias<\/strong><\/p>\n\n\n\n<p>Amonestados: 28\u2019 Weigandt (B), 31\u2019 Sant\u2019Anna (D), 36\u2019 Fern\u00e1ndez (B). 81\u2019 Bullaude (B).<\/p>\n\n\n\n<p>Goles: 46\u2019 Fern\u00e1ndez (D).<\/p>\n\n\n\n<p>Cambios: 14\u2019 Weigandt por Zeballos y Fern\u00e1ndez por Janson. 66\u2019 Barco por Bullaude. 77\u2019 Benedetto por Medina. (Boca)<\/p>\n\n\n\n<p>72\u2019 Duarte por Barbona. 81\u2019 Castellani por Solari. 89\u2019 Fern\u00e1ndez por Pratto. 89\u2019 Togni por C\u00e1ceres. (DyJ)<\/p>\n\n\n\n<p><strong>Formaciones<\/strong><\/p>\n\n\n\n<p>Boca: Javier Garc\u00eda; Marcelo Weigandt, Nicol\u00e1s Figal, Marcos Rojo, Frank Fabra; Luis Adv\u00edncula, Cristian Medina, Pol Fern\u00e1ndez, Equi Fern\u00e1ndez, Valent\u00edn Barco; Edinson Cavani.<\/p>\n\n\n\n<p>Defensa y Justicia: Enrique Bologna; Agust\u00edn Sant&#8217;Anna, Juli\u00e1n Malatini, Santiago Ramos Mingo, Alexis Soto; Nicol\u00e1s Tripicchio, Juli\u00e1n L\u00f3pez, David Barbona; Santiago Solari, Nicol\u00e1s Fern\u00e1ndez, Gast\u00f3n Togni.<\/p>\n","protected":false},"excerpt":{"rendered":"<p>Boca&nbsp;lleg\u00f3 a Varela para enfrentar a&nbsp;Defensa y Justicia&nbsp;con una formaci\u00f3n &#8216;estelar&#8217;: los ideales para&nbsp;Jorge Almir\u00f3n,&#8230;<\/p>\n","protected":false},"author":3,"featured_media":2083,"comment_status":"open","ping_status":"open","sticky":false,"template":"","format":"standard","meta":{"footnotes":""},"categories":[4],"tags":[],"class_list":["post-2082","post","type-post","status-publish","format-standard","has-post-thumbnail","hentry","category-primera-division-masculina"],"yoast_head":"<!-- This site is optimized with the Yoast SEO plugin v21.4 - https:\/\/yoast.com\/wordpress\/plugins\/seo\/ -->\n<title>Dolorosa derrota en Varela - BOCA PARA TODO EL MUNDO<\/title>\n<meta name=\"robots\" content=\"index, follow, max-snippet:-1, max-image-preview:large, max-video-preview:-1\" \/>\n<link rel=\"canonical\" href=\"https:\/\/bocaparatodoelmundo.com.ar\/?p=2082\" \/>\n<meta property=\"og:locale\" content=\"es_ES\" \/>\n<meta property=\"og:type\" content=\"article\" \/>\n<meta property=\"og:title\" content=\"Dolorosa derrota en Varela - BOCA PARA TODO EL MUNDO\" \/>\n<meta property=\"og:description\" content=\"Boca&nbsp;lleg\u00f3 a Varela para enfrentar a&nbsp;Defensa y Justicia&nbsp;con una formaci\u00f3n &#8216;estelar&#8217;: los ideales para&nbsp;Jorge Almir\u00f3n,...\" \/>\n<meta property=\"og:url\" content=\"https:\/\/bocaparatodoelmundo.com.ar\/?p=2082\" \/>\n<meta property=\"og:site_name\" content=\"BOCA PARA TODO EL MUNDO\" \/>\n<meta property=\"article:published_time\" content=\"2023-09-16T00:32:00+00:00\" \/>\n<meta property=\"article:modified_time\" content=\"2023-09-16T21:07:20+00:00\" \/>\n<meta property=\"og:image\" content=\"https:\/\/bocaparatodoelmundo.com.ar\/wp-content\/uploads\/2023\/09\/lg.webp\" \/>\n\t<meta property=\"og:image:width\" content=\"1200\" \/>\n\t<meta property=\"og:image:height\" content=\"676\" \/>\n\t<meta property=\"og:image:type\" content=\"image\/webp\" \/>\n<meta name=\"author\" content=\"Redaccion BPTM\" \/>\n<meta name=\"twitter:card\" content=\"summary_large_image\" \/>\n<meta name=\"twitter:label1\" content=\"Escrito por\" \/>\n\t<meta name=\"twitter:data1\" content=\"Redaccion BPTM\" \/>\n\t<meta name=\"twitter:label2\" content=\"Tiempo de lectura\" \/>\n\t<meta name=\"twitter:data2\" content=\"3 minutos\" \/>\n<script type=\"application\/ld+json\" class=\"yoast-schema-graph\">{\"@context\":\"https:\/\/schema.org\",\"@graph\":[{\"@type\":\"WebPage\",\"@id\":\"https:\/\/bocaparatodoelmundo.com.ar\/?p=2082\",\"url\":\"https:\/\/bocaparatodoelmundo.com.ar\/?p=2082\",\"name\":\"Dolorosa derrota en Varela - BOCA PARA TODO EL MUNDO\",\"isPartOf\":{\"@id\":\"https:\/\/bocaparatodoelmundo.com.ar\/#website\"},\"datePublished\":\"2023-09-16T00:32:00+00:00\",\"dateModified\":\"2023-09-16T21:07:20+00:00\",\"author\":{\"@id\":\"https:\/\/bocaparatodoelmundo.com.ar\/#\/schema\/person\/cc56d27ea9d37f4cea3636086a1847c5\"},\"breadcrumb\":{\"@id\":\"https:\/\/bocaparatodoelmundo.com.ar\/?p=2082#breadcrumb\"},\"inLanguage\":\"es-AR\",\"potentialAction\":[{\"@type\":\"ReadAction\",\"target\":[\"https:\/\/bocaparatodoelmundo.com.ar\/?p=2082\"]}]},{\"@type\":\"BreadcrumbList\",\"@id\":\"https:\/\/bocaparatodoelmundo.com.ar\/?p=2082#breadcrumb\",\"itemListElement\":[{\"@type\":\"ListItem\",\"position\":1,\"name\":\"Inicio\",\"item\":\"https:\/\/bocaparatodoelmundo.com.ar\/\"},{\"@type\":\"ListItem\",\"position\":2,\"name\":\"Dolorosa derrota en Varela\"}]},{\"@type\":\"WebSite\",\"@id\":\"https:\/\/bocaparatodoelmundo.com.ar\/#website\",\"url\":\"https:\/\/bocaparatodoelmundo.com.ar\/\",\"name\":\"BOCA PARA TODO EL MUNDO\",\"description\":\"Toda la historia y actualidad del club atletico boca junios esta aqui\",\"potentialAction\":[{\"@type\":\"SearchAction\",\"target\":{\"@type\":\"EntryPoint\",\"urlTemplate\":\"https:\/\/bocaparatodoelmundo.com.ar\/?s={search_term_string}\"},\"query-input\":\"required name=search_term_string\"}],\"inLanguage\":\"es-AR\"},{\"@type\":\"Person\",\"@id\":\"https:\/\/bocaparatodoelmundo.com.ar\/#\/schema\/person\/cc56d27ea9d37f4cea3636086a1847c5\",\"name\":\"Redaccion BPTM\",\"image\":{\"@type\":\"ImageObject\",\"inLanguage\":\"es-AR\",\"@id\":\"https:\/\/bocaparatodoelmundo.com.ar\/#\/schema\/person\/image\/\",\"url\":\"https:\/\/secure.gravatar.com\/avatar\/3b62665b8c08843736974a055cc2398ba6bb7fd2fe787285105d666c418a7d13?s=96&d=mm&r=g\",\"contentUrl\":\"https:\/\/secure.gravatar.com\/avatar\/3b62665b8c08843736974a055cc2398ba6bb7fd2fe787285105d666c418a7d13?s=96&d=mm&r=g\",\"caption\":\"Redaccion BPTM\"},\"sameAs\":[\"http:\/\/bocaparatodoelmundo.com.ar\"],\"url\":\"https:\/\/bocaparatodoelmundo.com.ar\/?author=3\"}]}<\/script>\n<!-- \/ Yoast SEO plugin. -->","yoast_head_json":{"title":"Dolorosa derrota en Varela - BOCA PARA TODO EL MUNDO","robots":{"index":"index","follow":"follow","max-snippet":"max-snippet:-1","max-image-preview":"max-image-preview:large","max-video-preview":"max-video-preview:-1"},"canonical":"https:\/\/bocaparatodoelmundo.com.ar\/?p=2082","og_locale":"es_ES","og_type":"article","og_title":"Dolorosa derrota en Varela - BOCA PARA TODO EL MUNDO","og_description":"Boca&nbsp;lleg\u00f3 a Varela para enfrentar a&nbsp;Defensa y Justicia&nbsp;con una formaci\u00f3n &#8216;estelar&#8217;: los ideales para&nbsp;Jorge Almir\u00f3n,...","og_url":"https:\/\/bocaparatodoelmundo.com.ar\/?p=2082","og_site_name":"BOCA PARA TODO EL MUNDO","article_published_time":"2023-09-16T00:32:00+00:00","article_modified_time":"2023-09-16T21:07:20+00:00","og_image":[{"width":1200,"height":676,"url":"https:\/\/bocaparatodoelmundo.com.ar\/wp-content\/uploads\/2023\/09\/lg.webp","type":"image\/webp"}],"author":"Redaccion BPTM","twitter_card":"summary_large_image","twitter_misc":{"Escrito por":"Redaccion BPTM","Tiempo de lectura":"3 minutos"},"schema":{"@context":"https:\/\/schema.org","@graph":[{"@type":"WebPage","@id":"https:\/\/bocaparatodoelmundo.com.ar\/?p=2082","url":"https:\/\/bocaparatodoelmundo.com.ar\/?p=2082","name":"Dolorosa derrota en Varela - BOCA PARA TODO EL MUNDO","isPartOf":{"@id":"https:\/\/bocaparatodoelmundo.com.ar\/#website"},"datePublished":"2023-09-16T00:32:00+00:00","dateModified":"2023-09-16T21:07:20+00:00","author":{"@id":"https:\/\/bocaparatodoelmundo.com.ar\/#\/schema\/person\/cc56d27ea9d37f4cea3636086a1847c5"},"breadcrumb":{"@id":"https:\/\/bocaparatodoelmundo.com.ar\/?p=2082#breadcrumb"},"inLanguage":"es-AR","potentialAction":[{"@type":"ReadAction","target":["https:\/\/bocaparatodoelmundo.com.ar\/?p=2082"]}]},{"@type":"BreadcrumbList","@id":"https:\/\/bocaparatodoelmundo.com.ar\/?p=2082#breadcrumb","itemListElement":[{"@type":"ListItem","position":1,"name":"Inicio","item":"https:\/\/bocaparatodoelmundo.com.ar\/"},{"@type":"ListItem","position":2,"name":"Dolorosa derrota en Varela"}]},{"@type":"WebSite","@id":"https:\/\/bocaparatodoelmundo.com.ar\/#website","url":"https:\/\/bocaparatodoelmundo.com.ar\/","name":"BOCA PARA TODO EL MUNDO","description":"Toda la historia y actualidad del club atletico boca junios esta aqui","potentialAction":[{"@type":"SearchAction","target":{"@type":"EntryPoint","urlTemplate":"https:\/\/bocaparatodoelmundo.com.ar\/?s={search_term_string}"},"query-input":"required name=search_term_string"}],"inLanguage":"es-AR"},{"@type":"Person","@id":"https:\/\/bocaparatodoelmundo.com.ar\/#\/schema\/person\/cc56d27ea9d37f4cea3636086a1847c5","name":"Redaccion BPTM","image":{"@type":"ImageObject","inLanguage":"es-AR","@id":"https:\/\/bocaparatodoelmundo.com.ar\/#\/schema\/person\/image\/","url":"https:\/\/secure.gravatar.com\/avatar\/3b62665b8c08843736974a055cc2398ba6bb7fd2fe787285105d666c418a7d13?s=96&d=mm&r=g","contentUrl":"https:\/\/secure.gravatar.com\/avatar\/3b62665b8c08843736974a055cc2398ba6bb7fd2fe787285105d666c418a7d13?s=96&d=mm&r=g","caption":"Redaccion BPTM"},"sameAs":["http:\/\/bocaparatodoelmundo.com.ar"],"url":"https:\/\/bocaparatodoelmundo.com.ar\/?author=3"}]}},"_links":{"self":[{"href":"https:\/\/bocaparatodoelmundo.com.ar\/index.php?rest_route=\/wp\/v2\/posts\/2082","targetHints":{"allow":["GET"]}}],"collection":[{"href":"https:\/\/bocaparatodoelmundo.com.ar\/index.php?rest_route=\/wp\/v2\/posts"}],"about":[{"href":"https:\/\/bocaparatodoelmundo.com.ar\/index.php?rest_route=\/wp\/v2\/types\/post"}],"author":[{"embeddable":true,"href":"https:\/\/bocaparatodoelmundo.com.ar\/index.php?rest_route=\/wp\/v2\/users\/3"}],"replies":[{"embeddable":true,"href":"https:\/\/bocaparatodoelmundo.com.ar\/index.php?rest_route=%2Fwp%2Fv2%2Fcomments&post=2082"}],"version-history":[{"count":1,"href":"https:\/\/bocaparatodoelmundo.com.ar\/index.php?rest_route=\/wp\/v2\/posts\/2082\/revisions"}],"predecessor-version":[{"id":2084,"href":"https:\/\/bocaparatodoelmundo.com.ar\/index.php?rest_route=\/wp\/v2\/posts\/2082\/revisions\/2084"}],"wp:featuredmedia":[{"embeddable":true,"href":"https:\/\/bocaparatodoelmundo.com.ar\/index.php?rest_route=\/wp\/v2\/media\/2083"}],"wp:attachment":[{"href":"https:\/\/bocaparatodoelmundo.com.ar\/index.php?rest_route=%2Fwp%2Fv2%2Fmedia&parent=2082"}],"wp:term":[{"taxonomy":"category","embeddable":true,"href":"https:\/\/bocaparatodoelmundo.com.ar\/index.php?rest_route=%2Fwp%2Fv2%2Fcategories&post=2082"},{"taxonomy":"post_tag","embeddable":true,"href":"https:\/\/bocaparatodoelmundo.com.ar\/index.php?rest_route=%2Fwp%2Fv2%2Ftags&post=2082"}],"curies":[{"name":"wp","href":"https:\/\/api.w.org\/{rel}","templated":true}]}}