{"id":2024,"date":"2023-09-09T15:38:51","date_gmt":"2023-09-09T18:38:51","guid":{"rendered":"https:\/\/bocaparatodoelmundo.com.ar\/?p=2024"},"modified":"2023-09-09T15:38:53","modified_gmt":"2023-09-09T18:38:53","slug":"por-la-gloria-mundial","status":"publish","type":"post","link":"https:\/\/bocaparatodoelmundo.com.ar\/?p=2024","title":{"rendered":"Por la gloria mundial"},"content":{"rendered":"\n<p>El combinado juvenil del Xeneize que dirige Silvio Rudman enfrentar\u00e1 a los neerlandeses en la Bombonera, el s\u00e1bado desde las 16, en busca del t\u00edtulo del mundo.<\/p>\n\n\n\n<iframe loading=\"lazy\" width=\"560\" height=\"315\" src=\"https:\/\/www.youtube.com\/embed\/BWK_CTRlKLE?si=1R49hYZGwW1nnLml\" title=\"YouTube video player\" frameborder=\"0\" allow=\"accelerometer; autoplay; clipboard-write; encrypted-media; gyroscope; picture-in-picture; web-share\" allowfullscreen><\/iframe>\n\n\n\n<p>El equipo Sub-20 de\u00a0<strong>Boca\u00a0<\/strong>enfrentar\u00e1 a su par del<strong>\u00a0Az Alkmaar\u00a0<\/strong>de Pa\u00edses Bajos este s\u00e1bado, desde las 16 en la Bombonera, por l<strong>a final de la Copa Intercontinental\u00a0<\/strong>a la que accedi\u00f3 por haberse consagrado en la Copa Libertadores. El encuentro se jugar\u00e1 con la presencia de los hinchas y el Xeneize buscar\u00e1 su primera coronaci\u00f3n en la categor\u00eda.<\/p>\n\n\n\n<h4 class=\"wp-block-heading\">Partido correspondiente a la Final por la Copa Intercontinental Sub 20 2023, a jugarse el sabado 9 de septiembre en el Barrio de La Boca, Ciudad de Buenos Aires.<\/h4>\n\n\n\n<p><strong>PROBABLES FORMACIONES:<\/strong><\/p>\n\n\n\n<p><strong>BOCA JUNIORS:<\/strong> <a href=\"https:\/\/www.transfermarkt.com.ar\/sebastian-diaz-robles\/profil\/spieler\/906751\">Sebasti\u00e1n D\u00edaz Robles<\/a>; <a href=\"https:\/\/www.transfermarkt.com.ar\/natan-acosta\/profil\/spieler\/1149557\">Natan Acosta<\/a>, <a href=\"https:\/\/www.transfermarkt.com.ar\/lautaro-di-lollo\/profil\/spieler\/1019744\">Lautaro Di Lollo<\/a>, <a href=\"https:\/\/www.transfermarkt.com.ar\/valentin-fascendini\/profil\/spieler\/1149559\">Valent\u00edn Fascendini<\/a>, <a href=\"https:\/\/www.transfermarkt.com.ar\/ivan-vaquero\/profil\/spieler\/1149573\">Iv\u00e1n Vaquero<\/a>; <a href=\"https:\/\/www.transfermarkt.com.ar\/mauricio-benitez\/profil\/spieler\/1055055\">Mauricio Ben\u00edtez<\/a>, <a href=\"https:\/\/www.transfermarkt.com.ar\/roman-rodriguez\/profil\/spieler\/1069541\">Rom\u00e1n Rodr\u00edguez<\/a>, <a href=\"https:\/\/www.transfermarkt.com.ar\/julian-ceballos\/profil\/spieler\/1149569\">Juli\u00e1n Ceballos<\/a>; <a href=\"https:\/\/www.transfermarkt.com.ar\/elian-sosa\/profil\/spieler\/961821\">Elian Sosa<\/a>, <a href=\"https:\/\/www.transfermarkt.com.ar\/rodrigo-pittavino\/profil\/spieler\/1149568\">Rodrigo Pittavino<\/a> e <a href=\"https:\/\/www.transfermarkt.com.ar\/ignacio-rodriguez\/profil\/spieler\/1149566\">Ignacio Rodr\u00edguez.<\/a> DT: <a href=\"https:\/\/www.transfermarkt.com.ar\/silvio-rudman\/profil\/trainer\/21938\">Silvio Rudman<\/a>.<\/p>\n\n\n\n<p><strong>Az Alkmaar:<\/strong> Rome Owusu-Oduro; Wouter Goes, Joeri Oud, Enoch Mastoras; Jayden Addai, Dave Kwakman, Lewis Schouten, Kees Smit, Iain De Jong; Ernest Poku y Ro-Zangelo Daal. DT: Marijan Budimir.<\/p>\n\n\n\n<p><strong>EQUIPO ARBITRAL<\/strong><\/p>\n\n\n\n<p>Principal: Gery Vargas (Bolivia)<br>Linea 1: Jose Antelo (Bolivia)<br>Linea 2: Edwar Saavedra (Bolivia)<br>4\u00b0 arbitro: Ivo Mendez (Bolivia)<br>VAR: Angelo Hermosilla (Chile)<br>AVAR: Alejandro Molina (Chile)<\/p>\n\n\n\n<p>Hora: 16.00.<\/p>\n\n\n\n<p>Estadio: Alberto J. Armando (Boca Juniors).<\/p>\n\n\n\n<p><\/p>\n","protected":false},"excerpt":{"rendered":"<p>El combinado juvenil del Xeneize que dirige Silvio Rudman enfrentar\u00e1 a los neerlandeses en la&#8230;<\/p>\n","protected":false},"author":3,"featured_media":2025,"comment_status":"open","ping_status":"open","sticky":false,"template":"","format":"standard","meta":{"footnotes":""},"categories":[7],"tags":[],"class_list":["post-2024","post","type-post","status-publish","format-standard","has-post-thumbnail","hentry","category-futbol-juvenil"],"yoast_head":"<!-- This site is optimized with the Yoast SEO plugin v21.4 - https:\/\/yoast.com\/wordpress\/plugins\/seo\/ -->\n<title>Por la gloria mundial - BOCA PARA TODO EL MUNDO<\/title>\n<meta name=\"robots\" content=\"index, follow, max-snippet:-1, max-image-preview:large, max-video-preview:-1\" \/>\n<link rel=\"canonical\" href=\"https:\/\/bocaparatodoelmundo.com.ar\/?p=2024\" \/>\n<meta property=\"og:locale\" content=\"es_ES\" \/>\n<meta property=\"og:type\" content=\"article\" \/>\n<meta property=\"og:title\" content=\"Por la gloria mundial - BOCA PARA TODO EL MUNDO\" \/>\n<meta property=\"og:description\" content=\"El combinado juvenil del Xeneize que dirige Silvio Rudman enfrentar\u00e1 a los neerlandeses en la...\" \/>\n<meta property=\"og:url\" content=\"https:\/\/bocaparatodoelmundo.com.ar\/?p=2024\" \/>\n<meta property=\"og:site_name\" content=\"BOCA PARA TODO EL MUNDO\" \/>\n<meta property=\"article:published_time\" content=\"2023-09-09T18:38:51+00:00\" \/>\n<meta property=\"article:modified_time\" content=\"2023-09-09T18:38:53+00:00\" \/>\n<meta property=\"og:image\" content=\"https:\/\/bocaparatodoelmundo.com.ar\/wp-content\/uploads\/2023\/09\/Inter-continental-sub-20-2023.jpg\" \/>\n\t<meta property=\"og:image:width\" content=\"1920\" \/>\n\t<meta property=\"og:image:height\" content=\"1080\" \/>\n\t<meta property=\"og:image:type\" content=\"image\/jpeg\" \/>\n<meta name=\"author\" content=\"Redaccion BPTM\" \/>\n<meta name=\"twitter:card\" content=\"summary_large_image\" \/>\n<meta name=\"twitter:label1\" content=\"Escrito por\" \/>\n\t<meta name=\"twitter:data1\" content=\"Redaccion BPTM\" \/>\n\t<meta name=\"twitter:label2\" content=\"Tiempo de lectura\" \/>\n\t<meta name=\"twitter:data2\" content=\"1 minuto\" \/>\n<script type=\"application\/ld+json\" class=\"yoast-schema-graph\">{\"@context\":\"https:\/\/schema.org\",\"@graph\":[{\"@type\":\"WebPage\",\"@id\":\"https:\/\/bocaparatodoelmundo.com.ar\/?p=2024\",\"url\":\"https:\/\/bocaparatodoelmundo.com.ar\/?p=2024\",\"name\":\"Por la gloria mundial - BOCA PARA TODO EL MUNDO\",\"isPartOf\":{\"@id\":\"https:\/\/bocaparatodoelmundo.com.ar\/#website\"},\"datePublished\":\"2023-09-09T18:38:51+00:00\",\"dateModified\":\"2023-09-09T18:38:53+00:00\",\"author\":{\"@id\":\"https:\/\/bocaparatodoelmundo.com.ar\/#\/schema\/person\/cc56d27ea9d37f4cea3636086a1847c5\"},\"breadcrumb\":{\"@id\":\"https:\/\/bocaparatodoelmundo.com.ar\/?p=2024#breadcrumb\"},\"inLanguage\":\"es-AR\",\"potentialAction\":[{\"@type\":\"ReadAction\",\"target\":[\"https:\/\/bocaparatodoelmundo.com.ar\/?p=2024\"]}]},{\"@type\":\"BreadcrumbList\",\"@id\":\"https:\/\/bocaparatodoelmundo.com.ar\/?p=2024#breadcrumb\",\"itemListElement\":[{\"@type\":\"ListItem\",\"position\":1,\"name\":\"Inicio\",\"item\":\"https:\/\/bocaparatodoelmundo.com.ar\/\"},{\"@type\":\"ListItem\",\"position\":2,\"name\":\"Por la gloria mundial\"}]},{\"@type\":\"WebSite\",\"@id\":\"https:\/\/bocaparatodoelmundo.com.ar\/#website\",\"url\":\"https:\/\/bocaparatodoelmundo.com.ar\/\",\"name\":\"BOCA PARA TODO EL MUNDO\",\"description\":\"Toda la historia y actualidad del club atletico boca junios esta aqui\",\"potentialAction\":[{\"@type\":\"SearchAction\",\"target\":{\"@type\":\"EntryPoint\",\"urlTemplate\":\"https:\/\/bocaparatodoelmundo.com.ar\/?s={search_term_string}\"},\"query-input\":\"required name=search_term_string\"}],\"inLanguage\":\"es-AR\"},{\"@type\":\"Person\",\"@id\":\"https:\/\/bocaparatodoelmundo.com.ar\/#\/schema\/person\/cc56d27ea9d37f4cea3636086a1847c5\",\"name\":\"Redaccion BPTM\",\"image\":{\"@type\":\"ImageObject\",\"inLanguage\":\"es-AR\",\"@id\":\"https:\/\/bocaparatodoelmundo.com.ar\/#\/schema\/person\/image\/\",\"url\":\"https:\/\/secure.gravatar.com\/avatar\/3b62665b8c08843736974a055cc2398ba6bb7fd2fe787285105d666c418a7d13?s=96&d=mm&r=g\",\"contentUrl\":\"https:\/\/secure.gravatar.com\/avatar\/3b62665b8c08843736974a055cc2398ba6bb7fd2fe787285105d666c418a7d13?s=96&d=mm&r=g\",\"caption\":\"Redaccion BPTM\"},\"sameAs\":[\"http:\/\/bocaparatodoelmundo.com.ar\"],\"url\":\"https:\/\/bocaparatodoelmundo.com.ar\/?author=3\"}]}<\/script>\n<!-- \/ Yoast SEO plugin. -->","yoast_head_json":{"title":"Por la gloria mundial - BOCA PARA TODO EL MUNDO","robots":{"index":"index","follow":"follow","max-snippet":"max-snippet:-1","max-image-preview":"max-image-preview:large","max-video-preview":"max-video-preview:-1"},"canonical":"https:\/\/bocaparatodoelmundo.com.ar\/?p=2024","og_locale":"es_ES","og_type":"article","og_title":"Por la gloria mundial - BOCA PARA TODO EL MUNDO","og_description":"El combinado juvenil del Xeneize que dirige Silvio Rudman enfrentar\u00e1 a los neerlandeses en la...","og_url":"https:\/\/bocaparatodoelmundo.com.ar\/?p=2024","og_site_name":"BOCA PARA TODO EL MUNDO","article_published_time":"2023-09-09T18:38:51+00:00","article_modified_time":"2023-09-09T18:38:53+00:00","og_image":[{"width":1920,"height":1080,"url":"https:\/\/bocaparatodoelmundo.com.ar\/wp-content\/uploads\/2023\/09\/Inter-continental-sub-20-2023.jpg","type":"image\/jpeg"}],"author":"Redaccion BPTM","twitter_card":"summary_large_image","twitter_misc":{"Escrito por":"Redaccion BPTM","Tiempo de lectura":"1 minuto"},"schema":{"@context":"https:\/\/schema.org","@graph":[{"@type":"WebPage","@id":"https:\/\/bocaparatodoelmundo.com.ar\/?p=2024","url":"https:\/\/bocaparatodoelmundo.com.ar\/?p=2024","name":"Por la gloria mundial - BOCA PARA TODO EL MUNDO","isPartOf":{"@id":"https:\/\/bocaparatodoelmundo.com.ar\/#website"},"datePublished":"2023-09-09T18:38:51+00:00","dateModified":"2023-09-09T18:38:53+00:00","author":{"@id":"https:\/\/bocaparatodoelmundo.com.ar\/#\/schema\/person\/cc56d27ea9d37f4cea3636086a1847c5"},"breadcrumb":{"@id":"https:\/\/bocaparatodoelmundo.com.ar\/?p=2024#breadcrumb"},"inLanguage":"es-AR","potentialAction":[{"@type":"ReadAction","target":["https:\/\/bocaparatodoelmundo.com.ar\/?p=2024"]}]},{"@type":"BreadcrumbList","@id":"https:\/\/bocaparatodoelmundo.com.ar\/?p=2024#breadcrumb","itemListElement":[{"@type":"ListItem","position":1,"name":"Inicio","item":"https:\/\/bocaparatodoelmundo.com.ar\/"},{"@type":"ListItem","position":2,"name":"Por la gloria mundial"}]},{"@type":"WebSite","@id":"https:\/\/bocaparatodoelmundo.com.ar\/#website","url":"https:\/\/bocaparatodoelmundo.com.ar\/","name":"BOCA PARA TODO EL MUNDO","description":"Toda la historia y actualidad del club atletico boca junios esta aqui","potentialAction":[{"@type":"SearchAction","target":{"@type":"EntryPoint","urlTemplate":"https:\/\/bocaparatodoelmundo.com.ar\/?s={search_term_string}"},"query-input":"required name=search_term_string"}],"inLanguage":"es-AR"},{"@type":"Person","@id":"https:\/\/bocaparatodoelmundo.com.ar\/#\/schema\/person\/cc56d27ea9d37f4cea3636086a1847c5","name":"Redaccion BPTM","image":{"@type":"ImageObject","inLanguage":"es-AR","@id":"https:\/\/bocaparatodoelmundo.com.ar\/#\/schema\/person\/image\/","url":"https:\/\/secure.gravatar.com\/avatar\/3b62665b8c08843736974a055cc2398ba6bb7fd2fe787285105d666c418a7d13?s=96&d=mm&r=g","contentUrl":"https:\/\/secure.gravatar.com\/avatar\/3b62665b8c08843736974a055cc2398ba6bb7fd2fe787285105d666c418a7d13?s=96&d=mm&r=g","caption":"Redaccion BPTM"},"sameAs":["http:\/\/bocaparatodoelmundo.com.ar"],"url":"https:\/\/bocaparatodoelmundo.com.ar\/?author=3"}]}},"_links":{"self":[{"href":"https:\/\/bocaparatodoelmundo.com.ar\/index.php?rest_route=\/wp\/v2\/posts\/2024","targetHints":{"allow":["GET"]}}],"collection":[{"href":"https:\/\/bocaparatodoelmundo.com.ar\/index.php?rest_route=\/wp\/v2\/posts"}],"about":[{"href":"https:\/\/bocaparatodoelmundo.com.ar\/index.php?rest_route=\/wp\/v2\/types\/post"}],"author":[{"embeddable":true,"href":"https:\/\/bocaparatodoelmundo.com.ar\/index.php?rest_route=\/wp\/v2\/users\/3"}],"replies":[{"embeddable":true,"href":"https:\/\/bocaparatodoelmundo.com.ar\/index.php?rest_route=%2Fwp%2Fv2%2Fcomments&post=2024"}],"version-history":[{"count":1,"href":"https:\/\/bocaparatodoelmundo.com.ar\/index.php?rest_route=\/wp\/v2\/posts\/2024\/revisions"}],"predecessor-version":[{"id":2026,"href":"https:\/\/bocaparatodoelmundo.com.ar\/index.php?rest_route=\/wp\/v2\/posts\/2024\/revisions\/2026"}],"wp:featuredmedia":[{"embeddable":true,"href":"https:\/\/bocaparatodoelmundo.com.ar\/index.php?rest_route=\/wp\/v2\/media\/2025"}],"wp:attachment":[{"href":"https:\/\/bocaparatodoelmundo.com.ar\/index.php?rest_route=%2Fwp%2Fv2%2Fmedia&parent=2024"}],"wp:term":[{"taxonomy":"category","embeddable":true,"href":"https:\/\/bocaparatodoelmundo.com.ar\/index.php?rest_route=%2Fwp%2Fv2%2Fcategories&post=2024"},{"taxonomy":"post_tag","embeddable":true,"href":"https:\/\/bocaparatodoelmundo.com.ar\/index.php?rest_route=%2Fwp%2Fv2%2Ftags&post=2024"}],"curies":[{"name":"wp","href":"https:\/\/api.w.org\/{rel}","templated":true}]}}