{"id":1968,"date":"2023-08-30T23:55:00","date_gmt":"2023-08-31T02:55:00","guid":{"rendered":"https:\/\/bocaparatodoelmundo.com.ar\/?p=1968"},"modified":"2023-09-02T21:09:02","modified_gmt":"2023-09-03T00:09:02","slug":"en-el-poker-de-america","status":"publish","type":"post","link":"https:\/\/bocaparatodoelmundo.com.ar\/?p=1968","title":{"rendered":"En el P\u00f3ker de Am\u00e9rica"},"content":{"rendered":"\n<p>Boca empat\u00f3 0 a 0, en Avellaneda, con Racing en Avellaneda y, con dos tapadas cruciales de Sergio Romero en los penales, logr\u00f3 la clasificaci\u00f3n a semifinales para enfrentar al Palmeiras.<\/p>\n\n\n\n<p>Resulta innegable que la serie se define en torno a&nbsp;<a href=\"https:\/\/442.perfil.com\/noticias\/futbol\/la-historia-de-chiquito-romero-de-atajar-en-racing-a-la-frase-que-enfurecio-a-blanco.phtml\" target=\"_blank\" rel=\"noreferrer noopener\">las intervenciones de Romero&nbsp;<\/a>y la capacidad de ambos equipos para&nbsp;<strong>ejecutar con precisi\u00f3n desde los doce pasos<\/strong>.<\/p>\n\n\n<div class=\"wp-block-image\">\n<figure class=\"aligncenter size-full\"><img loading=\"lazy\" decoding=\"async\" width=\"767\" height=\"430\" src=\"https:\/\/bocaparatodoelmundo.com.ar\/wp-content\/uploads\/2023\/08\/GRXQXEO3ORHLJCTIF77DVMMTVA-1.jpg\" alt=\"\" class=\"wp-image-1970\" srcset=\"https:\/\/bocaparatodoelmundo.com.ar\/wp-content\/uploads\/2023\/08\/GRXQXEO3ORHLJCTIF77DVMMTVA-1.jpg 767w, https:\/\/bocaparatodoelmundo.com.ar\/wp-content\/uploads\/2023\/08\/GRXQXEO3ORHLJCTIF77DVMMTVA-1-300x168.jpg 300w\" sizes=\"auto, (max-width: 767px) 100vw, 767px\" \/><figcaption class=\"wp-element-caption\">Los semifinalistas: Adv\u00edncula, Valentini, Figal, Rojo, Cavani y Romero (arriba)<br>Fabra, Merentiel, G. Fern\u00e1ndez, Medina y E. Fern\u00e1ndez (abajo).<\/figcaption><\/figure>\n<\/div>\n\n\n<p>A lo largo del primer cuarto de hora, Racing demostr\u00f3 un cierto dominio en comparaci\u00f3n con Boca. Aunque fue menos que la superioridad que Boca hab\u00eda mostrado en La Bombonera en la primera mitad frente a la Academia<strong>, Racing supo imponer su ritmo ante su p\u00fablico<\/strong>&nbsp;y gener\u00f3 varias oportunidades de gol.<\/p>\n\n\n<div class=\"wp-block-image\">\n<figure class=\"aligncenter size-full\"><img loading=\"lazy\" decoding=\"async\" width=\"768\" height=\"431\" src=\"https:\/\/bocaparatodoelmundo.com.ar\/wp-content\/uploads\/2023\/08\/sm.webp\" alt=\"\" class=\"wp-image-1971\" srcset=\"https:\/\/bocaparatodoelmundo.com.ar\/wp-content\/uploads\/2023\/08\/sm.webp 768w, https:\/\/bocaparatodoelmundo.com.ar\/wp-content\/uploads\/2023\/08\/sm-300x168.webp 300w\" sizes=\"auto, (max-width: 768px) 100vw, 768px\" \/><figcaption class=\"wp-element-caption\">Medina y Piovi pelean por el bal\u00f3n. Pol y Figal completan la escena.<\/figcaption><\/figure>\n<\/div>\n\n\n<p>Una de ellas estuvo en los pies del delantero Maxi Romero, cuyo disparo peg\u00f3 en el poste izquierdo de Chiquito Romero y sali\u00f3 afuera. Sin embargo, esta jugada fue invalidada por una supuesta posici\u00f3n adelantada, aunque luego se pudo ver que estaba habilitado.<\/p>\n\n\n\n<p><a target=\"_blank\" href=\"https:\/\/442.perfil.com\/noticias\/futbol\/la-tristeza-de-chiquito-romero-por-los-insultos-de-los-hinchas-de-racing-amo-a-este-club.phtml\" rel=\"noreferrer noopener\">La tristeza de Chiquito Romero por los insultos de los hinchas de Racing: &#8220;Amo a este club&#8221;<\/a><\/p>\n\n\n\n<p>Adem\u00e1s, una volea de&nbsp;<a href=\"https:\/\/442.perfil.com\/noticias\/futbol\/ahora-si-juanfer-quintero-fue-presentado-oficialmente-en-racing.phtml\" target=\"_blank\" rel=\"noreferrer noopener\">Juanfer Quintero<\/a>&nbsp;roz\u00f3 el \u00e1ngulo superior derecho de la porter\u00eda rival, y Racing mantuvo el dominio territorial y la posesi\u00f3n del bal\u00f3n. Aunque este control territorial no se tradujo en oportunidades claras de peligro, es innegable que ambos equipos merecieron una ventaja en el marcador, aunque m\u00ednima.<\/p>\n\n\n<div class=\"wp-block-image\">\n<figure class=\"aligncenter size-full\"><img loading=\"lazy\" decoding=\"async\" width=\"992\" height=\"661\" src=\"https:\/\/bocaparatodoelmundo.com.ar\/wp-content\/uploads\/2023\/08\/md.webp\" alt=\"\" class=\"wp-image-1972\" srcset=\"https:\/\/bocaparatodoelmundo.com.ar\/wp-content\/uploads\/2023\/08\/md.webp 992w, https:\/\/bocaparatodoelmundo.com.ar\/wp-content\/uploads\/2023\/08\/md-300x200.webp 300w, https:\/\/bocaparatodoelmundo.com.ar\/wp-content\/uploads\/2023\/08\/md-768x512.webp 768w\" sizes=\"auto, (max-width: 992px) 100vw, 992px\" \/><figcaption class=\"wp-element-caption\">Juan Nardoni inicia un ataque para Racing. Lo marca Ezequiel Fern\u00e1ndez. Merentiel y Cavani observan la acci\u00f3n.<\/figcaption><\/figure>\n<\/div>\n\n\n<p>La segunda mitad, siguiendo un enfoque similar al planteado por&nbsp;<strong>Gago<\/strong>&nbsp;en el encuentro en La Bombonera, vio ajustes t\u00e1cticos por parte de<strong>&nbsp;Almir\u00f3n<\/strong>. El esquema de cinco defensores se desmont\u00f3, Nicol\u00e1s Valentini fue reemplazado por Marcelo Weigandt y Miguel Merentiel dej\u00f3 su lugar a Lucas Janson en la delantera.&nbsp;<\/p>\n\n\n\n<p>De esta manera,&nbsp;<strong>Boca<\/strong>, termin\u00f3 jugando con un 4-5-1, con<a target=\"_blank\" href=\"https:\/\/caras.perfil.com\/noticias\/celebridades\/revelaron-que-juana-viale-estaria-interesada-en-un-futbolista.phtml\" rel=\"noreferrer noopener\">&nbsp;Edison Cavani<\/a>&nbsp;asumiendo el rol de \u00fanico delantero. A partir del minuto 25 del segundo tiempo, ambos equipos parecieron reconocer que arriesgar demasiado no era una estrategia prudente. Fue un tramo donde&nbsp;<strong>prevaleci\u00f3 la cautela<\/strong>, y la definici\u00f3n parec\u00eda encaminarse hacia una tanda de penales.<\/p>\n\n\n\n<p><a target=\"_blank\" href=\"https:\/\/442.perfil.com\/noticias\/futbol\/el-pedido-de-almiron-tras-la-clasificacion-de-boca-el-partido-con-river-se-podria-acomodar.phtml\" rel=\"noreferrer noopener\">El pedido de Almir\u00f3n tras la clasificaci\u00f3n de Boca: &#8220;El partido con River se podr\u00eda acomodar&#8221;<\/a><\/p>\n\n\n\n<p>Precisamente en ese momento, la importancia de los ejecutantes se volvi\u00f3 evidente. En la tanda de penales, Romero emergi\u00f3 como un aut\u00e9ntico especialista, deteniendo dos disparos, el primero a Gonzalo Piovi y luego a Leonardo Sigali.&nbsp;<strong>En el lado visitante, la precisi\u00f3n de los pateadores fue excepcional<\/strong>: Zeballos, Janson, Rojo y Cavani convirtieron con maestr\u00eda, sellando as\u00ed la victoria de Boca.<\/p>\n\n\n<div class=\"wp-block-image\">\n<figure class=\"aligncenter size-full is-resized\"><img loading=\"lazy\" decoding=\"async\" src=\"https:\/\/bocaparatodoelmundo.com.ar\/wp-content\/uploads\/2023\/08\/1693450122009.webp\" alt=\"\" class=\"wp-image-1973\" style=\"width:810px;height:541px\" width=\"810\" height=\"541\" srcset=\"https:\/\/bocaparatodoelmundo.com.ar\/wp-content\/uploads\/2023\/08\/1693450122009.webp 400w, https:\/\/bocaparatodoelmundo.com.ar\/wp-content\/uploads\/2023\/08\/1693450122009-300x200.webp 300w\" sizes=\"auto, (max-width: 810px) 100vw, 810px\" \/><figcaption class=\"wp-element-caption\">Marcos Rojo ya mand\u00f3 el bal\u00f3n al fondo del arco, con Arias en el piso. Boca es semifinalista.<\/figcaption><\/figure>\n<\/div>\n\n\n<p>La expresi\u00f3n de j\u00fabilo en la conferencia de prensa de Jorge Almir\u00f3n confirm\u00f3 la satisfacci\u00f3n por el \u00e9xito alcanzado. \u201cTengo un estado de felicidad total, estamos entre&nbsp;<a target=\"_blank\" href=\"https:\/\/brasil.perfil.com\/esporte\/onde-assistir\/palmeiras-x-deportivo-pereira-saiba-onde-assistir-e-as-escalacoes.phtml\" rel=\"noreferrer noopener\">los cuatro mejores de Am\u00e9rica<\/a>\u201d.&nbsp;<\/p>\n\n\n\n<p>Adem\u00e1s, Almir\u00f3n destac\u00f3 el trabajo del equipo, remarcando la paridad en ambos partidos,<strong>&nbsp;la eficacia en el manejo del juego<\/strong>&nbsp;y la gran actualidad de su arquero. \u201cChiquito Romero est\u00e1 pasando por un gran momento y estamos por un buen camino\u201d.<\/p>\n\n\n\n<p><\/p>\n\n\n\n<p>Sergio Romero, protagonista indiscutible en la definici\u00f3n por penales, reforz\u00f3 su reputaci\u00f3n como especialista en esta \u00e1rea del juego. Sus actuaciones previas, incluida la ic\u00f3nica semifinal de Brasil 2014 con la selecci\u00f3n argentina, demuestran su destreza y experiencia en situaciones cr\u00edticas.<strong>&nbsp;En Boca tap\u00f3 8 de 14 penales que le patearon<\/strong>.<\/p>\n\n\n\n<p>La serie no s\u00f3lo resalta la importancia de individuos como Romero, sino tambi\u00e9n la capacidad de adaptaci\u00f3n t\u00e1ctica y la habilidad de los ejecutantes en momentos cruciales. Boca supo aprovechar sus fortalezas aunque Racing,&nbsp;<a target=\"_blank\" href=\"https:\/\/442.perfil.com\/noticias\/futbol\/los-tocados-de-racing-boca-roger-martinez-nardoni-y-barco-fueron-convocados.phtml\" rel=\"noreferrer noopener\">diezmado por lesiones<\/a>, demostr\u00f3 la tenacidad que caracteriza al equipo.<\/p>\n\n\n\n<p>Con la clasificaci\u00f3n de&nbsp;<strong>Boca entre los cuatro mejores equipos de Am\u00e9ric<\/strong>a, se avecina un enfrentamiento crucial con Palmeiras, bicampe\u00f3n en el 2020 y 2021, y candidato al t\u00edtulo. Entre medio de estos compromisos, el supercl\u00e1sico contra River promete desencadenar una oleada de emociones en la ya apasionada comunidad de hinchas de Boca.<\/p>\n","protected":false},"excerpt":{"rendered":"<p>Boca empat\u00f3 0 a 0, en Avellaneda, con Racing en Avellaneda y, con dos tapadas&#8230;<\/p>\n","protected":false},"author":3,"featured_media":1974,"comment_status":"open","ping_status":"open","sticky":false,"template":"","format":"standard","meta":{"footnotes":""},"categories":[38],"tags":[],"class_list":["post-1968","post","type-post","status-publish","format-standard","has-post-thumbnail","hentry","category-copa-libertadores"],"yoast_head":"<!-- This site is optimized with the Yoast SEO plugin v21.4 - https:\/\/yoast.com\/wordpress\/plugins\/seo\/ -->\n<title>En el P\u00f3ker de Am\u00e9rica - BOCA PARA TODO EL MUNDO<\/title>\n<meta name=\"robots\" content=\"index, follow, max-snippet:-1, max-image-preview:large, max-video-preview:-1\" \/>\n<link rel=\"canonical\" href=\"https:\/\/bocaparatodoelmundo.com.ar\/?p=1968\" \/>\n<meta property=\"og:locale\" content=\"es_ES\" \/>\n<meta property=\"og:type\" content=\"article\" \/>\n<meta property=\"og:title\" content=\"En el P\u00f3ker de Am\u00e9rica - BOCA PARA TODO EL MUNDO\" \/>\n<meta property=\"og:description\" content=\"Boca empat\u00f3 0 a 0, en Avellaneda, con Racing en Avellaneda y, con dos tapadas...\" \/>\n<meta property=\"og:url\" content=\"https:\/\/bocaparatodoelmundo.com.ar\/?p=1968\" \/>\n<meta property=\"og:site_name\" content=\"BOCA PARA TODO EL MUNDO\" \/>\n<meta property=\"article:published_time\" content=\"2023-08-31T02:55:00+00:00\" \/>\n<meta property=\"article:modified_time\" content=\"2023-09-03T00:09:02+00:00\" \/>\n<meta property=\"og:image\" content=\"https:\/\/bocaparatodoelmundo.com.ar\/wp-content\/uploads\/2023\/09\/download-38.jpg\" \/>\n\t<meta property=\"og:image:width\" content=\"300\" \/>\n\t<meta property=\"og:image:height\" content=\"168\" \/>\n\t<meta property=\"og:image:type\" content=\"image\/jpeg\" \/>\n<meta name=\"author\" content=\"Redaccion BPTM\" \/>\n<meta name=\"twitter:card\" content=\"summary_large_image\" \/>\n<meta name=\"twitter:label1\" content=\"Escrito por\" \/>\n\t<meta name=\"twitter:data1\" content=\"Redaccion BPTM\" \/>\n\t<meta name=\"twitter:label2\" content=\"Tiempo de lectura\" \/>\n\t<meta name=\"twitter:data2\" content=\"4 minutos\" \/>\n<script type=\"application\/ld+json\" class=\"yoast-schema-graph\">{\"@context\":\"https:\/\/schema.org\",\"@graph\":[{\"@type\":\"WebPage\",\"@id\":\"https:\/\/bocaparatodoelmundo.com.ar\/?p=1968\",\"url\":\"https:\/\/bocaparatodoelmundo.com.ar\/?p=1968\",\"name\":\"En el P\u00f3ker de Am\u00e9rica - BOCA PARA TODO EL MUNDO\",\"isPartOf\":{\"@id\":\"https:\/\/bocaparatodoelmundo.com.ar\/#website\"},\"datePublished\":\"2023-08-31T02:55:00+00:00\",\"dateModified\":\"2023-09-03T00:09:02+00:00\",\"author\":{\"@id\":\"https:\/\/bocaparatodoelmundo.com.ar\/#\/schema\/person\/cc56d27ea9d37f4cea3636086a1847c5\"},\"breadcrumb\":{\"@id\":\"https:\/\/bocaparatodoelmundo.com.ar\/?p=1968#breadcrumb\"},\"inLanguage\":\"es-AR\",\"potentialAction\":[{\"@type\":\"ReadAction\",\"target\":[\"https:\/\/bocaparatodoelmundo.com.ar\/?p=1968\"]}]},{\"@type\":\"BreadcrumbList\",\"@id\":\"https:\/\/bocaparatodoelmundo.com.ar\/?p=1968#breadcrumb\",\"itemListElement\":[{\"@type\":\"ListItem\",\"position\":1,\"name\":\"Inicio\",\"item\":\"https:\/\/bocaparatodoelmundo.com.ar\/\"},{\"@type\":\"ListItem\",\"position\":2,\"name\":\"En el P\u00f3ker de Am\u00e9rica\"}]},{\"@type\":\"WebSite\",\"@id\":\"https:\/\/bocaparatodoelmundo.com.ar\/#website\",\"url\":\"https:\/\/bocaparatodoelmundo.com.ar\/\",\"name\":\"BOCA PARA TODO EL MUNDO\",\"description\":\"Toda la historia y actualidad del club atletico boca junios esta aqui\",\"potentialAction\":[{\"@type\":\"SearchAction\",\"target\":{\"@type\":\"EntryPoint\",\"urlTemplate\":\"https:\/\/bocaparatodoelmundo.com.ar\/?s={search_term_string}\"},\"query-input\":\"required name=search_term_string\"}],\"inLanguage\":\"es-AR\"},{\"@type\":\"Person\",\"@id\":\"https:\/\/bocaparatodoelmundo.com.ar\/#\/schema\/person\/cc56d27ea9d37f4cea3636086a1847c5\",\"name\":\"Redaccion BPTM\",\"image\":{\"@type\":\"ImageObject\",\"inLanguage\":\"es-AR\",\"@id\":\"https:\/\/bocaparatodoelmundo.com.ar\/#\/schema\/person\/image\/\",\"url\":\"https:\/\/secure.gravatar.com\/avatar\/3b62665b8c08843736974a055cc2398ba6bb7fd2fe787285105d666c418a7d13?s=96&d=mm&r=g\",\"contentUrl\":\"https:\/\/secure.gravatar.com\/avatar\/3b62665b8c08843736974a055cc2398ba6bb7fd2fe787285105d666c418a7d13?s=96&d=mm&r=g\",\"caption\":\"Redaccion BPTM\"},\"sameAs\":[\"http:\/\/bocaparatodoelmundo.com.ar\"],\"url\":\"https:\/\/bocaparatodoelmundo.com.ar\/?author=3\"}]}<\/script>\n<!-- \/ Yoast SEO plugin. -->","yoast_head_json":{"title":"En el P\u00f3ker de Am\u00e9rica - BOCA PARA TODO EL MUNDO","robots":{"index":"index","follow":"follow","max-snippet":"max-snippet:-1","max-image-preview":"max-image-preview:large","max-video-preview":"max-video-preview:-1"},"canonical":"https:\/\/bocaparatodoelmundo.com.ar\/?p=1968","og_locale":"es_ES","og_type":"article","og_title":"En el P\u00f3ker de Am\u00e9rica - BOCA PARA TODO EL MUNDO","og_description":"Boca empat\u00f3 0 a 0, en Avellaneda, con Racing en Avellaneda y, con dos tapadas...","og_url":"https:\/\/bocaparatodoelmundo.com.ar\/?p=1968","og_site_name":"BOCA PARA TODO EL MUNDO","article_published_time":"2023-08-31T02:55:00+00:00","article_modified_time":"2023-09-03T00:09:02+00:00","og_image":[{"width":300,"height":168,"url":"https:\/\/bocaparatodoelmundo.com.ar\/wp-content\/uploads\/2023\/09\/download-38.jpg","type":"image\/jpeg"}],"author":"Redaccion BPTM","twitter_card":"summary_large_image","twitter_misc":{"Escrito por":"Redaccion BPTM","Tiempo de lectura":"4 minutos"},"schema":{"@context":"https:\/\/schema.org","@graph":[{"@type":"WebPage","@id":"https:\/\/bocaparatodoelmundo.com.ar\/?p=1968","url":"https:\/\/bocaparatodoelmundo.com.ar\/?p=1968","name":"En el P\u00f3ker de Am\u00e9rica - BOCA PARA TODO EL MUNDO","isPartOf":{"@id":"https:\/\/bocaparatodoelmundo.com.ar\/#website"},"datePublished":"2023-08-31T02:55:00+00:00","dateModified":"2023-09-03T00:09:02+00:00","author":{"@id":"https:\/\/bocaparatodoelmundo.com.ar\/#\/schema\/person\/cc56d27ea9d37f4cea3636086a1847c5"},"breadcrumb":{"@id":"https:\/\/bocaparatodoelmundo.com.ar\/?p=1968#breadcrumb"},"inLanguage":"es-AR","potentialAction":[{"@type":"ReadAction","target":["https:\/\/bocaparatodoelmundo.com.ar\/?p=1968"]}]},{"@type":"BreadcrumbList","@id":"https:\/\/bocaparatodoelmundo.com.ar\/?p=1968#breadcrumb","itemListElement":[{"@type":"ListItem","position":1,"name":"Inicio","item":"https:\/\/bocaparatodoelmundo.com.ar\/"},{"@type":"ListItem","position":2,"name":"En el P\u00f3ker de Am\u00e9rica"}]},{"@type":"WebSite","@id":"https:\/\/bocaparatodoelmundo.com.ar\/#website","url":"https:\/\/bocaparatodoelmundo.com.ar\/","name":"BOCA PARA TODO EL MUNDO","description":"Toda la historia y actualidad del club atletico boca junios esta aqui","potentialAction":[{"@type":"SearchAction","target":{"@type":"EntryPoint","urlTemplate":"https:\/\/bocaparatodoelmundo.com.ar\/?s={search_term_string}"},"query-input":"required name=search_term_string"}],"inLanguage":"es-AR"},{"@type":"Person","@id":"https:\/\/bocaparatodoelmundo.com.ar\/#\/schema\/person\/cc56d27ea9d37f4cea3636086a1847c5","name":"Redaccion BPTM","image":{"@type":"ImageObject","inLanguage":"es-AR","@id":"https:\/\/bocaparatodoelmundo.com.ar\/#\/schema\/person\/image\/","url":"https:\/\/secure.gravatar.com\/avatar\/3b62665b8c08843736974a055cc2398ba6bb7fd2fe787285105d666c418a7d13?s=96&d=mm&r=g","contentUrl":"https:\/\/secure.gravatar.com\/avatar\/3b62665b8c08843736974a055cc2398ba6bb7fd2fe787285105d666c418a7d13?s=96&d=mm&r=g","caption":"Redaccion BPTM"},"sameAs":["http:\/\/bocaparatodoelmundo.com.ar"],"url":"https:\/\/bocaparatodoelmundo.com.ar\/?author=3"}]}},"_links":{"self":[{"href":"https:\/\/bocaparatodoelmundo.com.ar\/index.php?rest_route=\/wp\/v2\/posts\/1968","targetHints":{"allow":["GET"]}}],"collection":[{"href":"https:\/\/bocaparatodoelmundo.com.ar\/index.php?rest_route=\/wp\/v2\/posts"}],"about":[{"href":"https:\/\/bocaparatodoelmundo.com.ar\/index.php?rest_route=\/wp\/v2\/types\/post"}],"author":[{"embeddable":true,"href":"https:\/\/bocaparatodoelmundo.com.ar\/index.php?rest_route=\/wp\/v2\/users\/3"}],"replies":[{"embeddable":true,"href":"https:\/\/bocaparatodoelmundo.com.ar\/index.php?rest_route=%2Fwp%2Fv2%2Fcomments&post=1968"}],"version-history":[{"count":1,"href":"https:\/\/bocaparatodoelmundo.com.ar\/index.php?rest_route=\/wp\/v2\/posts\/1968\/revisions"}],"predecessor-version":[{"id":1975,"href":"https:\/\/bocaparatodoelmundo.com.ar\/index.php?rest_route=\/wp\/v2\/posts\/1968\/revisions\/1975"}],"wp:featuredmedia":[{"embeddable":true,"href":"https:\/\/bocaparatodoelmundo.com.ar\/index.php?rest_route=\/wp\/v2\/media\/1974"}],"wp:attachment":[{"href":"https:\/\/bocaparatodoelmundo.com.ar\/index.php?rest_route=%2Fwp%2Fv2%2Fmedia&parent=1968"}],"wp:term":[{"taxonomy":"category","embeddable":true,"href":"https:\/\/bocaparatodoelmundo.com.ar\/index.php?rest_route=%2Fwp%2Fv2%2Fcategories&post=1968"},{"taxonomy":"post_tag","embeddable":true,"href":"https:\/\/bocaparatodoelmundo.com.ar\/index.php?rest_route=%2Fwp%2Fv2%2Ftags&post=1968"}],"curies":[{"name":"wp","href":"https:\/\/api.w.org\/{rel}","templated":true}]}}