{"id":1947,"date":"2023-08-23T23:42:00","date_gmt":"2023-08-24T02:42:00","guid":{"rendered":"https:\/\/bocaparatodoelmundo.com.ar\/?p=1947"},"modified":"2023-08-24T21:47:18","modified_gmt":"2023-08-25T00:47:18","slug":"solo-falto-el-gol","status":"publish","type":"post","link":"https:\/\/bocaparatodoelmundo.com.ar\/?p=1947","title":{"rendered":"S\u00f3lo falt\u00f3 el gol"},"content":{"rendered":"\n<h4 class=\"wp-block-heading\">Con mucho caudal de juego aunque sin eficacia, Boca mereci\u00f3 m\u00e1s de lo que llev\u00f3 de La Bombonera en la ida por Cuartos de Final de la Copa Libertadores: empat\u00f3 0 a 0 con Racing. La revancha, el mi\u00e9roles 30 de agosto, en Avellaneda.<\/h4>\n\n\n\n<p><strong>BOCA Y RACING protagonizaron un entretenido y vibrante 0-0 por la ida de los cuartos de final de la Copa Libertadores en La Bombonera.&nbsp;<\/strong>La serie se definir\u00e1 el mi\u00e9rcoles pr\u00f3ximo en Avellaneda.<\/p>\n\n\n\n<p>El equipo de&nbsp;<strong>Jorge Almir\u00f3n, que sorprendi\u00f3 en la previa con un esquema in\u00e9dito<\/strong>,&nbsp;cont\u00f3 con las mejores situaciones de gol y fue de mayor a menor frente a un Racing que tuvo en Gabriel Arias a una de las figuras del encuentro. A la Academia&nbsp;le cost\u00f3 hacer pie en cancha y se fue soltando con el pasar de los minutos.<\/p>\n\n\n\n<p>Sin embargo, sin hacer ning\u00fan m\u00e9rito sobre el final del partido&nbsp;<strong>Maximiliano Romero<\/strong>&nbsp;se encontr\u00f3 solo ante el arquero de Boca, Sergio Romero, tras un gran pase de Jonathan Gomez, pero cabece\u00f3 a las manos de Chiquito<\/p>\n\n\n\n<p>El encuentro, repleto de condimentos extra, fue un<strong>&nbsp;t\u00edpico partido de Copa Libertadores<\/strong>: con un marco imponente, pierna fuerte y pol\u00e9micas.<\/p>\n\n\n\n<p>La salida de Barco, lesionado, en el inicio del segundo tiempo le quit\u00f3 profundidad a su equipo y las acciones se empezaron a emparejar.<\/p>\n\n\n\n<p><strong>BOCA Y RACING protagonizaron un entretenido y vibrante 0-0 por la ida de los cuartos de final de la Copa Libertadores en La Bombonera.&nbsp;<\/strong>La serie se definir\u00e1 el mi\u00e9rcoles pr\u00f3ximo en Avellaneda.<\/p>\n\n\n\n<p>El equipo de&nbsp;<strong>Jorge Almir\u00f3n, que sorprendi\u00f3 en la previa con un esquema in\u00e9dito<\/strong>,&nbsp;cont\u00f3 con las mejores situaciones de gol y fue de mayor a menor frente a un Racing que tuvo en Gabriel Arias a una de las figuras del encuentro. A la Academia&nbsp;le cost\u00f3 hacer pie en cancha y se fue soltando con el pasar de los minutos.<\/p>\n\n\n\n<p>Sin embargo, sin hacer ning\u00fan m\u00e9rito sobre el final del partido&nbsp;<strong>Maximiliano Romero<\/strong>&nbsp;se encontr\u00f3 solo ante el arquero de Boca, Sergio Romero, tras un gran pase de Jonathan Gomez, pero cabece\u00f3 a las manos de Chiquito<\/p>\n\n\n\n<p>El encuentro, repleto de condimentos extra, fue un<strong>&nbsp;t\u00edpico partido de Copa Libertadores<\/strong>: con un marco imponente, pierna fuerte y pol\u00e9micas.<\/p>\n\n\n\n<p>La salida de Barco, lesionado, en el inicio del segundo tiempo le quit\u00f3 profundidad a su equipo y las acciones se empezaron a emparejar.<br>&nbsp;<\/p>\n\n\n\n<p>0 seconds of 0 secondsVolume 90%<\/p>\n\n\n\n<p><strong>Boca 0 &#8211; Racing 0<\/strong><\/p>\n\n\n\n<p><strong>El mi\u00e9rcoles en Avellaneda ser\u00e1 el segundo cap\u00edtulo<\/strong>&nbsp;y hay que ver si los protagonistas son los mismos, pero seguramente la actitud va a ser distinta. Racing, por ser local tendr\u00e1 la obligaci\u00f3n de ir a buscar la diferencia y Boca tratar\u00e1 de buscar los espacios para llevarse la clasificaci\u00f3n a semifinales.<br><br>El que pase jugar\u00e1 por los cuartos de final ante el ganador de la serie de octavos entre Deportivo Pereira y&nbsp;<strong>Palmeiras<\/strong>, que gole\u00f3 4-0 en Colombia y qued\u00f3 a un paso de la clasificaci\u00f3n.<br><br>Antes de la revancha en el Cilindro de Avellaneda, Boca ira de visitante a Jun\u00edn para enfrentar a Sarmiento el pr\u00f3ximo domingo a las 17, por la segunda fecha del grupo B de la Copa de la Liga y por la misma zona la Academia&nbsp;recibir\u00e1 a Tigre el s\u00e1bado desde las 19.30.<\/p>\n","protected":false},"excerpt":{"rendered":"<p>Con mucho caudal de juego aunque sin eficacia, Boca mereci\u00f3 m\u00e1s de lo que llev\u00f3&#8230;<\/p>\n","protected":false},"author":3,"featured_media":1948,"comment_status":"open","ping_status":"open","sticky":false,"template":"","format":"standard","meta":{"footnotes":""},"categories":[38],"tags":[],"class_list":["post-1947","post","type-post","status-publish","format-standard","has-post-thumbnail","hentry","category-copa-libertadores"],"yoast_head":"<!-- This site is optimized with the Yoast SEO plugin v21.4 - https:\/\/yoast.com\/wordpress\/plugins\/seo\/ -->\n<title>S\u00f3lo falt\u00f3 el gol - BOCA PARA TODO EL MUNDO<\/title>\n<meta name=\"robots\" content=\"index, follow, max-snippet:-1, max-image-preview:large, max-video-preview:-1\" \/>\n<link rel=\"canonical\" href=\"https:\/\/bocaparatodoelmundo.com.ar\/?p=1947\" \/>\n<meta property=\"og:locale\" content=\"es_ES\" \/>\n<meta property=\"og:type\" content=\"article\" \/>\n<meta property=\"og:title\" content=\"S\u00f3lo falt\u00f3 el gol - BOCA PARA TODO EL MUNDO\" \/>\n<meta property=\"og:description\" content=\"Con mucho caudal de juego aunque sin eficacia, Boca mereci\u00f3 m\u00e1s de lo que llev\u00f3...\" \/>\n<meta property=\"og:url\" content=\"https:\/\/bocaparatodoelmundo.com.ar\/?p=1947\" \/>\n<meta property=\"og:site_name\" content=\"BOCA PARA TODO EL MUNDO\" \/>\n<meta property=\"article:published_time\" content=\"2023-08-24T02:42:00+00:00\" \/>\n<meta property=\"article:modified_time\" content=\"2023-08-25T00:47:18+00:00\" \/>\n<meta property=\"og:image\" content=\"https:\/\/bocaparatodoelmundo.com.ar\/wp-content\/uploads\/2023\/08\/761091-whatsapp-20image-202023-08-23-20at-2023-36-51-20-281-29-0.jpeg\" \/>\n\t<meta property=\"og:image:width\" content=\"360\" \/>\n\t<meta property=\"og:image:height\" content=\"240\" \/>\n\t<meta property=\"og:image:type\" content=\"image\/jpeg\" \/>\n<meta name=\"author\" content=\"Redaccion BPTM\" \/>\n<meta name=\"twitter:card\" content=\"summary_large_image\" \/>\n<meta name=\"twitter:label1\" content=\"Escrito por\" \/>\n\t<meta name=\"twitter:data1\" content=\"Redaccion BPTM\" \/>\n\t<meta name=\"twitter:label2\" content=\"Tiempo de lectura\" \/>\n\t<meta name=\"twitter:data2\" content=\"3 minutos\" \/>\n<script type=\"application\/ld+json\" class=\"yoast-schema-graph\">{\"@context\":\"https:\/\/schema.org\",\"@graph\":[{\"@type\":\"WebPage\",\"@id\":\"https:\/\/bocaparatodoelmundo.com.ar\/?p=1947\",\"url\":\"https:\/\/bocaparatodoelmundo.com.ar\/?p=1947\",\"name\":\"S\u00f3lo falt\u00f3 el gol - BOCA PARA TODO EL MUNDO\",\"isPartOf\":{\"@id\":\"https:\/\/bocaparatodoelmundo.com.ar\/#website\"},\"datePublished\":\"2023-08-24T02:42:00+00:00\",\"dateModified\":\"2023-08-25T00:47:18+00:00\",\"author\":{\"@id\":\"https:\/\/bocaparatodoelmundo.com.ar\/#\/schema\/person\/cc56d27ea9d37f4cea3636086a1847c5\"},\"breadcrumb\":{\"@id\":\"https:\/\/bocaparatodoelmundo.com.ar\/?p=1947#breadcrumb\"},\"inLanguage\":\"es-AR\",\"potentialAction\":[{\"@type\":\"ReadAction\",\"target\":[\"https:\/\/bocaparatodoelmundo.com.ar\/?p=1947\"]}]},{\"@type\":\"BreadcrumbList\",\"@id\":\"https:\/\/bocaparatodoelmundo.com.ar\/?p=1947#breadcrumb\",\"itemListElement\":[{\"@type\":\"ListItem\",\"position\":1,\"name\":\"Inicio\",\"item\":\"https:\/\/bocaparatodoelmundo.com.ar\/\"},{\"@type\":\"ListItem\",\"position\":2,\"name\":\"S\u00f3lo falt\u00f3 el gol\"}]},{\"@type\":\"WebSite\",\"@id\":\"https:\/\/bocaparatodoelmundo.com.ar\/#website\",\"url\":\"https:\/\/bocaparatodoelmundo.com.ar\/\",\"name\":\"BOCA PARA TODO EL MUNDO\",\"description\":\"Toda la historia y actualidad del club atletico boca junios esta aqui\",\"potentialAction\":[{\"@type\":\"SearchAction\",\"target\":{\"@type\":\"EntryPoint\",\"urlTemplate\":\"https:\/\/bocaparatodoelmundo.com.ar\/?s={search_term_string}\"},\"query-input\":\"required name=search_term_string\"}],\"inLanguage\":\"es-AR\"},{\"@type\":\"Person\",\"@id\":\"https:\/\/bocaparatodoelmundo.com.ar\/#\/schema\/person\/cc56d27ea9d37f4cea3636086a1847c5\",\"name\":\"Redaccion BPTM\",\"image\":{\"@type\":\"ImageObject\",\"inLanguage\":\"es-AR\",\"@id\":\"https:\/\/bocaparatodoelmundo.com.ar\/#\/schema\/person\/image\/\",\"url\":\"https:\/\/secure.gravatar.com\/avatar\/3b62665b8c08843736974a055cc2398ba6bb7fd2fe787285105d666c418a7d13?s=96&d=mm&r=g\",\"contentUrl\":\"https:\/\/secure.gravatar.com\/avatar\/3b62665b8c08843736974a055cc2398ba6bb7fd2fe787285105d666c418a7d13?s=96&d=mm&r=g\",\"caption\":\"Redaccion BPTM\"},\"sameAs\":[\"http:\/\/bocaparatodoelmundo.com.ar\"],\"url\":\"https:\/\/bocaparatodoelmundo.com.ar\/?author=3\"}]}<\/script>\n<!-- \/ Yoast SEO plugin. -->","yoast_head_json":{"title":"S\u00f3lo falt\u00f3 el gol - BOCA PARA TODO EL MUNDO","robots":{"index":"index","follow":"follow","max-snippet":"max-snippet:-1","max-image-preview":"max-image-preview:large","max-video-preview":"max-video-preview:-1"},"canonical":"https:\/\/bocaparatodoelmundo.com.ar\/?p=1947","og_locale":"es_ES","og_type":"article","og_title":"S\u00f3lo falt\u00f3 el gol - BOCA PARA TODO EL MUNDO","og_description":"Con mucho caudal de juego aunque sin eficacia, Boca mereci\u00f3 m\u00e1s de lo que llev\u00f3...","og_url":"https:\/\/bocaparatodoelmundo.com.ar\/?p=1947","og_site_name":"BOCA PARA TODO EL MUNDO","article_published_time":"2023-08-24T02:42:00+00:00","article_modified_time":"2023-08-25T00:47:18+00:00","og_image":[{"width":360,"height":240,"url":"https:\/\/bocaparatodoelmundo.com.ar\/wp-content\/uploads\/2023\/08\/761091-whatsapp-20image-202023-08-23-20at-2023-36-51-20-281-29-0.jpeg","type":"image\/jpeg"}],"author":"Redaccion BPTM","twitter_card":"summary_large_image","twitter_misc":{"Escrito por":"Redaccion BPTM","Tiempo de lectura":"3 minutos"},"schema":{"@context":"https:\/\/schema.org","@graph":[{"@type":"WebPage","@id":"https:\/\/bocaparatodoelmundo.com.ar\/?p=1947","url":"https:\/\/bocaparatodoelmundo.com.ar\/?p=1947","name":"S\u00f3lo falt\u00f3 el gol - BOCA PARA TODO EL MUNDO","isPartOf":{"@id":"https:\/\/bocaparatodoelmundo.com.ar\/#website"},"datePublished":"2023-08-24T02:42:00+00:00","dateModified":"2023-08-25T00:47:18+00:00","author":{"@id":"https:\/\/bocaparatodoelmundo.com.ar\/#\/schema\/person\/cc56d27ea9d37f4cea3636086a1847c5"},"breadcrumb":{"@id":"https:\/\/bocaparatodoelmundo.com.ar\/?p=1947#breadcrumb"},"inLanguage":"es-AR","potentialAction":[{"@type":"ReadAction","target":["https:\/\/bocaparatodoelmundo.com.ar\/?p=1947"]}]},{"@type":"BreadcrumbList","@id":"https:\/\/bocaparatodoelmundo.com.ar\/?p=1947#breadcrumb","itemListElement":[{"@type":"ListItem","position":1,"name":"Inicio","item":"https:\/\/bocaparatodoelmundo.com.ar\/"},{"@type":"ListItem","position":2,"name":"S\u00f3lo falt\u00f3 el gol"}]},{"@type":"WebSite","@id":"https:\/\/bocaparatodoelmundo.com.ar\/#website","url":"https:\/\/bocaparatodoelmundo.com.ar\/","name":"BOCA PARA TODO EL MUNDO","description":"Toda la historia y actualidad del club atletico boca junios esta aqui","potentialAction":[{"@type":"SearchAction","target":{"@type":"EntryPoint","urlTemplate":"https:\/\/bocaparatodoelmundo.com.ar\/?s={search_term_string}"},"query-input":"required name=search_term_string"}],"inLanguage":"es-AR"},{"@type":"Person","@id":"https:\/\/bocaparatodoelmundo.com.ar\/#\/schema\/person\/cc56d27ea9d37f4cea3636086a1847c5","name":"Redaccion BPTM","image":{"@type":"ImageObject","inLanguage":"es-AR","@id":"https:\/\/bocaparatodoelmundo.com.ar\/#\/schema\/person\/image\/","url":"https:\/\/secure.gravatar.com\/avatar\/3b62665b8c08843736974a055cc2398ba6bb7fd2fe787285105d666c418a7d13?s=96&d=mm&r=g","contentUrl":"https:\/\/secure.gravatar.com\/avatar\/3b62665b8c08843736974a055cc2398ba6bb7fd2fe787285105d666c418a7d13?s=96&d=mm&r=g","caption":"Redaccion BPTM"},"sameAs":["http:\/\/bocaparatodoelmundo.com.ar"],"url":"https:\/\/bocaparatodoelmundo.com.ar\/?author=3"}]}},"_links":{"self":[{"href":"https:\/\/bocaparatodoelmundo.com.ar\/index.php?rest_route=\/wp\/v2\/posts\/1947","targetHints":{"allow":["GET"]}}],"collection":[{"href":"https:\/\/bocaparatodoelmundo.com.ar\/index.php?rest_route=\/wp\/v2\/posts"}],"about":[{"href":"https:\/\/bocaparatodoelmundo.com.ar\/index.php?rest_route=\/wp\/v2\/types\/post"}],"author":[{"embeddable":true,"href":"https:\/\/bocaparatodoelmundo.com.ar\/index.php?rest_route=\/wp\/v2\/users\/3"}],"replies":[{"embeddable":true,"href":"https:\/\/bocaparatodoelmundo.com.ar\/index.php?rest_route=%2Fwp%2Fv2%2Fcomments&post=1947"}],"version-history":[{"count":1,"href":"https:\/\/bocaparatodoelmundo.com.ar\/index.php?rest_route=\/wp\/v2\/posts\/1947\/revisions"}],"predecessor-version":[{"id":1949,"href":"https:\/\/bocaparatodoelmundo.com.ar\/index.php?rest_route=\/wp\/v2\/posts\/1947\/revisions\/1949"}],"wp:featuredmedia":[{"embeddable":true,"href":"https:\/\/bocaparatodoelmundo.com.ar\/index.php?rest_route=\/wp\/v2\/media\/1948"}],"wp:attachment":[{"href":"https:\/\/bocaparatodoelmundo.com.ar\/index.php?rest_route=%2Fwp%2Fv2%2Fmedia&parent=1947"}],"wp:term":[{"taxonomy":"category","embeddable":true,"href":"https:\/\/bocaparatodoelmundo.com.ar\/index.php?rest_route=%2Fwp%2Fv2%2Fcategories&post=1947"},{"taxonomy":"post_tag","embeddable":true,"href":"https:\/\/bocaparatodoelmundo.com.ar\/index.php?rest_route=%2Fwp%2Fv2%2Ftags&post=1947"}],"curies":[{"name":"wp","href":"https:\/\/api.w.org\/{rel}","templated":true}]}}