{"id":1920,"date":"2023-08-08T09:37:01","date_gmt":"2023-08-08T12:37:01","guid":{"rendered":"https:\/\/bocaparatodoelmundo.com.ar\/?p=1920"},"modified":"2023-08-08T09:43:26","modified_gmt":"2023-08-08T12:43:26","slug":"el-doble-9-es-la-formula","status":"publish","type":"post","link":"https:\/\/bocaparatodoelmundo.com.ar\/?p=1920","title":{"rendered":"El Doble 9 es la f\u00f3rmula"},"content":{"rendered":"\n<h2 class=\"wp-block-heading\">Este lunes, Jorge Almir\u00f3n, DT xeneize, junt\u00f3 a los 9 de oro: Cavani y Benedetto.<\/h2>\n\n\n\n<p><strong><a href=\"https:\/\/www.elgrafico.com.ar\/etiqueta\/Boca?gclid=Cj0KCQjwrMKmBhCJARIsAHuEAPRf-TAetBrkx-hTcEKwHwmlGpYGiLHAB-SjAQCEriDllLFMrJTx2FYaAuH_EALw_wcB\" target=\"_blank\" rel=\"noreferrer noopener\">JORGE ALMIR\u00d3N<\/a>, DT de&nbsp;<a href=\"https:\/\/www.elgrafico.com.ar\/etiqueta\/Boca?gclid=Cj0KCQjwrMKmBhCJARIsAHuEAPRuZpacyDTJwXFbYE2p7Fs5eie-GYAgrGmB-vgSXIod8NLqki6CVt8aAh9CEALw_wcB\" target=\"_blank\" rel=\"noreferrer noopener\">Boca<\/a>, no par\u00f3 un equipo a\u00fan<\/strong>&nbsp;para enfrentar a Nacional por la vuelta de octavos de Copa Libertadores,<strong>&nbsp;pero dio alguna pista en los trabajos de este lunes.<\/strong><\/p>\n\n\n\n<p><strong>El plantel trabaj\u00f3 en espacios reducidos<\/strong>&nbsp;y en uno de esos equipos informales el entrenador&nbsp;<strong>prob\u00f3 con la dupla que todo el mundo quiere ver: Edinson Cavani y Dar\u00edo Benedetto.<\/strong><\/p>\n\n\n\n<p>De todas formas, ese ensayo\u00a0<strong>no es garant\u00eda de que\u00a0se vuelque a la realidad<\/strong>, ya que\u00a0<strong>en el otro equipo tambi\u00e9n trabajaron juntos Lucas Janson y Miguel Merentiel.<\/strong><\/p>\n\n\n\n<blockquote class=\"twitter-tweet\"><p lang=\"es\" dir=\"ltr\">\ud83d\udd1b \u00a1Semana de Copa en casa! \ud83d\udcaa<a href=\"https:\/\/twitter.com\/hashtag\/DaleBoca?src=hash&amp;ref_src=twsrc%5Etfw\">#DaleBoca<\/a> \ud83d\udd35\ud83d\udfe1\ud83d\udd35 <a href=\"https:\/\/t.co\/cVtOUADZnS\">pic.twitter.com\/cVtOUADZnS<\/a><\/p>&mdash; Boca Juniors (@BocaJrsOficial) <a href=\"https:\/\/twitter.com\/BocaJrsOficial\/status\/1688600666300657664?ref_src=twsrc%5Etfw\">August 7, 2023<\/a><\/blockquote> <script async src=\"https:\/\/platform.twitter.com\/widgets.js\" charset=\"utf-8\"><\/script>\n\n\n\n<p>Las buenas noticias tambi\u00e9n se trasladaron al mercado de pases, ya que&nbsp;<strong>se espera que Ezequiel Bullaude llegue ma\u00f1ana a la Argentina y firme el contrato<\/strong>&nbsp;que lo ligar\u00e1 con el club de La Ribera por los pr\u00f3ximos 18 meses.<\/p>\n\n\n\n<p>Boca recibir\u00e1 a Nacional el pr\u00f3ximo mi\u00e9rcoles a partir de las 21, por el partido de vuelta de octavos de la Copa Libertadores. En la ida igualaron 0 a 0 y<strong>&nbsp;el conjunto auriazul quiere romper la racha del Bolso cada vez que visit\u00f3 el estadio Alberto J. Armando<\/strong>&nbsp;por torneos continentales: en tiempo reglamentario&nbsp;<strong>est\u00e1 invicto con 3 empates y 1 triunfo.<\/strong><\/p>\n","protected":false},"excerpt":{"rendered":"<p>Este lunes, Jorge Almir\u00f3n, DT xeneize, junt\u00f3 a los 9 de oro: Cavani y Benedetto&#8230;.<\/p>\n","protected":false},"author":3,"featured_media":1921,"comment_status":"open","ping_status":"open","sticky":false,"template":"","format":"standard","meta":{"footnotes":""},"categories":[38],"tags":[],"class_list":["post-1920","post","type-post","status-publish","format-standard","has-post-thumbnail","hentry","category-copa-libertadores"],"yoast_head":"<!-- This site is optimized with the Yoast SEO plugin v21.4 - https:\/\/yoast.com\/wordpress\/plugins\/seo\/ -->\n<title>El Doble 9 es la f\u00f3rmula - BOCA PARA TODO EL MUNDO<\/title>\n<meta name=\"robots\" content=\"index, follow, max-snippet:-1, max-image-preview:large, max-video-preview:-1\" \/>\n<link rel=\"canonical\" href=\"https:\/\/bocaparatodoelmundo.com.ar\/?p=1920\" \/>\n<meta property=\"og:locale\" content=\"es_ES\" \/>\n<meta property=\"og:type\" content=\"article\" \/>\n<meta property=\"og:title\" content=\"El Doble 9 es la f\u00f3rmula - BOCA PARA TODO EL MUNDO\" \/>\n<meta property=\"og:description\" content=\"Este lunes, Jorge Almir\u00f3n, DT xeneize, junt\u00f3 a los 9 de oro: Cavani y Benedetto....\" \/>\n<meta property=\"og:url\" content=\"https:\/\/bocaparatodoelmundo.com.ar\/?p=1920\" \/>\n<meta property=\"og:site_name\" content=\"BOCA PARA TODO EL MUNDO\" \/>\n<meta property=\"article:published_time\" content=\"2023-08-08T12:37:01+00:00\" \/>\n<meta property=\"article:modified_time\" content=\"2023-08-08T12:43:26+00:00\" \/>\n<meta property=\"og:image\" content=\"https:\/\/bocaparatodoelmundo.com.ar\/wp-content\/uploads\/2023\/08\/download-34.jpg\" \/>\n\t<meta property=\"og:image:width\" content=\"300\" \/>\n\t<meta property=\"og:image:height\" content=\"168\" \/>\n\t<meta property=\"og:image:type\" content=\"image\/jpeg\" \/>\n<meta name=\"author\" content=\"Redaccion BPTM\" \/>\n<meta name=\"twitter:card\" content=\"summary_large_image\" \/>\n<meta name=\"twitter:label1\" content=\"Escrito por\" \/>\n\t<meta name=\"twitter:data1\" content=\"Redaccion BPTM\" \/>\n\t<meta name=\"twitter:label2\" content=\"Tiempo de lectura\" \/>\n\t<meta name=\"twitter:data2\" content=\"1 minuto\" \/>\n<script type=\"application\/ld+json\" class=\"yoast-schema-graph\">{\"@context\":\"https:\/\/schema.org\",\"@graph\":[{\"@type\":\"WebPage\",\"@id\":\"https:\/\/bocaparatodoelmundo.com.ar\/?p=1920\",\"url\":\"https:\/\/bocaparatodoelmundo.com.ar\/?p=1920\",\"name\":\"El Doble 9 es la f\u00f3rmula - BOCA PARA TODO EL MUNDO\",\"isPartOf\":{\"@id\":\"https:\/\/bocaparatodoelmundo.com.ar\/#website\"},\"datePublished\":\"2023-08-08T12:37:01+00:00\",\"dateModified\":\"2023-08-08T12:43:26+00:00\",\"author\":{\"@id\":\"https:\/\/bocaparatodoelmundo.com.ar\/#\/schema\/person\/cc56d27ea9d37f4cea3636086a1847c5\"},\"breadcrumb\":{\"@id\":\"https:\/\/bocaparatodoelmundo.com.ar\/?p=1920#breadcrumb\"},\"inLanguage\":\"es-AR\",\"potentialAction\":[{\"@type\":\"ReadAction\",\"target\":[\"https:\/\/bocaparatodoelmundo.com.ar\/?p=1920\"]}]},{\"@type\":\"BreadcrumbList\",\"@id\":\"https:\/\/bocaparatodoelmundo.com.ar\/?p=1920#breadcrumb\",\"itemListElement\":[{\"@type\":\"ListItem\",\"position\":1,\"name\":\"Inicio\",\"item\":\"https:\/\/bocaparatodoelmundo.com.ar\/\"},{\"@type\":\"ListItem\",\"position\":2,\"name\":\"El Doble 9 es la f\u00f3rmula\"}]},{\"@type\":\"WebSite\",\"@id\":\"https:\/\/bocaparatodoelmundo.com.ar\/#website\",\"url\":\"https:\/\/bocaparatodoelmundo.com.ar\/\",\"name\":\"BOCA PARA TODO EL MUNDO\",\"description\":\"Toda la historia y actualidad del club atletico boca junios esta aqui\",\"potentialAction\":[{\"@type\":\"SearchAction\",\"target\":{\"@type\":\"EntryPoint\",\"urlTemplate\":\"https:\/\/bocaparatodoelmundo.com.ar\/?s={search_term_string}\"},\"query-input\":\"required name=search_term_string\"}],\"inLanguage\":\"es-AR\"},{\"@type\":\"Person\",\"@id\":\"https:\/\/bocaparatodoelmundo.com.ar\/#\/schema\/person\/cc56d27ea9d37f4cea3636086a1847c5\",\"name\":\"Redaccion BPTM\",\"image\":{\"@type\":\"ImageObject\",\"inLanguage\":\"es-AR\",\"@id\":\"https:\/\/bocaparatodoelmundo.com.ar\/#\/schema\/person\/image\/\",\"url\":\"https:\/\/secure.gravatar.com\/avatar\/3b62665b8c08843736974a055cc2398ba6bb7fd2fe787285105d666c418a7d13?s=96&d=mm&r=g\",\"contentUrl\":\"https:\/\/secure.gravatar.com\/avatar\/3b62665b8c08843736974a055cc2398ba6bb7fd2fe787285105d666c418a7d13?s=96&d=mm&r=g\",\"caption\":\"Redaccion BPTM\"},\"sameAs\":[\"http:\/\/bocaparatodoelmundo.com.ar\"],\"url\":\"https:\/\/bocaparatodoelmundo.com.ar\/?author=3\"}]}<\/script>\n<!-- \/ Yoast SEO plugin. -->","yoast_head_json":{"title":"El Doble 9 es la f\u00f3rmula - BOCA PARA TODO EL MUNDO","robots":{"index":"index","follow":"follow","max-snippet":"max-snippet:-1","max-image-preview":"max-image-preview:large","max-video-preview":"max-video-preview:-1"},"canonical":"https:\/\/bocaparatodoelmundo.com.ar\/?p=1920","og_locale":"es_ES","og_type":"article","og_title":"El Doble 9 es la f\u00f3rmula - BOCA PARA TODO EL MUNDO","og_description":"Este lunes, Jorge Almir\u00f3n, DT xeneize, junt\u00f3 a los 9 de oro: Cavani y Benedetto....","og_url":"https:\/\/bocaparatodoelmundo.com.ar\/?p=1920","og_site_name":"BOCA PARA TODO EL MUNDO","article_published_time":"2023-08-08T12:37:01+00:00","article_modified_time":"2023-08-08T12:43:26+00:00","og_image":[{"width":300,"height":168,"url":"https:\/\/bocaparatodoelmundo.com.ar\/wp-content\/uploads\/2023\/08\/download-34.jpg","type":"image\/jpeg"}],"author":"Redaccion BPTM","twitter_card":"summary_large_image","twitter_misc":{"Escrito por":"Redaccion BPTM","Tiempo de lectura":"1 minuto"},"schema":{"@context":"https:\/\/schema.org","@graph":[{"@type":"WebPage","@id":"https:\/\/bocaparatodoelmundo.com.ar\/?p=1920","url":"https:\/\/bocaparatodoelmundo.com.ar\/?p=1920","name":"El Doble 9 es la f\u00f3rmula - BOCA PARA TODO EL MUNDO","isPartOf":{"@id":"https:\/\/bocaparatodoelmundo.com.ar\/#website"},"datePublished":"2023-08-08T12:37:01+00:00","dateModified":"2023-08-08T12:43:26+00:00","author":{"@id":"https:\/\/bocaparatodoelmundo.com.ar\/#\/schema\/person\/cc56d27ea9d37f4cea3636086a1847c5"},"breadcrumb":{"@id":"https:\/\/bocaparatodoelmundo.com.ar\/?p=1920#breadcrumb"},"inLanguage":"es-AR","potentialAction":[{"@type":"ReadAction","target":["https:\/\/bocaparatodoelmundo.com.ar\/?p=1920"]}]},{"@type":"BreadcrumbList","@id":"https:\/\/bocaparatodoelmundo.com.ar\/?p=1920#breadcrumb","itemListElement":[{"@type":"ListItem","position":1,"name":"Inicio","item":"https:\/\/bocaparatodoelmundo.com.ar\/"},{"@type":"ListItem","position":2,"name":"El Doble 9 es la f\u00f3rmula"}]},{"@type":"WebSite","@id":"https:\/\/bocaparatodoelmundo.com.ar\/#website","url":"https:\/\/bocaparatodoelmundo.com.ar\/","name":"BOCA PARA TODO EL MUNDO","description":"Toda la historia y actualidad del club atletico boca junios esta aqui","potentialAction":[{"@type":"SearchAction","target":{"@type":"EntryPoint","urlTemplate":"https:\/\/bocaparatodoelmundo.com.ar\/?s={search_term_string}"},"query-input":"required name=search_term_string"}],"inLanguage":"es-AR"},{"@type":"Person","@id":"https:\/\/bocaparatodoelmundo.com.ar\/#\/schema\/person\/cc56d27ea9d37f4cea3636086a1847c5","name":"Redaccion BPTM","image":{"@type":"ImageObject","inLanguage":"es-AR","@id":"https:\/\/bocaparatodoelmundo.com.ar\/#\/schema\/person\/image\/","url":"https:\/\/secure.gravatar.com\/avatar\/3b62665b8c08843736974a055cc2398ba6bb7fd2fe787285105d666c418a7d13?s=96&d=mm&r=g","contentUrl":"https:\/\/secure.gravatar.com\/avatar\/3b62665b8c08843736974a055cc2398ba6bb7fd2fe787285105d666c418a7d13?s=96&d=mm&r=g","caption":"Redaccion BPTM"},"sameAs":["http:\/\/bocaparatodoelmundo.com.ar"],"url":"https:\/\/bocaparatodoelmundo.com.ar\/?author=3"}]}},"_links":{"self":[{"href":"https:\/\/bocaparatodoelmundo.com.ar\/index.php?rest_route=\/wp\/v2\/posts\/1920","targetHints":{"allow":["GET"]}}],"collection":[{"href":"https:\/\/bocaparatodoelmundo.com.ar\/index.php?rest_route=\/wp\/v2\/posts"}],"about":[{"href":"https:\/\/bocaparatodoelmundo.com.ar\/index.php?rest_route=\/wp\/v2\/types\/post"}],"author":[{"embeddable":true,"href":"https:\/\/bocaparatodoelmundo.com.ar\/index.php?rest_route=\/wp\/v2\/users\/3"}],"replies":[{"embeddable":true,"href":"https:\/\/bocaparatodoelmundo.com.ar\/index.php?rest_route=%2Fwp%2Fv2%2Fcomments&post=1920"}],"version-history":[{"count":1,"href":"https:\/\/bocaparatodoelmundo.com.ar\/index.php?rest_route=\/wp\/v2\/posts\/1920\/revisions"}],"predecessor-version":[{"id":1922,"href":"https:\/\/bocaparatodoelmundo.com.ar\/index.php?rest_route=\/wp\/v2\/posts\/1920\/revisions\/1922"}],"wp:featuredmedia":[{"embeddable":true,"href":"https:\/\/bocaparatodoelmundo.com.ar\/index.php?rest_route=\/wp\/v2\/media\/1921"}],"wp:attachment":[{"href":"https:\/\/bocaparatodoelmundo.com.ar\/index.php?rest_route=%2Fwp%2Fv2%2Fmedia&parent=1920"}],"wp:term":[{"taxonomy":"category","embeddable":true,"href":"https:\/\/bocaparatodoelmundo.com.ar\/index.php?rest_route=%2Fwp%2Fv2%2Fcategories&post=1920"},{"taxonomy":"post_tag","embeddable":true,"href":"https:\/\/bocaparatodoelmundo.com.ar\/index.php?rest_route=%2Fwp%2Fv2%2Ftags&post=1920"}],"curies":[{"name":"wp","href":"https:\/\/api.w.org\/{rel}","templated":true}]}}