{"id":1882,"date":"2023-07-27T10:38:16","date_gmt":"2023-07-27T13:38:16","guid":{"rendered":"https:\/\/bocaparatodoelmundo.com.ar\/?p=1882"},"modified":"2023-07-27T10:38:17","modified_gmt":"2023-07-27T13:38:17","slug":"a-un-paso","status":"publish","type":"post","link":"https:\/\/bocaparatodoelmundo.com.ar\/?p=1882","title":{"rendered":"A un paso&#8230;"},"content":{"rendered":"\n<h4 class=\"wp-block-heading\">La llegada de Edinson Cavani a Boca est\u00e1 muy cerca de realizarse. Si bien el Valencia inscribi\u00f3 al delantero uruguayo en su plantilla para la pr\u00f3xima temporada, Cavani no ser\u00e1 tenido en cuenta y ya se encuentra tramitando su desvinculaci\u00f3n de la instituci\u00f3n espa\u00f1ola.<\/h4>\n\n\n\n<p>En las \u00faltimas horas, el mediocampista paraguayo<strong>\u00a0\u00d3scar Romero<\/strong>\u00a0rescindi\u00f3 su contrato en\u00a0<strong>Boca\u00a0<\/strong>y liber\u00f3 un cupo de extranjero para la llegada del delantero uruguayo\u00a0<strong>Edinson Cavani<\/strong>. Ya con su parte hecha, el\u00a0<em>Xeneize\u00a0<\/em>ahora aguarda que el\u00a0<em>Matador\u00a0<\/em>se desvincule formalmente del\u00a0<strong>Valencia de Espa\u00f1a<\/strong>\u00a0y son optimistas para cerrar su pase esta semana.<\/p>\n\n\n\n<p><strong>Cavani le dio el &#8220;s\u00ed&#8221; a la propuesta que Juan Rom\u00e1n Riquelme y el Consejo de F\u00fatbol le acerc\u00f3 a su entorno<\/strong>&nbsp;y, una vez arregle su salida del equipo espa\u00f1ol,&nbsp;<strong>est\u00e1 todo dado para que sea el tercer refuerzo de Boca<\/strong>, luego de la llegada del lateral derecho&nbsp;<strong>Lucas Blondel&nbsp;<\/strong>desde&nbsp;<strong>Tigre&nbsp;<\/strong>y el extremo&nbsp;<strong>Lucas Janson<\/strong>&nbsp;desde&nbsp;<strong>V\u00e9lez<\/strong>.<\/p>\n\n\n\n<p>En el&nbsp;<em>Xeneize<strong><\/strong><\/em><strong>&nbsp;saben que tienen como fecha l\u00edmite el s\u00e1bado para que el atacante de 36 a\u00f1os pueda integrar la lista de buena fe que el club presentar\u00e1 a la CONMEBOL de cara a los cruces decisivos en la Copa Libertadores<\/strong>, competencia en la que deber\u00e1 enfrentar a&nbsp;<strong>Nacional de Uruguay<\/strong>&nbsp;en los octavos de final.<\/p>\n\n\n\n<p>Qu\u00e9 falta para que Edinson Cavani llegue a Boca<\/p>\n\n\n\n<p><strong>El centro-delantero de la Selecci\u00f3n de Uruguay todav\u00eda se encuentra en Espa\u00f1a ultimando detalles de su desvinculaci\u00f3n del Valencia&nbsp;<\/strong>y, si bien se especul\u00f3 con alg\u00fan acercamiento de equipos brasile\u00f1os,&nbsp;<strong>todos los caminos del futuro de Edinson Cavani conducen a Boca<\/strong>. Luego de cerrar su pase, el cual es la m\u00e1xima prioridad en estos momento, el&nbsp;<em>Xeneize<strong><\/strong><\/em><strong>&nbsp;espera concretar la salida del venezolano Jan Hurtado&nbsp;<\/strong>para as\u00ed liberar otro cupo de extranjero e ir por&nbsp;<strong>Diego Valoyes<\/strong>, atacante colombiano de<strong>&nbsp;Talleres de C\u00f3rdoba<\/strong>&nbsp;.<\/p>\n\n\n\n<h2 class=\"wp-block-heading\"><a href=\"https:\/\/www.tycsports.com\/boca-juniors\/primer-entrenamiento-lucas-janson-vuelta-marcos-rojo-boca-prepara-clasico-independiente-id525631.html\"><\/a>C\u00f3mo llega Cavani en las \u00faltimas tres temporadas<\/h2>\n\n\n\n<p><strong>El atacante de 36 a\u00f1os oriundo de Salto jug\u00f3 87 encuentros en las \u00faltimas tres temporadas divididos entre su tiempo entre Old Trafford y Mestalla<\/strong>. Dentro de ese tiempo, se puede destacar tambi\u00e9n como su presencia dentro de sus diversos equipos tanto por lesiones como tambi\u00e9n en su rol dentro de los equipos.<\/p>\n\n\n\n<p><strong>Justamente su temporada con m\u00e1s partidos fue la 2020\/21, donde fue titular indiscutible dentro de Manchester United&nbsp;<\/strong>y son\u00f3 en Boca antes de que esa gran seguidilla haga que se terminar\u00e1 por inclinar por renovar su v\u00ednculo por un a\u00f1o m\u00e1s.&nbsp;<strong>Ese segundo a\u00f1o, ya con la presencia de Cristiano Ronaldo, su rol se disminuy\u00f3 considerablemente y fue en ese momento donde estuvo muy cerca del&nbsp;<em>Xeneize<\/em>.<\/strong><\/p>\n\n\n\n<p><strong>Opt\u00f3 en ese entonces por Valencia<\/strong>, donde tuvo mayor participaci\u00f3n aunque tambi\u00e9n sufri\u00f3 por las lesiones y no se termin\u00f3 de asentar del todo dentro del equipo&nbsp;<em>Che<\/em>.&nbsp;<strong>En materia goleadora, la \u00faltima vez que super\u00f3 los dos d\u00edgitos fue en esa ya mencionada temporada 2020\/21<\/strong>, cuando marc\u00f3 19 tantos para los&nbsp;<em>Diablos Rojos<\/em>.&nbsp;<strong>En su \u00faltimo ciclo y ya con la casaca del elenco valenciano, convirti\u00f3 solo siete goles y reparti\u00f3 dos asistencias<\/strong>&nbsp;en un equipo que luch\u00f3 por la permanencia en la Liga de Espa\u00f1a.<\/p>\n","protected":false},"excerpt":{"rendered":"<p>La llegada de Edinson Cavani a Boca est\u00e1 muy cerca de realizarse. Si bien el&#8230;<\/p>\n","protected":false},"author":3,"featured_media":1883,"comment_status":"open","ping_status":"open","sticky":false,"template":"","format":"standard","meta":{"footnotes":""},"categories":[4],"tags":[],"class_list":["post-1882","post","type-post","status-publish","format-standard","has-post-thumbnail","hentry","category-primera-division-masculina"],"yoast_head":"<!-- This site is optimized with the Yoast SEO plugin v21.4 - https:\/\/yoast.com\/wordpress\/plugins\/seo\/ -->\n<title>A un paso... - BOCA PARA TODO EL MUNDO<\/title>\n<meta name=\"robots\" content=\"index, follow, max-snippet:-1, max-image-preview:large, max-video-preview:-1\" \/>\n<link rel=\"canonical\" href=\"https:\/\/bocaparatodoelmundo.com.ar\/?p=1882\" \/>\n<meta property=\"og:locale\" content=\"es_ES\" \/>\n<meta property=\"og:type\" content=\"article\" \/>\n<meta property=\"og:title\" content=\"A un paso... - BOCA PARA TODO EL MUNDO\" \/>\n<meta property=\"og:description\" content=\"La llegada de Edinson Cavani a Boca est\u00e1 muy cerca de realizarse. Si bien el...\" \/>\n<meta property=\"og:url\" content=\"https:\/\/bocaparatodoelmundo.com.ar\/?p=1882\" \/>\n<meta property=\"og:site_name\" content=\"BOCA PARA TODO EL MUNDO\" \/>\n<meta property=\"article:published_time\" content=\"2023-07-27T13:38:16+00:00\" \/>\n<meta property=\"article:modified_time\" content=\"2023-07-27T13:38:17+00:00\" \/>\n<meta property=\"og:image\" content=\"https:\/\/bocaparatodoelmundo.com.ar\/wp-content\/uploads\/2023\/07\/fotojet-2023-07-26t100848-530-jpg.jpg\" \/>\n\t<meta property=\"og:image:width\" content=\"1500\" \/>\n\t<meta property=\"og:image:height\" content=\"843\" \/>\n\t<meta property=\"og:image:type\" content=\"image\/jpeg\" \/>\n<meta name=\"author\" content=\"Redaccion BPTM\" \/>\n<meta name=\"twitter:card\" content=\"summary_large_image\" \/>\n<meta name=\"twitter:label1\" content=\"Escrito por\" \/>\n\t<meta name=\"twitter:data1\" content=\"Redaccion BPTM\" \/>\n\t<meta name=\"twitter:label2\" content=\"Tiempo de lectura\" \/>\n\t<meta name=\"twitter:data2\" content=\"3 minutos\" \/>\n<script type=\"application\/ld+json\" class=\"yoast-schema-graph\">{\"@context\":\"https:\/\/schema.org\",\"@graph\":[{\"@type\":\"WebPage\",\"@id\":\"https:\/\/bocaparatodoelmundo.com.ar\/?p=1882\",\"url\":\"https:\/\/bocaparatodoelmundo.com.ar\/?p=1882\",\"name\":\"A un paso... - BOCA PARA TODO EL MUNDO\",\"isPartOf\":{\"@id\":\"https:\/\/bocaparatodoelmundo.com.ar\/#website\"},\"datePublished\":\"2023-07-27T13:38:16+00:00\",\"dateModified\":\"2023-07-27T13:38:17+00:00\",\"author\":{\"@id\":\"https:\/\/bocaparatodoelmundo.com.ar\/#\/schema\/person\/cc56d27ea9d37f4cea3636086a1847c5\"},\"breadcrumb\":{\"@id\":\"https:\/\/bocaparatodoelmundo.com.ar\/?p=1882#breadcrumb\"},\"inLanguage\":\"es-AR\",\"potentialAction\":[{\"@type\":\"ReadAction\",\"target\":[\"https:\/\/bocaparatodoelmundo.com.ar\/?p=1882\"]}]},{\"@type\":\"BreadcrumbList\",\"@id\":\"https:\/\/bocaparatodoelmundo.com.ar\/?p=1882#breadcrumb\",\"itemListElement\":[{\"@type\":\"ListItem\",\"position\":1,\"name\":\"Inicio\",\"item\":\"https:\/\/bocaparatodoelmundo.com.ar\/\"},{\"@type\":\"ListItem\",\"position\":2,\"name\":\"A un paso&#8230;\"}]},{\"@type\":\"WebSite\",\"@id\":\"https:\/\/bocaparatodoelmundo.com.ar\/#website\",\"url\":\"https:\/\/bocaparatodoelmundo.com.ar\/\",\"name\":\"BOCA PARA TODO EL MUNDO\",\"description\":\"Toda la historia y actualidad del club atletico boca junios esta aqui\",\"potentialAction\":[{\"@type\":\"SearchAction\",\"target\":{\"@type\":\"EntryPoint\",\"urlTemplate\":\"https:\/\/bocaparatodoelmundo.com.ar\/?s={search_term_string}\"},\"query-input\":\"required name=search_term_string\"}],\"inLanguage\":\"es-AR\"},{\"@type\":\"Person\",\"@id\":\"https:\/\/bocaparatodoelmundo.com.ar\/#\/schema\/person\/cc56d27ea9d37f4cea3636086a1847c5\",\"name\":\"Redaccion BPTM\",\"image\":{\"@type\":\"ImageObject\",\"inLanguage\":\"es-AR\",\"@id\":\"https:\/\/bocaparatodoelmundo.com.ar\/#\/schema\/person\/image\/\",\"url\":\"https:\/\/secure.gravatar.com\/avatar\/3b62665b8c08843736974a055cc2398ba6bb7fd2fe787285105d666c418a7d13?s=96&d=mm&r=g\",\"contentUrl\":\"https:\/\/secure.gravatar.com\/avatar\/3b62665b8c08843736974a055cc2398ba6bb7fd2fe787285105d666c418a7d13?s=96&d=mm&r=g\",\"caption\":\"Redaccion BPTM\"},\"sameAs\":[\"http:\/\/bocaparatodoelmundo.com.ar\"],\"url\":\"https:\/\/bocaparatodoelmundo.com.ar\/?author=3\"}]}<\/script>\n<!-- \/ Yoast SEO plugin. -->","yoast_head_json":{"title":"A un paso... - BOCA PARA TODO EL MUNDO","robots":{"index":"index","follow":"follow","max-snippet":"max-snippet:-1","max-image-preview":"max-image-preview:large","max-video-preview":"max-video-preview:-1"},"canonical":"https:\/\/bocaparatodoelmundo.com.ar\/?p=1882","og_locale":"es_ES","og_type":"article","og_title":"A un paso... - BOCA PARA TODO EL MUNDO","og_description":"La llegada de Edinson Cavani a Boca est\u00e1 muy cerca de realizarse. Si bien el...","og_url":"https:\/\/bocaparatodoelmundo.com.ar\/?p=1882","og_site_name":"BOCA PARA TODO EL MUNDO","article_published_time":"2023-07-27T13:38:16+00:00","article_modified_time":"2023-07-27T13:38:17+00:00","og_image":[{"width":1500,"height":843,"url":"https:\/\/bocaparatodoelmundo.com.ar\/wp-content\/uploads\/2023\/07\/fotojet-2023-07-26t100848-530-jpg.jpg","type":"image\/jpeg"}],"author":"Redaccion BPTM","twitter_card":"summary_large_image","twitter_misc":{"Escrito por":"Redaccion BPTM","Tiempo de lectura":"3 minutos"},"schema":{"@context":"https:\/\/schema.org","@graph":[{"@type":"WebPage","@id":"https:\/\/bocaparatodoelmundo.com.ar\/?p=1882","url":"https:\/\/bocaparatodoelmundo.com.ar\/?p=1882","name":"A un paso... - BOCA PARA TODO EL MUNDO","isPartOf":{"@id":"https:\/\/bocaparatodoelmundo.com.ar\/#website"},"datePublished":"2023-07-27T13:38:16+00:00","dateModified":"2023-07-27T13:38:17+00:00","author":{"@id":"https:\/\/bocaparatodoelmundo.com.ar\/#\/schema\/person\/cc56d27ea9d37f4cea3636086a1847c5"},"breadcrumb":{"@id":"https:\/\/bocaparatodoelmundo.com.ar\/?p=1882#breadcrumb"},"inLanguage":"es-AR","potentialAction":[{"@type":"ReadAction","target":["https:\/\/bocaparatodoelmundo.com.ar\/?p=1882"]}]},{"@type":"BreadcrumbList","@id":"https:\/\/bocaparatodoelmundo.com.ar\/?p=1882#breadcrumb","itemListElement":[{"@type":"ListItem","position":1,"name":"Inicio","item":"https:\/\/bocaparatodoelmundo.com.ar\/"},{"@type":"ListItem","position":2,"name":"A un paso&#8230;"}]},{"@type":"WebSite","@id":"https:\/\/bocaparatodoelmundo.com.ar\/#website","url":"https:\/\/bocaparatodoelmundo.com.ar\/","name":"BOCA PARA TODO EL MUNDO","description":"Toda la historia y actualidad del club atletico boca junios esta aqui","potentialAction":[{"@type":"SearchAction","target":{"@type":"EntryPoint","urlTemplate":"https:\/\/bocaparatodoelmundo.com.ar\/?s={search_term_string}"},"query-input":"required name=search_term_string"}],"inLanguage":"es-AR"},{"@type":"Person","@id":"https:\/\/bocaparatodoelmundo.com.ar\/#\/schema\/person\/cc56d27ea9d37f4cea3636086a1847c5","name":"Redaccion BPTM","image":{"@type":"ImageObject","inLanguage":"es-AR","@id":"https:\/\/bocaparatodoelmundo.com.ar\/#\/schema\/person\/image\/","url":"https:\/\/secure.gravatar.com\/avatar\/3b62665b8c08843736974a055cc2398ba6bb7fd2fe787285105d666c418a7d13?s=96&d=mm&r=g","contentUrl":"https:\/\/secure.gravatar.com\/avatar\/3b62665b8c08843736974a055cc2398ba6bb7fd2fe787285105d666c418a7d13?s=96&d=mm&r=g","caption":"Redaccion BPTM"},"sameAs":["http:\/\/bocaparatodoelmundo.com.ar"],"url":"https:\/\/bocaparatodoelmundo.com.ar\/?author=3"}]}},"_links":{"self":[{"href":"https:\/\/bocaparatodoelmundo.com.ar\/index.php?rest_route=\/wp\/v2\/posts\/1882","targetHints":{"allow":["GET"]}}],"collection":[{"href":"https:\/\/bocaparatodoelmundo.com.ar\/index.php?rest_route=\/wp\/v2\/posts"}],"about":[{"href":"https:\/\/bocaparatodoelmundo.com.ar\/index.php?rest_route=\/wp\/v2\/types\/post"}],"author":[{"embeddable":true,"href":"https:\/\/bocaparatodoelmundo.com.ar\/index.php?rest_route=\/wp\/v2\/users\/3"}],"replies":[{"embeddable":true,"href":"https:\/\/bocaparatodoelmundo.com.ar\/index.php?rest_route=%2Fwp%2Fv2%2Fcomments&post=1882"}],"version-history":[{"count":1,"href":"https:\/\/bocaparatodoelmundo.com.ar\/index.php?rest_route=\/wp\/v2\/posts\/1882\/revisions"}],"predecessor-version":[{"id":1884,"href":"https:\/\/bocaparatodoelmundo.com.ar\/index.php?rest_route=\/wp\/v2\/posts\/1882\/revisions\/1884"}],"wp:featuredmedia":[{"embeddable":true,"href":"https:\/\/bocaparatodoelmundo.com.ar\/index.php?rest_route=\/wp\/v2\/media\/1883"}],"wp:attachment":[{"href":"https:\/\/bocaparatodoelmundo.com.ar\/index.php?rest_route=%2Fwp%2Fv2%2Fmedia&parent=1882"}],"wp:term":[{"taxonomy":"category","embeddable":true,"href":"https:\/\/bocaparatodoelmundo.com.ar\/index.php?rest_route=%2Fwp%2Fv2%2Fcategories&post=1882"},{"taxonomy":"post_tag","embeddable":true,"href":"https:\/\/bocaparatodoelmundo.com.ar\/index.php?rest_route=%2Fwp%2Fv2%2Ftags&post=1882"}],"curies":[{"name":"wp","href":"https:\/\/api.w.org\/{rel}","templated":true}]}}