{"id":1869,"date":"2023-07-25T21:05:00","date_gmt":"2023-07-26T00:05:00","guid":{"rendered":"https:\/\/bocaparatodoelmundo.com.ar\/?p=1869"},"modified":"2023-07-26T14:17:18","modified_gmt":"2023-07-26T17:17:18","slug":"fueron-presentados-janson-y-blondel","status":"publish","type":"post","link":"https:\/\/bocaparatodoelmundo.com.ar\/?p=1869","title":{"rendered":"Fueron presentados Blondel y Janson"},"content":{"rendered":"\n<p><a href=\"https:\/\/www.elgrafico.com.ar\/busqueda?termino=LUCAS+BLONDEL\"><strong>LUCAS BLONDEL<\/strong><\/a>\u00a0y\u00a0<a href=\"https:\/\/www.elgrafico.com.ar\/busqueda?termino=LUCAS%C2%A0JANSON\"><strong>LUCAS\u00a0JANSON<\/strong><\/a>\u00a0exhibieron hoy su conformidad en la sala de prensa de la Bombonera, en la que contestaron el requerimiento de la prensa, flanqueados por el presidente Jorge Amor Ameal.<\/p>\n\n\n\n<iframe loading=\"lazy\" width=\"560\" height=\"315\" src=\"https:\/\/www.youtube.com\/embed\/Q6PBNvmQO7o\" title=\"YouTube video player\" frameborder=\"0\" allow=\"accelerometer; autoplay; clipboard-write; encrypted-media; gyroscope; picture-in-picture; web-share\" allowfullscreen><\/iframe>\n\n\n\n<p>\u201c<strong><em>S\u00e9 que se trata de una oportunidad \u00fanica. Lo afrontar\u00e9 con alegr\u00eda y con la responsabilidad que se merece<\/em><\/strong>\u201d, dijo Blondel, de 26 a\u00f1os y que proviene de Tigre, entidad que recibi\u00f3 1,8 millones de d\u00f3lares, aproximadamente, por la transferencia.<br><br>\u201c<em><strong>Uno como jugador siempre tiene la obligaci\u00f3n de hacer lo que pide el t\u00e9cnico<\/strong><\/em>\u00a0(Jorge Almir\u00f3n)\u00a0<em><strong>en el lugar que sea en la cancha<\/strong><\/em>\u201d, remarc\u00f3 el marcador de punta, formado en Atl\u00e9tico de Rafaela.<\/p>\n\n\n\n<blockquote class=\"twitter-tweet\"><p lang=\"es\" dir=\"ltr\">Primera vez pisando el estadio y vistiendo los colores m\u00e1s hermosos del mundo \ud83d\udc99\ud83d\udc9b\ud83d\udc99 <a href=\"https:\/\/t.co\/WIuPKBdOwR\">pic.twitter.com\/WIuPKBdOwR<\/a><\/p>&mdash; Boca Juniors (@BocaJrsOficial) <a href=\"https:\/\/twitter.com\/BocaJrsOficial\/status\/1683950410329882624?ref_src=twsrc%5Etfw\">July 25, 2023<\/a><\/blockquote> <script async src=\"https:\/\/platform.twitter.com\/widgets.js\" charset=\"utf-8\"><\/script>\n\n\n\n<p><br><br>Blondel argument\u00f3 estar \u201c<em><strong>en un momento bueno, con muchas ganas de vestir esta camiseta, sabiendo lo que representa<\/strong><\/em>\u201d, apunt\u00f3.<\/p>\n\n\n\n<figure class=\"wp-block-image size-full\"><img loading=\"lazy\" decoding=\"async\" width=\"900\" height=\"600\" src=\"https:\/\/bocaparatodoelmundo.com.ar\/wp-content\/uploads\/2023\/07\/BLONDEL-1.png\" alt=\"\" class=\"wp-image-1878\" srcset=\"https:\/\/bocaparatodoelmundo.com.ar\/wp-content\/uploads\/2023\/07\/BLONDEL-1.png 900w, https:\/\/bocaparatodoelmundo.com.ar\/wp-content\/uploads\/2023\/07\/BLONDEL-1-300x200.png 300w, https:\/\/bocaparatodoelmundo.com.ar\/wp-content\/uploads\/2023\/07\/BLONDEL-1-768x512.png 768w\" sizes=\"auto, (max-width: 900px) 100vw, 900px\" \/><\/figure>\n\n\n\n<blockquote class=\"wp-block-quote is-layout-flow wp-block-quote-is-layout-flow\">\n<p><a href=\"https:\/\/twitter.com\/BocaJrsOficial\/status\/1683950410329882624?s=20\"><\/a><\/p>\n<\/blockquote>\n\n\n\n<p>Por su lado, el olavarriense Janson resalt\u00f3: &#8220;<strong><em>La realidad es que uno cuando llega a esta cancha se lleva sensaciones muy lindas<\/em><\/strong>&#8220;, consider\u00f3 el jugador que procede de V\u00e9lez Sarsfield.<\/p>\n\n\n<div class=\"wp-block-image\">\n<figure class=\"aligncenter size-full is-resized\"><img loading=\"lazy\" decoding=\"async\" src=\"https:\/\/bocaparatodoelmundo.com.ar\/wp-content\/uploads\/2023\/07\/JANSON-1.jpg\" alt=\"\" class=\"wp-image-1877\" width=\"829\" height=\"582\"\/><\/figure>\n<\/div>\n\n\n<p>&#8220;<em><strong>La realidad es que no tengo problemas en jugar en cualquier lugar de la cancha. Quiero estar en el once principal, depende del DT. Me siento c\u00f3modo en todos los lugares de la cancha, no tengo drama<\/strong><\/em>&#8220;, puntualiz\u00f3 el atacante de 28 a\u00f1os.<\/p>\n\n\n\n<p>\u201c<em><strong>Cuando mi representante me llam\u00f3 hice todo lo posible para que la oportunidad se concrete. Estoy muy contento de haber llegado a Boca<\/strong><\/em>\u201d resumi\u00f3 Janson.<\/p>\n\n\n\n<p>En otro orden, el mediocampista paraguayo<strong>&nbsp;Oscar Romero acept\u00f3 rescindir el v\u00ednculo<\/strong>&nbsp;que lo ataba a la entidad, ante la eventual posibilidad de irse al exterior.<\/p>\n\n\n\n<p>El jugador, ex San Lorenzo, acordar\u00e1 ma\u00f1ana la salida del club xeneize.<\/p>\n\n\n\n<blockquote class=\"wp-block-quote is-layout-flow wp-block-quote-is-layout-flow\">\n<p><a href=\"https:\/\/twitter.com\/BocaJrsOficial\/status\/1683915468963184640?s=20\"><\/a><\/p>\n\n\n<div class=\"wp-block-image\">\n<figure class=\"aligncenter size-full is-resized\"><img loading=\"lazy\" decoding=\"async\" src=\"https:\/\/bocaparatodoelmundo.com.ar\/wp-content\/uploads\/2023\/07\/images-46.jpg\" alt=\"\" class=\"wp-image-1871\" width=\"476\" height=\"268\"\/><figcaption class=\"wp-element-caption\">Leandro Brey extendio su contrato hasta 2027.<\/figcaption><\/figure>\n<\/div><\/blockquote>\n\n\n\n<p>El arquero&nbsp;<strong>Leandro Brey<\/strong>, en contrapartida,&nbsp;<strong>extendi\u00f3 su contrato hasta diciembre de 2027<\/strong>. El guardavallas, de 21 a\u00f1os y formado futbol\u00edsticamente en Los Andes, tendr\u00e1 una cl\u00e1usula de rescisi\u00f3n, estipulada en 15 millones de d\u00f3lares.<\/p>\n","protected":false},"excerpt":{"rendered":"<p>LUCAS BLONDEL\u00a0y\u00a0LUCAS\u00a0JANSON\u00a0exhibieron hoy su conformidad en la sala de prensa de la Bombonera, en la&#8230;<\/p>\n","protected":false},"author":3,"featured_media":1870,"comment_status":"open","ping_status":"open","sticky":false,"template":"","format":"standard","meta":{"footnotes":""},"categories":[4],"tags":[],"class_list":["post-1869","post","type-post","status-publish","format-standard","has-post-thumbnail","hentry","category-primera-division-masculina"],"yoast_head":"<!-- This site is optimized with the Yoast SEO plugin v21.4 - https:\/\/yoast.com\/wordpress\/plugins\/seo\/ -->\n<title>Fueron presentados Blondel y Janson - BOCA PARA TODO EL MUNDO<\/title>\n<meta name=\"robots\" content=\"index, follow, max-snippet:-1, max-image-preview:large, max-video-preview:-1\" \/>\n<link rel=\"canonical\" href=\"https:\/\/bocaparatodoelmundo.com.ar\/?p=1869\" \/>\n<meta property=\"og:locale\" content=\"es_ES\" \/>\n<meta property=\"og:type\" content=\"article\" \/>\n<meta property=\"og:title\" content=\"Fueron presentados Blondel y Janson - BOCA PARA TODO EL MUNDO\" \/>\n<meta property=\"og:description\" content=\"LUCAS BLONDEL\u00a0y\u00a0LUCAS\u00a0JANSON\u00a0exhibieron hoy su conformidad en la sala de prensa de la Bombonera, en la...\" \/>\n<meta property=\"og:url\" content=\"https:\/\/bocaparatodoelmundo.com.ar\/?p=1869\" \/>\n<meta property=\"og:site_name\" content=\"BOCA PARA TODO EL MUNDO\" \/>\n<meta property=\"article:published_time\" content=\"2023-07-26T00:05:00+00:00\" \/>\n<meta property=\"article:modified_time\" content=\"2023-07-26T17:17:18+00:00\" \/>\n<meta property=\"og:image\" content=\"https:\/\/bocaparatodoelmundo.com.ar\/wp-content\/uploads\/2023\/07\/JANSON-Y-BLONDEL-2.jpeg\" \/>\n\t<meta property=\"og:image:width\" content=\"360\" \/>\n\t<meta property=\"og:image:height\" content=\"240\" \/>\n\t<meta property=\"og:image:type\" content=\"image\/jpeg\" \/>\n<meta name=\"author\" content=\"Redaccion BPTM\" \/>\n<meta name=\"twitter:card\" content=\"summary_large_image\" \/>\n<meta name=\"twitter:label1\" content=\"Escrito por\" \/>\n\t<meta name=\"twitter:data1\" content=\"Redaccion BPTM\" \/>\n\t<meta name=\"twitter:label2\" content=\"Tiempo de lectura\" \/>\n\t<meta name=\"twitter:data2\" content=\"2 minutos\" \/>\n<script type=\"application\/ld+json\" class=\"yoast-schema-graph\">{\"@context\":\"https:\/\/schema.org\",\"@graph\":[{\"@type\":\"WebPage\",\"@id\":\"https:\/\/bocaparatodoelmundo.com.ar\/?p=1869\",\"url\":\"https:\/\/bocaparatodoelmundo.com.ar\/?p=1869\",\"name\":\"Fueron presentados Blondel y Janson - BOCA PARA TODO EL MUNDO\",\"isPartOf\":{\"@id\":\"https:\/\/bocaparatodoelmundo.com.ar\/#website\"},\"datePublished\":\"2023-07-26T00:05:00+00:00\",\"dateModified\":\"2023-07-26T17:17:18+00:00\",\"author\":{\"@id\":\"https:\/\/bocaparatodoelmundo.com.ar\/#\/schema\/person\/cc56d27ea9d37f4cea3636086a1847c5\"},\"breadcrumb\":{\"@id\":\"https:\/\/bocaparatodoelmundo.com.ar\/?p=1869#breadcrumb\"},\"inLanguage\":\"es-AR\",\"potentialAction\":[{\"@type\":\"ReadAction\",\"target\":[\"https:\/\/bocaparatodoelmundo.com.ar\/?p=1869\"]}]},{\"@type\":\"BreadcrumbList\",\"@id\":\"https:\/\/bocaparatodoelmundo.com.ar\/?p=1869#breadcrumb\",\"itemListElement\":[{\"@type\":\"ListItem\",\"position\":1,\"name\":\"Inicio\",\"item\":\"https:\/\/bocaparatodoelmundo.com.ar\/\"},{\"@type\":\"ListItem\",\"position\":2,\"name\":\"Fueron presentados Blondel y Janson\"}]},{\"@type\":\"WebSite\",\"@id\":\"https:\/\/bocaparatodoelmundo.com.ar\/#website\",\"url\":\"https:\/\/bocaparatodoelmundo.com.ar\/\",\"name\":\"BOCA PARA TODO EL MUNDO\",\"description\":\"Toda la historia y actualidad del club atletico boca junios esta aqui\",\"potentialAction\":[{\"@type\":\"SearchAction\",\"target\":{\"@type\":\"EntryPoint\",\"urlTemplate\":\"https:\/\/bocaparatodoelmundo.com.ar\/?s={search_term_string}\"},\"query-input\":\"required name=search_term_string\"}],\"inLanguage\":\"es-AR\"},{\"@type\":\"Person\",\"@id\":\"https:\/\/bocaparatodoelmundo.com.ar\/#\/schema\/person\/cc56d27ea9d37f4cea3636086a1847c5\",\"name\":\"Redaccion BPTM\",\"image\":{\"@type\":\"ImageObject\",\"inLanguage\":\"es-AR\",\"@id\":\"https:\/\/bocaparatodoelmundo.com.ar\/#\/schema\/person\/image\/\",\"url\":\"https:\/\/secure.gravatar.com\/avatar\/3b62665b8c08843736974a055cc2398ba6bb7fd2fe787285105d666c418a7d13?s=96&d=mm&r=g\",\"contentUrl\":\"https:\/\/secure.gravatar.com\/avatar\/3b62665b8c08843736974a055cc2398ba6bb7fd2fe787285105d666c418a7d13?s=96&d=mm&r=g\",\"caption\":\"Redaccion BPTM\"},\"sameAs\":[\"http:\/\/bocaparatodoelmundo.com.ar\"],\"url\":\"https:\/\/bocaparatodoelmundo.com.ar\/?author=3\"}]}<\/script>\n<!-- \/ Yoast SEO plugin. -->","yoast_head_json":{"title":"Fueron presentados Blondel y Janson - BOCA PARA TODO EL MUNDO","robots":{"index":"index","follow":"follow","max-snippet":"max-snippet:-1","max-image-preview":"max-image-preview:large","max-video-preview":"max-video-preview:-1"},"canonical":"https:\/\/bocaparatodoelmundo.com.ar\/?p=1869","og_locale":"es_ES","og_type":"article","og_title":"Fueron presentados Blondel y Janson - BOCA PARA TODO EL MUNDO","og_description":"LUCAS BLONDEL\u00a0y\u00a0LUCAS\u00a0JANSON\u00a0exhibieron hoy su conformidad en la sala de prensa de la Bombonera, en la...","og_url":"https:\/\/bocaparatodoelmundo.com.ar\/?p=1869","og_site_name":"BOCA PARA TODO EL MUNDO","article_published_time":"2023-07-26T00:05:00+00:00","article_modified_time":"2023-07-26T17:17:18+00:00","og_image":[{"width":360,"height":240,"url":"https:\/\/bocaparatodoelmundo.com.ar\/wp-content\/uploads\/2023\/07\/JANSON-Y-BLONDEL-2.jpeg","type":"image\/jpeg"}],"author":"Redaccion BPTM","twitter_card":"summary_large_image","twitter_misc":{"Escrito por":"Redaccion BPTM","Tiempo de lectura":"2 minutos"},"schema":{"@context":"https:\/\/schema.org","@graph":[{"@type":"WebPage","@id":"https:\/\/bocaparatodoelmundo.com.ar\/?p=1869","url":"https:\/\/bocaparatodoelmundo.com.ar\/?p=1869","name":"Fueron presentados Blondel y Janson - BOCA PARA TODO EL MUNDO","isPartOf":{"@id":"https:\/\/bocaparatodoelmundo.com.ar\/#website"},"datePublished":"2023-07-26T00:05:00+00:00","dateModified":"2023-07-26T17:17:18+00:00","author":{"@id":"https:\/\/bocaparatodoelmundo.com.ar\/#\/schema\/person\/cc56d27ea9d37f4cea3636086a1847c5"},"breadcrumb":{"@id":"https:\/\/bocaparatodoelmundo.com.ar\/?p=1869#breadcrumb"},"inLanguage":"es-AR","potentialAction":[{"@type":"ReadAction","target":["https:\/\/bocaparatodoelmundo.com.ar\/?p=1869"]}]},{"@type":"BreadcrumbList","@id":"https:\/\/bocaparatodoelmundo.com.ar\/?p=1869#breadcrumb","itemListElement":[{"@type":"ListItem","position":1,"name":"Inicio","item":"https:\/\/bocaparatodoelmundo.com.ar\/"},{"@type":"ListItem","position":2,"name":"Fueron presentados Blondel y Janson"}]},{"@type":"WebSite","@id":"https:\/\/bocaparatodoelmundo.com.ar\/#website","url":"https:\/\/bocaparatodoelmundo.com.ar\/","name":"BOCA PARA TODO EL MUNDO","description":"Toda la historia y actualidad del club atletico boca junios esta aqui","potentialAction":[{"@type":"SearchAction","target":{"@type":"EntryPoint","urlTemplate":"https:\/\/bocaparatodoelmundo.com.ar\/?s={search_term_string}"},"query-input":"required name=search_term_string"}],"inLanguage":"es-AR"},{"@type":"Person","@id":"https:\/\/bocaparatodoelmundo.com.ar\/#\/schema\/person\/cc56d27ea9d37f4cea3636086a1847c5","name":"Redaccion BPTM","image":{"@type":"ImageObject","inLanguage":"es-AR","@id":"https:\/\/bocaparatodoelmundo.com.ar\/#\/schema\/person\/image\/","url":"https:\/\/secure.gravatar.com\/avatar\/3b62665b8c08843736974a055cc2398ba6bb7fd2fe787285105d666c418a7d13?s=96&d=mm&r=g","contentUrl":"https:\/\/secure.gravatar.com\/avatar\/3b62665b8c08843736974a055cc2398ba6bb7fd2fe787285105d666c418a7d13?s=96&d=mm&r=g","caption":"Redaccion BPTM"},"sameAs":["http:\/\/bocaparatodoelmundo.com.ar"],"url":"https:\/\/bocaparatodoelmundo.com.ar\/?author=3"}]}},"_links":{"self":[{"href":"https:\/\/bocaparatodoelmundo.com.ar\/index.php?rest_route=\/wp\/v2\/posts\/1869","targetHints":{"allow":["GET"]}}],"collection":[{"href":"https:\/\/bocaparatodoelmundo.com.ar\/index.php?rest_route=\/wp\/v2\/posts"}],"about":[{"href":"https:\/\/bocaparatodoelmundo.com.ar\/index.php?rest_route=\/wp\/v2\/types\/post"}],"author":[{"embeddable":true,"href":"https:\/\/bocaparatodoelmundo.com.ar\/index.php?rest_route=\/wp\/v2\/users\/3"}],"replies":[{"embeddable":true,"href":"https:\/\/bocaparatodoelmundo.com.ar\/index.php?rest_route=%2Fwp%2Fv2%2Fcomments&post=1869"}],"version-history":[{"count":3,"href":"https:\/\/bocaparatodoelmundo.com.ar\/index.php?rest_route=\/wp\/v2\/posts\/1869\/revisions"}],"predecessor-version":[{"id":1881,"href":"https:\/\/bocaparatodoelmundo.com.ar\/index.php?rest_route=\/wp\/v2\/posts\/1869\/revisions\/1881"}],"wp:featuredmedia":[{"embeddable":true,"href":"https:\/\/bocaparatodoelmundo.com.ar\/index.php?rest_route=\/wp\/v2\/media\/1870"}],"wp:attachment":[{"href":"https:\/\/bocaparatodoelmundo.com.ar\/index.php?rest_route=%2Fwp%2Fv2%2Fmedia&parent=1869"}],"wp:term":[{"taxonomy":"category","embeddable":true,"href":"https:\/\/bocaparatodoelmundo.com.ar\/index.php?rest_route=%2Fwp%2Fv2%2Fcategories&post=1869"},{"taxonomy":"post_tag","embeddable":true,"href":"https:\/\/bocaparatodoelmundo.com.ar\/index.php?rest_route=%2Fwp%2Fv2%2Ftags&post=1869"}],"curies":[{"name":"wp","href":"https:\/\/api.w.org\/{rel}","templated":true}]}}