{"id":1866,"date":"2023-07-25T13:45:55","date_gmt":"2023-07-25T16:45:55","guid":{"rendered":"https:\/\/bocaparatodoelmundo.com.ar\/?p=1866"},"modified":"2023-07-25T13:45:56","modified_gmt":"2023-07-25T16:45:56","slug":"en-el-camino-de-la-recuperacion","status":"publish","type":"post","link":"https:\/\/bocaparatodoelmundo.com.ar\/?p=1866","title":{"rendered":"En el camino de la recuperaci\u00f3n"},"content":{"rendered":"\n<p><strong>A Jorge Almir\u00f3n le sigue rindiendo la reconversi\u00f3n posicional de sus laterales.&nbsp;<\/strong>Primero fue ubicando al peruano Luis Adv\u00edncula de n\u00famero 8 y ahora,&nbsp;<strong>a Valent\u00edn Barco casi como extremo izquierdo. El colorado de 19 a\u00f1os fue el gran art\u00edfice del triunfo 2 a 1 de Boca sobre Newell&#8217;s<\/strong>&nbsp;este lunes por la noche, uno de los mejores rendimientos del equipo en lo que va de su complicado a\u00f1o.<\/p>\n\n\n\n<p>Fue el s\u00e9ptimo partido de Barco m\u00e1s adelantado en el campo y, sacando su estrepitoso estreno t\u00e1ctico ante Godoy Cruz (0-4 en Mendoza), Boca lo viene disfrutando y mucho.\u00a0<strong>Seis partidos y cinco triunfos en ese lapso del &#8220;nuevo&#8221; Colo, que se fue muy ovacionado cuando le toc\u00f3 ser reemplazado<\/strong>.<\/p>\n\n\n\n<p>El zurdo se invent\u00f3 el 1-0 tras tomar un rebote, amagar y sacar un centro\/disparo fuerte y confuso, sobre todo para el arquero Lucas Hoyos, quien pr\u00e1cticamente lo meti\u00f3 en su propio arco -tras el partido, el propio Barco admiti\u00f3 que tir\u00f3 un centro-. Y apenas arrancado el segundo tiempo, a los 20 segundos, el pibe le meti\u00f3 un pase de novela a Cristian Medina -otro de gran nivel, en su nueva faceta de llegar al \u00e1rea rival- para que anticipe de cabeza la tibia salida del uno rosarino.<\/p>\n\n\n\n<p>M\u00e1s all\u00e1 de su mini crack, Boca supo dominar t\u00e1cticamente a Newell&#8217;s, que dispuso de la pelota pero no de las ocasiones de gol. Vale destacar que a la superioridad xeneize tampoco le vino mal la tarea del \u00e1rbitro Fernando Echenique, quien dio v\u00eda libre a Pol Fern\u00e1ndez para cortar juego en el mediocampo con numerosas faltas y encima le anul\u00f3 un gol discutible a la visita cuando estaba dos goles abajo.<\/p>\n\n\n\n<p>Sobre el final y como para no desentonar con su semestre,&nbsp;<strong>Boca se complic\u00f3 solo: Fabra canchere\u00f3 en campo propio, la perdi\u00f3 y el paraguayo Recalde puso el descuento rosarino.&nbsp;<\/strong>Para la estad\u00edstica.&nbsp;<\/p>\n\n\n\n<p>Con este resultado,<strong>&nbsp;Boca se ubica octavo con 41 puntos, a tres de la zona que clasifica a la pr\u00f3xima Libertadores<\/strong>. Adem\u00e1s, suma siete sin perder (seis triunfos) mientras se mueve en el mercado de pases y sue\u00f1a con la llegada del uruguayo Cavani.&nbsp;<strong>Newell&#8217;s, por su lado, est\u00e1 13\u00ba con 34 unidades y gan\u00f3 apenas uno de sus \u00faltimos ocho (seis empates)<\/strong>.,&nbsp;<\/p>\n","protected":false},"excerpt":{"rendered":"<p>A Jorge Almir\u00f3n le sigue rindiendo la reconversi\u00f3n posicional de sus laterales.&nbsp;Primero fue ubicando al&#8230;<\/p>\n","protected":false},"author":3,"featured_media":1867,"comment_status":"open","ping_status":"open","sticky":false,"template":"","format":"standard","meta":{"footnotes":""},"categories":[4],"tags":[],"class_list":["post-1866","post","type-post","status-publish","format-standard","has-post-thumbnail","hentry","category-primera-division-masculina"],"yoast_head":"<!-- This site is optimized with the Yoast SEO plugin v21.4 - https:\/\/yoast.com\/wordpress\/plugins\/seo\/ -->\n<title>En el camino de la recuperaci\u00f3n - BOCA PARA TODO EL MUNDO<\/title>\n<meta name=\"robots\" content=\"index, follow, max-snippet:-1, max-image-preview:large, max-video-preview:-1\" \/>\n<link rel=\"canonical\" href=\"https:\/\/bocaparatodoelmundo.com.ar\/?p=1866\" \/>\n<meta property=\"og:locale\" content=\"es_ES\" \/>\n<meta property=\"og:type\" content=\"article\" \/>\n<meta property=\"og:title\" content=\"En el camino de la recuperaci\u00f3n - BOCA PARA TODO EL MUNDO\" \/>\n<meta property=\"og:description\" content=\"A Jorge Almir\u00f3n le sigue rindiendo la reconversi\u00f3n posicional de sus laterales.&nbsp;Primero fue ubicando al...\" \/>\n<meta property=\"og:url\" content=\"https:\/\/bocaparatodoelmundo.com.ar\/?p=1866\" \/>\n<meta property=\"og:site_name\" content=\"BOCA PARA TODO EL MUNDO\" \/>\n<meta property=\"article:published_time\" content=\"2023-07-25T16:45:55+00:00\" \/>\n<meta property=\"article:modified_time\" content=\"2023-07-25T16:45:56+00:00\" \/>\n<meta property=\"og:image\" content=\"https:\/\/bocaparatodoelmundo.com.ar\/wp-content\/uploads\/2023\/07\/download-30.jpg\" \/>\n\t<meta property=\"og:image:width\" content=\"275\" \/>\n\t<meta property=\"og:image:height\" content=\"183\" \/>\n\t<meta property=\"og:image:type\" content=\"image\/jpeg\" \/>\n<meta name=\"author\" content=\"Redaccion BPTM\" \/>\n<meta name=\"twitter:card\" content=\"summary_large_image\" \/>\n<meta name=\"twitter:label1\" content=\"Escrito por\" \/>\n\t<meta name=\"twitter:data1\" content=\"Redaccion BPTM\" \/>\n\t<meta name=\"twitter:label2\" content=\"Tiempo de lectura\" \/>\n\t<meta name=\"twitter:data2\" content=\"2 minutos\" \/>\n<script type=\"application\/ld+json\" class=\"yoast-schema-graph\">{\"@context\":\"https:\/\/schema.org\",\"@graph\":[{\"@type\":\"WebPage\",\"@id\":\"https:\/\/bocaparatodoelmundo.com.ar\/?p=1866\",\"url\":\"https:\/\/bocaparatodoelmundo.com.ar\/?p=1866\",\"name\":\"En el camino de la recuperaci\u00f3n - BOCA PARA TODO EL MUNDO\",\"isPartOf\":{\"@id\":\"https:\/\/bocaparatodoelmundo.com.ar\/#website\"},\"datePublished\":\"2023-07-25T16:45:55+00:00\",\"dateModified\":\"2023-07-25T16:45:56+00:00\",\"author\":{\"@id\":\"https:\/\/bocaparatodoelmundo.com.ar\/#\/schema\/person\/cc56d27ea9d37f4cea3636086a1847c5\"},\"breadcrumb\":{\"@id\":\"https:\/\/bocaparatodoelmundo.com.ar\/?p=1866#breadcrumb\"},\"inLanguage\":\"es-AR\",\"potentialAction\":[{\"@type\":\"ReadAction\",\"target\":[\"https:\/\/bocaparatodoelmundo.com.ar\/?p=1866\"]}]},{\"@type\":\"BreadcrumbList\",\"@id\":\"https:\/\/bocaparatodoelmundo.com.ar\/?p=1866#breadcrumb\",\"itemListElement\":[{\"@type\":\"ListItem\",\"position\":1,\"name\":\"Inicio\",\"item\":\"https:\/\/bocaparatodoelmundo.com.ar\/\"},{\"@type\":\"ListItem\",\"position\":2,\"name\":\"En el camino de la recuperaci\u00f3n\"}]},{\"@type\":\"WebSite\",\"@id\":\"https:\/\/bocaparatodoelmundo.com.ar\/#website\",\"url\":\"https:\/\/bocaparatodoelmundo.com.ar\/\",\"name\":\"BOCA PARA TODO EL MUNDO\",\"description\":\"Toda la historia y actualidad del club atletico boca junios esta aqui\",\"potentialAction\":[{\"@type\":\"SearchAction\",\"target\":{\"@type\":\"EntryPoint\",\"urlTemplate\":\"https:\/\/bocaparatodoelmundo.com.ar\/?s={search_term_string}\"},\"query-input\":\"required name=search_term_string\"}],\"inLanguage\":\"es-AR\"},{\"@type\":\"Person\",\"@id\":\"https:\/\/bocaparatodoelmundo.com.ar\/#\/schema\/person\/cc56d27ea9d37f4cea3636086a1847c5\",\"name\":\"Redaccion BPTM\",\"image\":{\"@type\":\"ImageObject\",\"inLanguage\":\"es-AR\",\"@id\":\"https:\/\/bocaparatodoelmundo.com.ar\/#\/schema\/person\/image\/\",\"url\":\"https:\/\/secure.gravatar.com\/avatar\/3b62665b8c08843736974a055cc2398ba6bb7fd2fe787285105d666c418a7d13?s=96&d=mm&r=g\",\"contentUrl\":\"https:\/\/secure.gravatar.com\/avatar\/3b62665b8c08843736974a055cc2398ba6bb7fd2fe787285105d666c418a7d13?s=96&d=mm&r=g\",\"caption\":\"Redaccion BPTM\"},\"sameAs\":[\"http:\/\/bocaparatodoelmundo.com.ar\"],\"url\":\"https:\/\/bocaparatodoelmundo.com.ar\/?author=3\"}]}<\/script>\n<!-- \/ Yoast SEO plugin. -->","yoast_head_json":{"title":"En el camino de la recuperaci\u00f3n - BOCA PARA TODO EL MUNDO","robots":{"index":"index","follow":"follow","max-snippet":"max-snippet:-1","max-image-preview":"max-image-preview:large","max-video-preview":"max-video-preview:-1"},"canonical":"https:\/\/bocaparatodoelmundo.com.ar\/?p=1866","og_locale":"es_ES","og_type":"article","og_title":"En el camino de la recuperaci\u00f3n - BOCA PARA TODO EL MUNDO","og_description":"A Jorge Almir\u00f3n le sigue rindiendo la reconversi\u00f3n posicional de sus laterales.&nbsp;Primero fue ubicando al...","og_url":"https:\/\/bocaparatodoelmundo.com.ar\/?p=1866","og_site_name":"BOCA PARA TODO EL MUNDO","article_published_time":"2023-07-25T16:45:55+00:00","article_modified_time":"2023-07-25T16:45:56+00:00","og_image":[{"width":275,"height":183,"url":"https:\/\/bocaparatodoelmundo.com.ar\/wp-content\/uploads\/2023\/07\/download-30.jpg","type":"image\/jpeg"}],"author":"Redaccion BPTM","twitter_card":"summary_large_image","twitter_misc":{"Escrito por":"Redaccion BPTM","Tiempo de lectura":"2 minutos"},"schema":{"@context":"https:\/\/schema.org","@graph":[{"@type":"WebPage","@id":"https:\/\/bocaparatodoelmundo.com.ar\/?p=1866","url":"https:\/\/bocaparatodoelmundo.com.ar\/?p=1866","name":"En el camino de la recuperaci\u00f3n - BOCA PARA TODO EL MUNDO","isPartOf":{"@id":"https:\/\/bocaparatodoelmundo.com.ar\/#website"},"datePublished":"2023-07-25T16:45:55+00:00","dateModified":"2023-07-25T16:45:56+00:00","author":{"@id":"https:\/\/bocaparatodoelmundo.com.ar\/#\/schema\/person\/cc56d27ea9d37f4cea3636086a1847c5"},"breadcrumb":{"@id":"https:\/\/bocaparatodoelmundo.com.ar\/?p=1866#breadcrumb"},"inLanguage":"es-AR","potentialAction":[{"@type":"ReadAction","target":["https:\/\/bocaparatodoelmundo.com.ar\/?p=1866"]}]},{"@type":"BreadcrumbList","@id":"https:\/\/bocaparatodoelmundo.com.ar\/?p=1866#breadcrumb","itemListElement":[{"@type":"ListItem","position":1,"name":"Inicio","item":"https:\/\/bocaparatodoelmundo.com.ar\/"},{"@type":"ListItem","position":2,"name":"En el camino de la recuperaci\u00f3n"}]},{"@type":"WebSite","@id":"https:\/\/bocaparatodoelmundo.com.ar\/#website","url":"https:\/\/bocaparatodoelmundo.com.ar\/","name":"BOCA PARA TODO EL MUNDO","description":"Toda la historia y actualidad del club atletico boca junios esta aqui","potentialAction":[{"@type":"SearchAction","target":{"@type":"EntryPoint","urlTemplate":"https:\/\/bocaparatodoelmundo.com.ar\/?s={search_term_string}"},"query-input":"required name=search_term_string"}],"inLanguage":"es-AR"},{"@type":"Person","@id":"https:\/\/bocaparatodoelmundo.com.ar\/#\/schema\/person\/cc56d27ea9d37f4cea3636086a1847c5","name":"Redaccion BPTM","image":{"@type":"ImageObject","inLanguage":"es-AR","@id":"https:\/\/bocaparatodoelmundo.com.ar\/#\/schema\/person\/image\/","url":"https:\/\/secure.gravatar.com\/avatar\/3b62665b8c08843736974a055cc2398ba6bb7fd2fe787285105d666c418a7d13?s=96&d=mm&r=g","contentUrl":"https:\/\/secure.gravatar.com\/avatar\/3b62665b8c08843736974a055cc2398ba6bb7fd2fe787285105d666c418a7d13?s=96&d=mm&r=g","caption":"Redaccion BPTM"},"sameAs":["http:\/\/bocaparatodoelmundo.com.ar"],"url":"https:\/\/bocaparatodoelmundo.com.ar\/?author=3"}]}},"_links":{"self":[{"href":"https:\/\/bocaparatodoelmundo.com.ar\/index.php?rest_route=\/wp\/v2\/posts\/1866","targetHints":{"allow":["GET"]}}],"collection":[{"href":"https:\/\/bocaparatodoelmundo.com.ar\/index.php?rest_route=\/wp\/v2\/posts"}],"about":[{"href":"https:\/\/bocaparatodoelmundo.com.ar\/index.php?rest_route=\/wp\/v2\/types\/post"}],"author":[{"embeddable":true,"href":"https:\/\/bocaparatodoelmundo.com.ar\/index.php?rest_route=\/wp\/v2\/users\/3"}],"replies":[{"embeddable":true,"href":"https:\/\/bocaparatodoelmundo.com.ar\/index.php?rest_route=%2Fwp%2Fv2%2Fcomments&post=1866"}],"version-history":[{"count":1,"href":"https:\/\/bocaparatodoelmundo.com.ar\/index.php?rest_route=\/wp\/v2\/posts\/1866\/revisions"}],"predecessor-version":[{"id":1868,"href":"https:\/\/bocaparatodoelmundo.com.ar\/index.php?rest_route=\/wp\/v2\/posts\/1866\/revisions\/1868"}],"wp:featuredmedia":[{"embeddable":true,"href":"https:\/\/bocaparatodoelmundo.com.ar\/index.php?rest_route=\/wp\/v2\/media\/1867"}],"wp:attachment":[{"href":"https:\/\/bocaparatodoelmundo.com.ar\/index.php?rest_route=%2Fwp%2Fv2%2Fmedia&parent=1866"}],"wp:term":[{"taxonomy":"category","embeddable":true,"href":"https:\/\/bocaparatodoelmundo.com.ar\/index.php?rest_route=%2Fwp%2Fv2%2Fcategories&post=1866"},{"taxonomy":"post_tag","embeddable":true,"href":"https:\/\/bocaparatodoelmundo.com.ar\/index.php?rest_route=%2Fwp%2Fv2%2Ftags&post=1866"}],"curies":[{"name":"wp","href":"https:\/\/api.w.org\/{rel}","templated":true}]}}