{"id":186,"date":"2022-08-22T12:22:02","date_gmt":"2022-08-22T15:22:02","guid":{"rendered":"https:\/\/www.bocaparatodoelmundo.com.ar\/?p=186"},"modified":"2022-08-26T10:29:52","modified_gmt":"2022-08-26T13:29:52","slug":"hugo-ibarra-es-importante-haber-sumado-de-a-3","status":"publish","type":"post","link":"https:\/\/bocaparatodoelmundo.com.ar\/?p=186","title":{"rendered":"Hugo Ibarra: &#8220;Es importante haber sumado de a 3&#8221;"},"content":{"rendered":"\n<p>Hugo Ibarra, Alan Varela y Luis V\u00e1zquez hablaron con la prensa luego de lo que fue la victoria Xeneize ante el Halc\u00f3n. Aqu\u00ed, las mejores frases.<br><br>Sobre el balance de la noche, Ibarra indic\u00f3:&nbsp;<strong>&#8220;Lo positivo es que nos llevamos los tres puntos y que mantuvimos el arco en cero. La idea est\u00e1, no siempre en el f\u00fatbol argentino hay tiempo para poder trabajar&#8221;.<\/strong><\/p>\n\n\n\n<p>Consultado por lo que viene, el entrenador afirm\u00f3:&nbsp;<strong>&#8220;El pr\u00f3ximo fin de semana jugamos contra el puntero, ojal\u00e1 que los tres puntos se queden en casa. El triunfo de hoy nos pone bien para afrontar ese partido&#8221;.<\/strong><\/p>\n\n\n\n<figure class=\"wp-block-image size-large\"><img loading=\"lazy\" decoding=\"async\" width=\"1024\" height=\"701\" src=\"https:\/\/www.bocaparatodoelmundo.com.ar\/wp-content\/uploads\/2022\/08\/FZVeLzzXgAMdNab-e1659640968749-1024x701.webp\" alt=\"\" class=\"wp-image-189\" srcset=\"https:\/\/bocaparatodoelmundo.com.ar\/wp-content\/uploads\/2022\/08\/FZVeLzzXgAMdNab-e1659640968749-1024x701.webp 1024w, https:\/\/bocaparatodoelmundo.com.ar\/wp-content\/uploads\/2022\/08\/FZVeLzzXgAMdNab-e1659640968749-300x206.webp 300w, https:\/\/bocaparatodoelmundo.com.ar\/wp-content\/uploads\/2022\/08\/FZVeLzzXgAMdNab-e1659640968749-768x526.webp 768w, https:\/\/bocaparatodoelmundo.com.ar\/wp-content\/uploads\/2022\/08\/FZVeLzzXgAMdNab-e1659640968749.webp 1200w\" sizes=\"auto, (max-width: 1024px) 100vw, 1024px\" \/><\/figure>\n\n\n\n<p>A su turno, Varela sostuvo:\u00a0<strong>&#8220;Es una felicidad grande haber sido el capit\u00e1n de Boca a mi edad. El partido no se termina hasta el final, por momentos pudimos jugar y se nos dio el gol sobre el final&#8221;.<\/strong><\/p>\n\n\n\n<figure class=\"wp-block-image size-full is-resized\"><img loading=\"lazy\" decoding=\"async\" src=\"https:\/\/www.bocaparatodoelmundo.com.ar\/wp-content\/uploads\/2022\/08\/DEOFYMNZPRHHDKG56CSD7O2YDM.webp\" alt=\"\" class=\"wp-image-190\" width=\"842\" height=\"562\" srcset=\"https:\/\/bocaparatodoelmundo.com.ar\/wp-content\/uploads\/2022\/08\/DEOFYMNZPRHHDKG56CSD7O2YDM.webp 310w, https:\/\/bocaparatodoelmundo.com.ar\/wp-content\/uploads\/2022\/08\/DEOFYMNZPRHHDKG56CSD7O2YDM-300x200.webp 300w\" sizes=\"auto, (max-width: 842px) 100vw, 842px\" \/><\/figure>\n\n\n\n<p>Por \u00faltimo, V\u00e1zquez manifest\u00f3:\u00a0<strong>&#8220;Me voy contento, ven\u00eda de varias fechas sin poder convertir pero hoy se me abri\u00f3 el arco y es lindo que sirva para el triunfo del equipo. Siempre hay que trabajar para ayudar al equipo&#8221;.<\/strong><\/p>\n\n\n\n<p>Fuente: www.bocajuniors.com.ar<\/p>\n\n\n\n<p><\/p>\n","protected":false},"excerpt":{"rendered":"<p>Hugo Ibarra, Alan Varela y Luis V\u00e1zquez hablaron con la prensa luego de lo que&#8230;<\/p>\n","protected":false},"author":3,"featured_media":188,"comment_status":"open","ping_status":"open","sticky":false,"template":"","format":"standard","meta":{"footnotes":""},"categories":[4],"tags":[],"class_list":["post-186","post","type-post","status-publish","format-standard","has-post-thumbnail","hentry","category-primera-division-masculina"],"yoast_head":"<!-- This site is optimized with the Yoast SEO plugin v21.4 - https:\/\/yoast.com\/wordpress\/plugins\/seo\/ -->\n<title>Hugo Ibarra: &quot;Es importante haber sumado de a 3&quot; - BOCA PARA TODO EL MUNDO<\/title>\n<meta name=\"robots\" content=\"index, follow, max-snippet:-1, max-image-preview:large, max-video-preview:-1\" \/>\n<link rel=\"canonical\" href=\"https:\/\/bocaparatodoelmundo.com.ar\/?p=186\" \/>\n<meta property=\"og:locale\" content=\"es_ES\" \/>\n<meta property=\"og:type\" content=\"article\" \/>\n<meta property=\"og:title\" content=\"Hugo Ibarra: &quot;Es importante haber sumado de a 3&quot; - BOCA PARA TODO EL MUNDO\" \/>\n<meta property=\"og:description\" content=\"Hugo Ibarra, Alan Varela y Luis V\u00e1zquez hablaron con la prensa luego de lo que...\" \/>\n<meta property=\"og:url\" content=\"https:\/\/bocaparatodoelmundo.com.ar\/?p=186\" \/>\n<meta property=\"og:site_name\" content=\"BOCA PARA TODO EL MUNDO\" \/>\n<meta property=\"article:published_time\" content=\"2022-08-22T15:22:02+00:00\" \/>\n<meta property=\"article:modified_time\" content=\"2022-08-26T13:29:52+00:00\" \/>\n<meta property=\"og:image\" content=\"https:\/\/bocaparatodoelmundo.com.ar\/wp-content\/uploads\/2022\/08\/CUZJTMGQJTIDMJEZFRDKTJAE6I.jpg\" \/>\n\t<meta property=\"og:image:width\" content=\"360\" \/>\n\t<meta property=\"og:image:height\" content=\"203\" \/>\n\t<meta property=\"og:image:type\" content=\"image\/jpeg\" \/>\n<meta name=\"author\" content=\"Redaccion BPTM\" \/>\n<meta name=\"twitter:card\" content=\"summary_large_image\" \/>\n<meta name=\"twitter:label1\" content=\"Escrito por\" \/>\n\t<meta name=\"twitter:data1\" content=\"Redaccion BPTM\" \/>\n\t<meta name=\"twitter:label2\" content=\"Tiempo de lectura\" \/>\n\t<meta name=\"twitter:data2\" content=\"2 minutos\" \/>\n<script type=\"application\/ld+json\" class=\"yoast-schema-graph\">{\"@context\":\"https:\/\/schema.org\",\"@graph\":[{\"@type\":\"WebPage\",\"@id\":\"https:\/\/bocaparatodoelmundo.com.ar\/?p=186\",\"url\":\"https:\/\/bocaparatodoelmundo.com.ar\/?p=186\",\"name\":\"Hugo Ibarra: \\\"Es importante haber sumado de a 3\\\" - BOCA PARA TODO EL MUNDO\",\"isPartOf\":{\"@id\":\"https:\/\/bocaparatodoelmundo.com.ar\/#website\"},\"datePublished\":\"2022-08-22T15:22:02+00:00\",\"dateModified\":\"2022-08-26T13:29:52+00:00\",\"author\":{\"@id\":\"https:\/\/bocaparatodoelmundo.com.ar\/#\/schema\/person\/cc56d27ea9d37f4cea3636086a1847c5\"},\"breadcrumb\":{\"@id\":\"https:\/\/bocaparatodoelmundo.com.ar\/?p=186#breadcrumb\"},\"inLanguage\":\"es-AR\",\"potentialAction\":[{\"@type\":\"ReadAction\",\"target\":[\"https:\/\/bocaparatodoelmundo.com.ar\/?p=186\"]}]},{\"@type\":\"BreadcrumbList\",\"@id\":\"https:\/\/bocaparatodoelmundo.com.ar\/?p=186#breadcrumb\",\"itemListElement\":[{\"@type\":\"ListItem\",\"position\":1,\"name\":\"Inicio\",\"item\":\"https:\/\/bocaparatodoelmundo.com.ar\/\"},{\"@type\":\"ListItem\",\"position\":2,\"name\":\"Hugo Ibarra: &#8220;Es importante haber sumado de a 3&#8221;\"}]},{\"@type\":\"WebSite\",\"@id\":\"https:\/\/bocaparatodoelmundo.com.ar\/#website\",\"url\":\"https:\/\/bocaparatodoelmundo.com.ar\/\",\"name\":\"BOCA PARA TODO EL MUNDO\",\"description\":\"Toda la historia y actualidad del club atletico boca junios esta aqui\",\"potentialAction\":[{\"@type\":\"SearchAction\",\"target\":{\"@type\":\"EntryPoint\",\"urlTemplate\":\"https:\/\/bocaparatodoelmundo.com.ar\/?s={search_term_string}\"},\"query-input\":\"required name=search_term_string\"}],\"inLanguage\":\"es-AR\"},{\"@type\":\"Person\",\"@id\":\"https:\/\/bocaparatodoelmundo.com.ar\/#\/schema\/person\/cc56d27ea9d37f4cea3636086a1847c5\",\"name\":\"Redaccion BPTM\",\"image\":{\"@type\":\"ImageObject\",\"inLanguage\":\"es-AR\",\"@id\":\"https:\/\/bocaparatodoelmundo.com.ar\/#\/schema\/person\/image\/\",\"url\":\"https:\/\/secure.gravatar.com\/avatar\/3b62665b8c08843736974a055cc2398ba6bb7fd2fe787285105d666c418a7d13?s=96&d=mm&r=g\",\"contentUrl\":\"https:\/\/secure.gravatar.com\/avatar\/3b62665b8c08843736974a055cc2398ba6bb7fd2fe787285105d666c418a7d13?s=96&d=mm&r=g\",\"caption\":\"Redaccion BPTM\"},\"sameAs\":[\"http:\/\/bocaparatodoelmundo.com.ar\"],\"url\":\"https:\/\/bocaparatodoelmundo.com.ar\/?author=3\"}]}<\/script>\n<!-- \/ Yoast SEO plugin. -->","yoast_head_json":{"title":"Hugo Ibarra: \"Es importante haber sumado de a 3\" - BOCA PARA TODO EL MUNDO","robots":{"index":"index","follow":"follow","max-snippet":"max-snippet:-1","max-image-preview":"max-image-preview:large","max-video-preview":"max-video-preview:-1"},"canonical":"https:\/\/bocaparatodoelmundo.com.ar\/?p=186","og_locale":"es_ES","og_type":"article","og_title":"Hugo Ibarra: \"Es importante haber sumado de a 3\" - BOCA PARA TODO EL MUNDO","og_description":"Hugo Ibarra, Alan Varela y Luis V\u00e1zquez hablaron con la prensa luego de lo que...","og_url":"https:\/\/bocaparatodoelmundo.com.ar\/?p=186","og_site_name":"BOCA PARA TODO EL MUNDO","article_published_time":"2022-08-22T15:22:02+00:00","article_modified_time":"2022-08-26T13:29:52+00:00","og_image":[{"width":360,"height":203,"url":"https:\/\/bocaparatodoelmundo.com.ar\/wp-content\/uploads\/2022\/08\/CUZJTMGQJTIDMJEZFRDKTJAE6I.jpg","type":"image\/jpeg"}],"author":"Redaccion BPTM","twitter_card":"summary_large_image","twitter_misc":{"Escrito por":"Redaccion BPTM","Tiempo de lectura":"2 minutos"},"schema":{"@context":"https:\/\/schema.org","@graph":[{"@type":"WebPage","@id":"https:\/\/bocaparatodoelmundo.com.ar\/?p=186","url":"https:\/\/bocaparatodoelmundo.com.ar\/?p=186","name":"Hugo Ibarra: \"Es importante haber sumado de a 3\" - BOCA PARA TODO EL MUNDO","isPartOf":{"@id":"https:\/\/bocaparatodoelmundo.com.ar\/#website"},"datePublished":"2022-08-22T15:22:02+00:00","dateModified":"2022-08-26T13:29:52+00:00","author":{"@id":"https:\/\/bocaparatodoelmundo.com.ar\/#\/schema\/person\/cc56d27ea9d37f4cea3636086a1847c5"},"breadcrumb":{"@id":"https:\/\/bocaparatodoelmundo.com.ar\/?p=186#breadcrumb"},"inLanguage":"es-AR","potentialAction":[{"@type":"ReadAction","target":["https:\/\/bocaparatodoelmundo.com.ar\/?p=186"]}]},{"@type":"BreadcrumbList","@id":"https:\/\/bocaparatodoelmundo.com.ar\/?p=186#breadcrumb","itemListElement":[{"@type":"ListItem","position":1,"name":"Inicio","item":"https:\/\/bocaparatodoelmundo.com.ar\/"},{"@type":"ListItem","position":2,"name":"Hugo Ibarra: &#8220;Es importante haber sumado de a 3&#8221;"}]},{"@type":"WebSite","@id":"https:\/\/bocaparatodoelmundo.com.ar\/#website","url":"https:\/\/bocaparatodoelmundo.com.ar\/","name":"BOCA PARA TODO EL MUNDO","description":"Toda la historia y actualidad del club atletico boca junios esta aqui","potentialAction":[{"@type":"SearchAction","target":{"@type":"EntryPoint","urlTemplate":"https:\/\/bocaparatodoelmundo.com.ar\/?s={search_term_string}"},"query-input":"required name=search_term_string"}],"inLanguage":"es-AR"},{"@type":"Person","@id":"https:\/\/bocaparatodoelmundo.com.ar\/#\/schema\/person\/cc56d27ea9d37f4cea3636086a1847c5","name":"Redaccion BPTM","image":{"@type":"ImageObject","inLanguage":"es-AR","@id":"https:\/\/bocaparatodoelmundo.com.ar\/#\/schema\/person\/image\/","url":"https:\/\/secure.gravatar.com\/avatar\/3b62665b8c08843736974a055cc2398ba6bb7fd2fe787285105d666c418a7d13?s=96&d=mm&r=g","contentUrl":"https:\/\/secure.gravatar.com\/avatar\/3b62665b8c08843736974a055cc2398ba6bb7fd2fe787285105d666c418a7d13?s=96&d=mm&r=g","caption":"Redaccion BPTM"},"sameAs":["http:\/\/bocaparatodoelmundo.com.ar"],"url":"https:\/\/bocaparatodoelmundo.com.ar\/?author=3"}]}},"_links":{"self":[{"href":"https:\/\/bocaparatodoelmundo.com.ar\/index.php?rest_route=\/wp\/v2\/posts\/186","targetHints":{"allow":["GET"]}}],"collection":[{"href":"https:\/\/bocaparatodoelmundo.com.ar\/index.php?rest_route=\/wp\/v2\/posts"}],"about":[{"href":"https:\/\/bocaparatodoelmundo.com.ar\/index.php?rest_route=\/wp\/v2\/types\/post"}],"author":[{"embeddable":true,"href":"https:\/\/bocaparatodoelmundo.com.ar\/index.php?rest_route=\/wp\/v2\/users\/3"}],"replies":[{"embeddable":true,"href":"https:\/\/bocaparatodoelmundo.com.ar\/index.php?rest_route=%2Fwp%2Fv2%2Fcomments&post=186"}],"version-history":[{"count":1,"href":"https:\/\/bocaparatodoelmundo.com.ar\/index.php?rest_route=\/wp\/v2\/posts\/186\/revisions"}],"predecessor-version":[{"id":191,"href":"https:\/\/bocaparatodoelmundo.com.ar\/index.php?rest_route=\/wp\/v2\/posts\/186\/revisions\/191"}],"wp:featuredmedia":[{"embeddable":true,"href":"https:\/\/bocaparatodoelmundo.com.ar\/index.php?rest_route=\/wp\/v2\/media\/188"}],"wp:attachment":[{"href":"https:\/\/bocaparatodoelmundo.com.ar\/index.php?rest_route=%2Fwp%2Fv2%2Fmedia&parent=186"}],"wp:term":[{"taxonomy":"category","embeddable":true,"href":"https:\/\/bocaparatodoelmundo.com.ar\/index.php?rest_route=%2Fwp%2Fv2%2Fcategories&post=186"},{"taxonomy":"post_tag","embeddable":true,"href":"https:\/\/bocaparatodoelmundo.com.ar\/index.php?rest_route=%2Fwp%2Fv2%2Ftags&post=186"}],"curies":[{"name":"wp","href":"https:\/\/api.w.org\/{rel}","templated":true}]}}