{"id":1769,"date":"2023-06-13T09:21:03","date_gmt":"2023-06-13T12:21:03","guid":{"rendered":"https:\/\/bocaparatodoelmundo.com.ar\/?p=1769"},"modified":"2023-06-13T09:21:05","modified_gmt":"2023-06-13T12:21:05","slug":"va-tomando-forma","status":"publish","type":"post","link":"https:\/\/bocaparatodoelmundo.com.ar\/?p=1769","title":{"rendered":"Va tomando forma"},"content":{"rendered":"\n<h4 class=\"wp-block-heading\">Nueve a\u00f1os despu\u00e9s de su retiro y tras m\u00faltiples cancelaciones, finalmente Rom\u00e1n tendr\u00e1 su merecido homenaje en La Bombonera.<\/h4>\n\n\n\n<p>Nueve a\u00f1os despu\u00e9s de su retiro y despu\u00e9s de much\u00edsimas postergaciones, finalmente Juan Rom\u00e1n Riquelme tendr\u00e1 su merecido partido homenaje en La Bombonera. La idea de volver a ponerse los cortos en el&nbsp;<em>patio de su casa<\/em>&nbsp;est\u00e1 en la cabeza del Diez desde que debi\u00f3 ponerle punto final a su carrera lejos de Boca a fines de 2014, pero por su tirante relaci\u00f3n con la dirigencia que encabezaba Daniel Angelici nunca hab\u00eda podido realizarse.<\/p>\n\n\n\n<p>En 2019 fue cuando m\u00e1s cerca estuvo de llevarse a cabo: esa vez, incluso, Rom\u00e1n hab\u00eda anunciado en conferencia de prensa la fecha, la lista de invitados y hasta se hab\u00edan revelado las camisetas que utilizar\u00edan los dos equipos. Sin embargo, cuando anunci\u00f3 que tomar\u00eda parte en las elecciones del club de ese a\u00f1o, el \u00eddolo decidi\u00f3 suspender el evento, que estaba previsto para llevarse a cabo cuatro d\u00edas despu\u00e9s de los comicios.<\/p>\n\n\n\n<p>Una vez que Riquelme lleg\u00f3 a la dirigencia, todo parec\u00eda estar dado para que finalmente se hiciera el partido. Pero entonces lleg\u00f3 el coronavirus y, tanto en 2020 como en 2021 no hubo posibilidades de llevar a cabo un evento con presencia de p\u00fablico masivo. El a\u00f1o pasado, en tanto, el apretad\u00edsimo calendario internacional en la previa del Mundial de Qatar no dej\u00f3 huecos disponibles.<\/p>\n\n\n\n<p>Ahora, finalmente, todo est\u00e1 dado para que la fiesta se lleve a cabo, tal como adelant\u00f3 el propio vicepresidente en una entrevista a comienzos de a\u00f1o: &#8220;Mi partido despedida lo vamos a hacer. Veremos si se acomodan algunas cosas, pero de este a\u00f1o no puede pasar. Siempre tengo la idea de jugar un partido m\u00e1s en La Bombonera&#8221;.<\/p>\n\n\n\n<hr class=\"wp-block-separator has-alpha-channel-opacity\"\/>\n\n\n\n<h2 class=\"wp-block-heading\">\u00bfCU\u00c1NDO SER\u00c1?<\/h2>\n\n\n\n<hr class=\"wp-block-separator has-alpha-channel-opacity\"\/>\n\n\n\n<p><img loading=\"lazy\" decoding=\"async\" alt=\"Juan Roman Riquelme Boca Juniors\" width=\"1920\" height=\"1080\" srcset=\"https:\/\/assets.goal.com\/v3\/assets\/bltcc7a7ffd2fbf71f5\/blt2fb428aecf4c02d8\/60dd4930993b0438464897fd\/bf75ea5a4ec2a31b34c28bc6535190e4beed1c5e.jpg?format=pjpg&amp;auto=webp&amp;width=640&amp;quality=60 640w, https:\/\/assets.goal.com\/v3\/assets\/bltcc7a7ffd2fbf71f5\/blt2fb428aecf4c02d8\/60dd4930993b0438464897fd\/bf75ea5a4ec2a31b34c28bc6535190e4beed1c5e.jpg?format=pjpg&amp;auto=webp&amp;width=750&amp;quality=60 750w, https:\/\/assets.goal.com\/v3\/assets\/bltcc7a7ffd2fbf71f5\/blt2fb428aecf4c02d8\/60dd4930993b0438464897fd\/bf75ea5a4ec2a31b34c28bc6535190e4beed1c5e.jpg?format=pjpg&amp;auto=webp&amp;width=828&amp;quality=60 828w, https:\/\/assets.goal.com\/v3\/assets\/bltcc7a7ffd2fbf71f5\/blt2fb428aecf4c02d8\/60dd4930993b0438464897fd\/bf75ea5a4ec2a31b34c28bc6535190e4beed1c5e.jpg?format=pjpg&amp;auto=webp&amp;width=1080&amp;quality=60 1080w, https:\/\/assets.goal.com\/v3\/assets\/bltcc7a7ffd2fbf71f5\/blt2fb428aecf4c02d8\/60dd4930993b0438464897fd\/bf75ea5a4ec2a31b34c28bc6535190e4beed1c5e.jpg?format=pjpg&amp;auto=webp&amp;width=1200&amp;quality=60 1200w, https:\/\/assets.goal.com\/v3\/assets\/bltcc7a7ffd2fbf71f5\/blt2fb428aecf4c02d8\/60dd4930993b0438464897fd\/bf75ea5a4ec2a31b34c28bc6535190e4beed1c5e.jpg?format=pjpg&amp;auto=webp&amp;width=1920&amp;quality=60 1920w, https:\/\/assets.goal.com\/v3\/assets\/bltcc7a7ffd2fbf71f5\/blt2fb428aecf4c02d8\/60dd4930993b0438464897fd\/bf75ea5a4ec2a31b34c28bc6535190e4beed1c5e.jpg?format=pjpg&amp;auto=webp&amp;width=2048&amp;quality=60 2048w, https:\/\/assets.goal.com\/v3\/assets\/bltcc7a7ffd2fbf71f5\/blt2fb428aecf4c02d8\/60dd4930993b0438464897fd\/bf75ea5a4ec2a31b34c28bc6535190e4beed1c5e.jpg?format=pjpg&amp;auto=webp&amp;width=3840&amp;quality=60 3840w\" src=\"https:\/\/assets.goal.com\/v3\/assets\/bltcc7a7ffd2fbf71f5\/blt2fb428aecf4c02d8\/60dd4930993b0438464897fd\/bf75ea5a4ec2a31b34c28bc6535190e4beed1c5e.jpg?format=pjpg&amp;auto=webp&amp;width=3840&amp;quality=60\">Getty Images<\/p>\n\n\n\n<p>A falta de anuncios oficiales, el partido homenaje a Rom\u00e1n se llevar\u00e1 a cabo&nbsp;<strong>el domingo 25 de junio.&nbsp;<\/strong>Si bien en ese momento Boca todav\u00eda no habr\u00e1 finalizado su participaci\u00f3n ni en el Torneo de la Liga Profesional ni en la fase de grupos de la Copa Libertadores, ese fin de semana no habr\u00e1 actividad y el Alberto J. Armando estar\u00e1 disponible. Para esa fecha, adem\u00e1s, habr\u00e1 finalizado la temporada en Europa, lo que permitir\u00e1 la presencia de los invitados internacionales que espera Riquelme.<\/p>\n\n\n\n<hr class=\"wp-block-separator has-alpha-channel-opacity\"\/>\n\n\n\n<h2 class=\"wp-block-heading\">VENTA DE ENTRADAS<\/h2>\n\n\n\n<hr class=\"wp-block-separator has-alpha-channel-opacity\"\/>\n\n\n\n<p><img loading=\"lazy\" decoding=\"async\" alt=\"La Bombonera Boca Union Fecha 30 Campeonato Primera Division 2016\/17\" width=\"1920\" height=\"1080\" srcset=\"https:\/\/assets.goal.com\/v3\/assets\/bltcc7a7ffd2fbf71f5\/blt2ac4f3e5df48c5bd\/60db7a4747339c0fc01c1ce0\/37cfd2e876b5d5853f32ed630f9ffa9278ee7f53.jpg?format=pjpg&amp;auto=webp&amp;width=640&amp;quality=60 640w, https:\/\/assets.goal.com\/v3\/assets\/bltcc7a7ffd2fbf71f5\/blt2ac4f3e5df48c5bd\/60db7a4747339c0fc01c1ce0\/37cfd2e876b5d5853f32ed630f9ffa9278ee7f53.jpg?format=pjpg&amp;auto=webp&amp;width=750&amp;quality=60 750w, https:\/\/assets.goal.com\/v3\/assets\/bltcc7a7ffd2fbf71f5\/blt2ac4f3e5df48c5bd\/60db7a4747339c0fc01c1ce0\/37cfd2e876b5d5853f32ed630f9ffa9278ee7f53.jpg?format=pjpg&amp;auto=webp&amp;width=828&amp;quality=60 828w, https:\/\/assets.goal.com\/v3\/assets\/bltcc7a7ffd2fbf71f5\/blt2ac4f3e5df48c5bd\/60db7a4747339c0fc01c1ce0\/37cfd2e876b5d5853f32ed630f9ffa9278ee7f53.jpg?format=pjpg&amp;auto=webp&amp;width=1080&amp;quality=60 1080w, https:\/\/assets.goal.com\/v3\/assets\/bltcc7a7ffd2fbf71f5\/blt2ac4f3e5df48c5bd\/60db7a4747339c0fc01c1ce0\/37cfd2e876b5d5853f32ed630f9ffa9278ee7f53.jpg?format=pjpg&amp;auto=webp&amp;width=1200&amp;quality=60 1200w, https:\/\/assets.goal.com\/v3\/assets\/bltcc7a7ffd2fbf71f5\/blt2ac4f3e5df48c5bd\/60db7a4747339c0fc01c1ce0\/37cfd2e876b5d5853f32ed630f9ffa9278ee7f53.jpg?format=pjpg&amp;auto=webp&amp;width=1920&amp;quality=60 1920w, https:\/\/assets.goal.com\/v3\/assets\/bltcc7a7ffd2fbf71f5\/blt2ac4f3e5df48c5bd\/60db7a4747339c0fc01c1ce0\/37cfd2e876b5d5853f32ed630f9ffa9278ee7f53.jpg?format=pjpg&amp;auto=webp&amp;width=2048&amp;quality=60 2048w, https:\/\/assets.goal.com\/v3\/assets\/bltcc7a7ffd2fbf71f5\/blt2ac4f3e5df48c5bd\/60db7a4747339c0fc01c1ce0\/37cfd2e876b5d5853f32ed630f9ffa9278ee7f53.jpg?format=pjpg&amp;auto=webp&amp;width=3840&amp;quality=60 3840w\" src=\"https:\/\/assets.goal.com\/v3\/assets\/bltcc7a7ffd2fbf71f5\/blt2ac4f3e5df48c5bd\/60db7a4747339c0fc01c1ce0\/37cfd2e876b5d5853f32ed630f9ffa9278ee7f53.jpg?format=pjpg&amp;auto=webp&amp;width=3840&amp;quality=60\">Alejandro Pagni\/AFP<\/p>\n\n\n\n<p>Una vez que se confirme la fecha exacta, se avanzar\u00e1 en la comercializaci\u00f3n de las entradas. La \u00fanica certeza que hab\u00edan adelantado desde la organizaci\u00f3n all\u00e1 por 2019 es que la venta ser\u00e1 abierta al p\u00fablico en general, sin prioridad para los socios de Boca.<\/p>\n\n\n\n<hr class=\"wp-block-separator has-alpha-channel-opacity\"\/>\n\n\n\n<h2 class=\"wp-block-heading\">INVITADOS<\/h2>\n\n\n\n<hr class=\"wp-block-separator has-alpha-channel-opacity\"\/>\n\n\n\n<p><img loading=\"lazy\" decoding=\"async\" alt=\"Riquelme Galeano Boca Palmeiras Final Copa Libertadores 2000\" width=\"1920\" height=\"1080\" srcset=\"https:\/\/assets.goal.com\/v3\/assets\/bltcc7a7ffd2fbf71f5\/blte5e58f1ba66a6079\/615f885218bb02322b3a2c24\/50449c76cd70a397e16b9540fc68708cc051c9fb.jpg?format=pjpg&amp;auto=webp&amp;width=640&amp;quality=60 640w, https:\/\/assets.goal.com\/v3\/assets\/bltcc7a7ffd2fbf71f5\/blte5e58f1ba66a6079\/615f885218bb02322b3a2c24\/50449c76cd70a397e16b9540fc68708cc051c9fb.jpg?format=pjpg&amp;auto=webp&amp;width=750&amp;quality=60 750w, https:\/\/assets.goal.com\/v3\/assets\/bltcc7a7ffd2fbf71f5\/blte5e58f1ba66a6079\/615f885218bb02322b3a2c24\/50449c76cd70a397e16b9540fc68708cc051c9fb.jpg?format=pjpg&amp;auto=webp&amp;width=828&amp;quality=60 828w, https:\/\/assets.goal.com\/v3\/assets\/bltcc7a7ffd2fbf71f5\/blte5e58f1ba66a6079\/615f885218bb02322b3a2c24\/50449c76cd70a397e16b9540fc68708cc051c9fb.jpg?format=pjpg&amp;auto=webp&amp;width=1080&amp;quality=60 1080w, https:\/\/assets.goal.com\/v3\/assets\/bltcc7a7ffd2fbf71f5\/blte5e58f1ba66a6079\/615f885218bb02322b3a2c24\/50449c76cd70a397e16b9540fc68708cc051c9fb.jpg?format=pjpg&amp;auto=webp&amp;width=1200&amp;quality=60 1200w, https:\/\/assets.goal.com\/v3\/assets\/bltcc7a7ffd2fbf71f5\/blte5e58f1ba66a6079\/615f885218bb02322b3a2c24\/50449c76cd70a397e16b9540fc68708cc051c9fb.jpg?format=pjpg&amp;auto=webp&amp;width=1920&amp;quality=60 1920w, https:\/\/assets.goal.com\/v3\/assets\/bltcc7a7ffd2fbf71f5\/blte5e58f1ba66a6079\/615f885218bb02322b3a2c24\/50449c76cd70a397e16b9540fc68708cc051c9fb.jpg?format=pjpg&amp;auto=webp&amp;width=2048&amp;quality=60 2048w, https:\/\/assets.goal.com\/v3\/assets\/bltcc7a7ffd2fbf71f5\/blte5e58f1ba66a6079\/615f885218bb02322b3a2c24\/50449c76cd70a397e16b9540fc68708cc051c9fb.jpg?format=pjpg&amp;auto=webp&amp;width=3840&amp;quality=60 3840w\" src=\"https:\/\/assets.goal.com\/v3\/assets\/bltcc7a7ffd2fbf71f5\/blte5e58f1ba66a6079\/615f885218bb02322b3a2c24\/50449c76cd70a397e16b9540fc68708cc051c9fb.jpg?format=pjpg&amp;auto=webp&amp;width=3840&amp;quality=60\"><\/p>\n\n\n\n<p>La extensa carrera del Diez lo rode\u00f3 de figuras del f\u00fatbol mundial que bien podr\u00edan estar presentes en su partido despedida. En 2019, Rom\u00e1n hab\u00eda adelantado que el partido ser\u00eda entre los campeones de las Copas Libertadores de 2000 y de 2001 contra los que obtuvieron el torneo continental en 2007. Sin embargo, ahora los planes parecen haber cambiado y el encuentro ser\u00eda entre un combinado de esos tres planteles Xeneizes contra los amigos del f\u00fatbol de Rom\u00e1n.<\/p>\n\n\n\n<p>Y mientras se mantiene la inc\u00f3gnita sobre la presencia de aquellos excompa\u00f1eros con los que no mantiene una gran relaci\u00f3n, como Mart\u00edn Palermo o Guillermo Barros Schelotto, o con los que no termin\u00f3 bien durante su \u00e9poca dirigencial, como Sebasti\u00e1n Battaglia o Rolando Schiavi, la gran expectativa pasa por saber si estar\u00e1 presente&nbsp;<strong>Lionel Messi:&nbsp;<\/strong>el rosarino estar\u00e1 en esa fecha en el pa\u00eds porque el s\u00e1bado 24 participar\u00e1 de la despedida de Maxi Rodr\u00edguez en la cancha de Newell&#8217;s, por lo que conf\u00edan en que se har\u00e1 un hueco para estar, aunque sea un ratito.<\/p>\n","protected":false},"excerpt":{"rendered":"<p>Nueve a\u00f1os despu\u00e9s de su retiro y tras m\u00faltiples cancelaciones, finalmente Rom\u00e1n tendr\u00e1 su merecido&#8230;<\/p>\n","protected":false},"author":2,"featured_media":1770,"comment_status":"open","ping_status":"open","sticky":false,"template":"","format":"standard","meta":{"footnotes":""},"categories":[53],"tags":[],"class_list":["post-1769","post","type-post","status-publish","format-standard","has-post-thumbnail","hentry","category-la-despedida-de-roman"],"yoast_head":"<!-- This site is optimized with the Yoast SEO plugin v21.4 - https:\/\/yoast.com\/wordpress\/plugins\/seo\/ -->\n<title>Va tomando forma - BOCA PARA TODO EL MUNDO<\/title>\n<meta name=\"robots\" content=\"index, follow, max-snippet:-1, max-image-preview:large, max-video-preview:-1\" \/>\n<link rel=\"canonical\" href=\"https:\/\/bocaparatodoelmundo.com.ar\/?p=1769\" \/>\n<meta property=\"og:locale\" content=\"es_ES\" \/>\n<meta property=\"og:type\" content=\"article\" \/>\n<meta property=\"og:title\" content=\"Va tomando forma - BOCA PARA TODO EL MUNDO\" \/>\n<meta property=\"og:description\" content=\"Nueve a\u00f1os despu\u00e9s de su retiro y tras m\u00faltiples cancelaciones, finalmente Rom\u00e1n tendr\u00e1 su merecido...\" \/>\n<meta property=\"og:url\" content=\"https:\/\/bocaparatodoelmundo.com.ar\/?p=1769\" \/>\n<meta property=\"og:site_name\" content=\"BOCA PARA TODO EL MUNDO\" \/>\n<meta property=\"article:published_time\" content=\"2023-06-13T12:21:03+00:00\" \/>\n<meta property=\"article:modified_time\" content=\"2023-06-13T12:21:05+00:00\" \/>\n<meta property=\"og:image\" content=\"https:\/\/bocaparatodoelmundo.com.ar\/wp-content\/uploads\/2023\/06\/images-40.jpg\" \/>\n\t<meta property=\"og:image:width\" content=\"300\" \/>\n\t<meta property=\"og:image:height\" content=\"168\" \/>\n\t<meta property=\"og:image:type\" content=\"image\/jpeg\" \/>\n<meta name=\"author\" content=\"Mart\u00edn Ripari\" \/>\n<meta name=\"twitter:card\" content=\"summary_large_image\" \/>\n<meta name=\"twitter:label1\" content=\"Escrito por\" \/>\n\t<meta name=\"twitter:data1\" content=\"Mart\u00edn Ripari\" \/>\n\t<meta name=\"twitter:label2\" content=\"Tiempo de lectura\" \/>\n\t<meta name=\"twitter:data2\" content=\"3 minutos\" \/>\n<script type=\"application\/ld+json\" class=\"yoast-schema-graph\">{\"@context\":\"https:\/\/schema.org\",\"@graph\":[{\"@type\":\"WebPage\",\"@id\":\"https:\/\/bocaparatodoelmundo.com.ar\/?p=1769\",\"url\":\"https:\/\/bocaparatodoelmundo.com.ar\/?p=1769\",\"name\":\"Va tomando forma - BOCA PARA TODO EL MUNDO\",\"isPartOf\":{\"@id\":\"https:\/\/bocaparatodoelmundo.com.ar\/#website\"},\"datePublished\":\"2023-06-13T12:21:03+00:00\",\"dateModified\":\"2023-06-13T12:21:05+00:00\",\"author\":{\"@id\":\"https:\/\/bocaparatodoelmundo.com.ar\/#\/schema\/person\/c7c150fa1e2772333c5e6c002e15afaf\"},\"breadcrumb\":{\"@id\":\"https:\/\/bocaparatodoelmundo.com.ar\/?p=1769#breadcrumb\"},\"inLanguage\":\"es-AR\",\"potentialAction\":[{\"@type\":\"ReadAction\",\"target\":[\"https:\/\/bocaparatodoelmundo.com.ar\/?p=1769\"]}]},{\"@type\":\"BreadcrumbList\",\"@id\":\"https:\/\/bocaparatodoelmundo.com.ar\/?p=1769#breadcrumb\",\"itemListElement\":[{\"@type\":\"ListItem\",\"position\":1,\"name\":\"Inicio\",\"item\":\"https:\/\/bocaparatodoelmundo.com.ar\/\"},{\"@type\":\"ListItem\",\"position\":2,\"name\":\"Va tomando forma\"}]},{\"@type\":\"WebSite\",\"@id\":\"https:\/\/bocaparatodoelmundo.com.ar\/#website\",\"url\":\"https:\/\/bocaparatodoelmundo.com.ar\/\",\"name\":\"BOCA PARA TODO EL MUNDO\",\"description\":\"Toda la historia y actualidad del club atletico boca junios esta aqui\",\"potentialAction\":[{\"@type\":\"SearchAction\",\"target\":{\"@type\":\"EntryPoint\",\"urlTemplate\":\"https:\/\/bocaparatodoelmundo.com.ar\/?s={search_term_string}\"},\"query-input\":\"required name=search_term_string\"}],\"inLanguage\":\"es-AR\"},{\"@type\":\"Person\",\"@id\":\"https:\/\/bocaparatodoelmundo.com.ar\/#\/schema\/person\/c7c150fa1e2772333c5e6c002e15afaf\",\"name\":\"Mart\u00edn Ripari\",\"image\":{\"@type\":\"ImageObject\",\"inLanguage\":\"es-AR\",\"@id\":\"https:\/\/bocaparatodoelmundo.com.ar\/#\/schema\/person\/image\/\",\"url\":\"https:\/\/secure.gravatar.com\/avatar\/0db7df26707fd8adc2b24ae87259322b0aea8d9eaf092366b1d208b0b180ee7e?s=96&d=mm&r=g\",\"contentUrl\":\"https:\/\/secure.gravatar.com\/avatar\/0db7df26707fd8adc2b24ae87259322b0aea8d9eaf092366b1d208b0b180ee7e?s=96&d=mm&r=g\",\"caption\":\"Mart\u00edn Ripari\"},\"url\":\"https:\/\/bocaparatodoelmundo.com.ar\/?author=2\"}]}<\/script>\n<!-- \/ Yoast SEO plugin. -->","yoast_head_json":{"title":"Va tomando forma - BOCA PARA TODO EL MUNDO","robots":{"index":"index","follow":"follow","max-snippet":"max-snippet:-1","max-image-preview":"max-image-preview:large","max-video-preview":"max-video-preview:-1"},"canonical":"https:\/\/bocaparatodoelmundo.com.ar\/?p=1769","og_locale":"es_ES","og_type":"article","og_title":"Va tomando forma - BOCA PARA TODO EL MUNDO","og_description":"Nueve a\u00f1os despu\u00e9s de su retiro y tras m\u00faltiples cancelaciones, finalmente Rom\u00e1n tendr\u00e1 su merecido...","og_url":"https:\/\/bocaparatodoelmundo.com.ar\/?p=1769","og_site_name":"BOCA PARA TODO EL MUNDO","article_published_time":"2023-06-13T12:21:03+00:00","article_modified_time":"2023-06-13T12:21:05+00:00","og_image":[{"width":300,"height":168,"url":"https:\/\/bocaparatodoelmundo.com.ar\/wp-content\/uploads\/2023\/06\/images-40.jpg","type":"image\/jpeg"}],"author":"Mart\u00edn Ripari","twitter_card":"summary_large_image","twitter_misc":{"Escrito por":"Mart\u00edn Ripari","Tiempo de lectura":"3 minutos"},"schema":{"@context":"https:\/\/schema.org","@graph":[{"@type":"WebPage","@id":"https:\/\/bocaparatodoelmundo.com.ar\/?p=1769","url":"https:\/\/bocaparatodoelmundo.com.ar\/?p=1769","name":"Va tomando forma - BOCA PARA TODO EL MUNDO","isPartOf":{"@id":"https:\/\/bocaparatodoelmundo.com.ar\/#website"},"datePublished":"2023-06-13T12:21:03+00:00","dateModified":"2023-06-13T12:21:05+00:00","author":{"@id":"https:\/\/bocaparatodoelmundo.com.ar\/#\/schema\/person\/c7c150fa1e2772333c5e6c002e15afaf"},"breadcrumb":{"@id":"https:\/\/bocaparatodoelmundo.com.ar\/?p=1769#breadcrumb"},"inLanguage":"es-AR","potentialAction":[{"@type":"ReadAction","target":["https:\/\/bocaparatodoelmundo.com.ar\/?p=1769"]}]},{"@type":"BreadcrumbList","@id":"https:\/\/bocaparatodoelmundo.com.ar\/?p=1769#breadcrumb","itemListElement":[{"@type":"ListItem","position":1,"name":"Inicio","item":"https:\/\/bocaparatodoelmundo.com.ar\/"},{"@type":"ListItem","position":2,"name":"Va tomando forma"}]},{"@type":"WebSite","@id":"https:\/\/bocaparatodoelmundo.com.ar\/#website","url":"https:\/\/bocaparatodoelmundo.com.ar\/","name":"BOCA PARA TODO EL MUNDO","description":"Toda la historia y actualidad del club atletico boca junios esta aqui","potentialAction":[{"@type":"SearchAction","target":{"@type":"EntryPoint","urlTemplate":"https:\/\/bocaparatodoelmundo.com.ar\/?s={search_term_string}"},"query-input":"required name=search_term_string"}],"inLanguage":"es-AR"},{"@type":"Person","@id":"https:\/\/bocaparatodoelmundo.com.ar\/#\/schema\/person\/c7c150fa1e2772333c5e6c002e15afaf","name":"Mart\u00edn Ripari","image":{"@type":"ImageObject","inLanguage":"es-AR","@id":"https:\/\/bocaparatodoelmundo.com.ar\/#\/schema\/person\/image\/","url":"https:\/\/secure.gravatar.com\/avatar\/0db7df26707fd8adc2b24ae87259322b0aea8d9eaf092366b1d208b0b180ee7e?s=96&d=mm&r=g","contentUrl":"https:\/\/secure.gravatar.com\/avatar\/0db7df26707fd8adc2b24ae87259322b0aea8d9eaf092366b1d208b0b180ee7e?s=96&d=mm&r=g","caption":"Mart\u00edn Ripari"},"url":"https:\/\/bocaparatodoelmundo.com.ar\/?author=2"}]}},"_links":{"self":[{"href":"https:\/\/bocaparatodoelmundo.com.ar\/index.php?rest_route=\/wp\/v2\/posts\/1769","targetHints":{"allow":["GET"]}}],"collection":[{"href":"https:\/\/bocaparatodoelmundo.com.ar\/index.php?rest_route=\/wp\/v2\/posts"}],"about":[{"href":"https:\/\/bocaparatodoelmundo.com.ar\/index.php?rest_route=\/wp\/v2\/types\/post"}],"author":[{"embeddable":true,"href":"https:\/\/bocaparatodoelmundo.com.ar\/index.php?rest_route=\/wp\/v2\/users\/2"}],"replies":[{"embeddable":true,"href":"https:\/\/bocaparatodoelmundo.com.ar\/index.php?rest_route=%2Fwp%2Fv2%2Fcomments&post=1769"}],"version-history":[{"count":1,"href":"https:\/\/bocaparatodoelmundo.com.ar\/index.php?rest_route=\/wp\/v2\/posts\/1769\/revisions"}],"predecessor-version":[{"id":1771,"href":"https:\/\/bocaparatodoelmundo.com.ar\/index.php?rest_route=\/wp\/v2\/posts\/1769\/revisions\/1771"}],"wp:featuredmedia":[{"embeddable":true,"href":"https:\/\/bocaparatodoelmundo.com.ar\/index.php?rest_route=\/wp\/v2\/media\/1770"}],"wp:attachment":[{"href":"https:\/\/bocaparatodoelmundo.com.ar\/index.php?rest_route=%2Fwp%2Fv2%2Fmedia&parent=1769"}],"wp:term":[{"taxonomy":"category","embeddable":true,"href":"https:\/\/bocaparatodoelmundo.com.ar\/index.php?rest_route=%2Fwp%2Fv2%2Fcategories&post=1769"},{"taxonomy":"post_tag","embeddable":true,"href":"https:\/\/bocaparatodoelmundo.com.ar\/index.php?rest_route=%2Fwp%2Fv2%2Ftags&post=1769"}],"curies":[{"name":"wp","href":"https:\/\/api.w.org\/{rel}","templated":true}]}}