{"id":171,"date":"2022-08-22T11:32:10","date_gmt":"2022-08-22T14:32:10","guid":{"rendered":"https:\/\/www.bocaparatodoelmundo.com.ar\/?p=171"},"modified":"2022-08-22T11:44:26","modified_gmt":"2022-08-22T14:44:26","slug":"boca-y-abuelas-en-charla-por-la-identidad","status":"publish","type":"post","link":"https:\/\/bocaparatodoelmundo.com.ar\/?p=171","title":{"rendered":"Boca y Abuelas, en Charla por la Identidad"},"content":{"rendered":"\n<p><strong><em>El Club Ateltico Boca Juniors, en el marco del convenio firmado con Abuelas de Plaza de Mayo, organizar\u00e1 el martes 23 de agosto una charla en Mar del Plata por el \u201cDerecho a la Identidad\u201d.<\/em><\/strong><\/p>\n\n\n\n<figure class=\"wp-block-image size-full\"><img loading=\"lazy\" decoding=\"async\" width=\"822\" height=\"462\" src=\"https:\/\/www.bocaparatodoelmundo.com.ar\/wp-content\/uploads\/2022\/08\/boca-estela-de-carlotto-socia-honorariaa-png..png\" alt=\"\" class=\"wp-image-176\" srcset=\"https:\/\/bocaparatodoelmundo.com.ar\/wp-content\/uploads\/2022\/08\/boca-estela-de-carlotto-socia-honorariaa-png..png 822w, https:\/\/bocaparatodoelmundo.com.ar\/wp-content\/uploads\/2022\/08\/boca-estela-de-carlotto-socia-honorariaa-png.-300x169.png 300w, https:\/\/bocaparatodoelmundo.com.ar\/wp-content\/uploads\/2022\/08\/boca-estela-de-carlotto-socia-honorariaa-png.-768x432.png 768w\" sizes=\"auto, (max-width: 822px) 100vw, 822px\" \/><figcaption>Estela de Carlotto, Presidenta de Abuelas de Plaza de Mayo; junto a ella, Jorge Amor Ameal, Presidente de Boca Juniors<\/figcaption><\/figure>\n\n\n\n<p>El encuentro a cargo de las tres pe\u00f1as oficiales del club en Mar del Plata (&#8220;Roberto Mouzo&#8221;, &#8220;La mitad m\u00e1s uno Mdq&#8221; y &#8220;Siempre con Boca&#8221;) y se desarrollar\u00e1 a las 18:30 en la sede ubicada en la Avenida Jara al 800 de la ciudad balnearia.<\/p>\n\n\n\n<p>La entrada ser\u00e1 libre y gratuita y solo se requiere de inscripci\u00f3n previa a trav\u00e9s de&nbsp;<a href=\"https:\/\/forms.gle\/8quTVtWsnEga86aS9\" target=\"_blank\" rel=\"noreferrer noopener\">este link<\/a>.<\/p>\n\n\n\n<p>Alejandro Veiga, prosecretario y responsable del \u00e1rea de Derechos Humanos de Boca, inform\u00f3 en un comunicado que se har\u00e1 &#8220;la primera charla de este tipo fuera del club, con las tres pe\u00f1as de la ciudad trabajando juntas\u201d.<\/p>\n\n\n\n<p>\u201cLa charla est\u00e1 destinada a todo el p\u00fablico y especialmente a aquellos que tengan informaci\u00f3n sobre el paradero de alguno de los nietos que a\u00fan faltan restituir. Muchos no saben que fueron adoptados ni que los est\u00e1n buscando. Hay mucha desinformaci\u00f3n y mientras m\u00e1s informados estemos, va a ser mejor para recuperar los nietos que podamos\u201d, dijo.<\/p>\n\n\n\n<p>Tanto Boca como River firmaron un acuerdo con Abuelas de Plaza de Mayo en octubre del a\u00f1o pasado con el objetivo de brindar ayuda para localizar y restituir a sus leg\u00edtimas familias a todos los ni\u00f1os desaparecidos por la \u00faltima dictadura en nuestro pa\u00eds.<\/p>\n\n\n\n<p>Para esto Estela de Carlotto, titular de Abuelas de Plaza de Mayo, y otras personas que integran esta Asociaci\u00f3n Civil, estuvieron presentes en las instalaciones del club de Brandsen 805, Ciudad de Buenos Aires, para rubricar este compromiso mutuo.<\/p>\n\n\n\n<p>Fuente: Pagina 12. https:\/\/www.pagina12.com.ar\/<\/p>\n","protected":false},"excerpt":{"rendered":"<p>El Club Ateltico Boca Juniors, en el marco del convenio firmado con Abuelas de Plaza&#8230;<\/p>\n","protected":false},"author":2,"featured_media":172,"comment_status":"open","ping_status":"open","sticky":false,"template":"","format":"standard","meta":{"footnotes":""},"categories":[27],"tags":[],"class_list":["post-171","post","type-post","status-publish","format-standard","has-post-thumbnail","hentry","category-ddhh-y-diversidad"],"yoast_head":"<!-- This site is optimized with the Yoast SEO plugin v21.4 - https:\/\/yoast.com\/wordpress\/plugins\/seo\/ -->\n<title>Boca y Abuelas, en Charla por la Identidad - BOCA PARA TODO EL MUNDO<\/title>\n<meta name=\"robots\" content=\"index, follow, max-snippet:-1, max-image-preview:large, max-video-preview:-1\" \/>\n<link rel=\"canonical\" href=\"https:\/\/bocaparatodoelmundo.com.ar\/?p=171\" \/>\n<meta property=\"og:locale\" content=\"es_ES\" \/>\n<meta property=\"og:type\" content=\"article\" \/>\n<meta property=\"og:title\" content=\"Boca y Abuelas, en Charla por la Identidad - BOCA PARA TODO EL MUNDO\" \/>\n<meta property=\"og:description\" content=\"El Club Ateltico Boca Juniors, en el marco del convenio firmado con Abuelas de Plaza...\" \/>\n<meta property=\"og:url\" content=\"https:\/\/bocaparatodoelmundo.com.ar\/?p=171\" \/>\n<meta property=\"og:site_name\" content=\"BOCA PARA TODO EL MUNDO\" \/>\n<meta property=\"article:published_time\" content=\"2022-08-22T14:32:10+00:00\" \/>\n<meta property=\"article:modified_time\" content=\"2022-08-22T14:44:26+00:00\" \/>\n<meta property=\"og:image\" content=\"https:\/\/bocaparatodoelmundo.com.ar\/wp-content\/uploads\/2022\/08\/WhatsApp-Image-2022-08-22-at-8.27.13-AM.jpeg\" \/>\n\t<meta property=\"og:image:width\" content=\"1080\" \/>\n\t<meta property=\"og:image:height\" content=\"1080\" \/>\n\t<meta property=\"og:image:type\" content=\"image\/jpeg\" \/>\n<meta name=\"author\" content=\"Mart\u00edn Ripari\" \/>\n<meta name=\"twitter:card\" content=\"summary_large_image\" \/>\n<meta name=\"twitter:label1\" content=\"Escrito por\" \/>\n\t<meta name=\"twitter:data1\" content=\"Mart\u00edn Ripari\" \/>\n\t<meta name=\"twitter:label2\" content=\"Tiempo de lectura\" \/>\n\t<meta name=\"twitter:data2\" content=\"2 minutos\" \/>\n<script type=\"application\/ld+json\" class=\"yoast-schema-graph\">{\"@context\":\"https:\/\/schema.org\",\"@graph\":[{\"@type\":\"WebPage\",\"@id\":\"https:\/\/bocaparatodoelmundo.com.ar\/?p=171\",\"url\":\"https:\/\/bocaparatodoelmundo.com.ar\/?p=171\",\"name\":\"Boca y Abuelas, en Charla por la Identidad - BOCA PARA TODO EL MUNDO\",\"isPartOf\":{\"@id\":\"https:\/\/bocaparatodoelmundo.com.ar\/#website\"},\"datePublished\":\"2022-08-22T14:32:10+00:00\",\"dateModified\":\"2022-08-22T14:44:26+00:00\",\"author\":{\"@id\":\"https:\/\/bocaparatodoelmundo.com.ar\/#\/schema\/person\/c7c150fa1e2772333c5e6c002e15afaf\"},\"breadcrumb\":{\"@id\":\"https:\/\/bocaparatodoelmundo.com.ar\/?p=171#breadcrumb\"},\"inLanguage\":\"es-AR\",\"potentialAction\":[{\"@type\":\"ReadAction\",\"target\":[\"https:\/\/bocaparatodoelmundo.com.ar\/?p=171\"]}]},{\"@type\":\"BreadcrumbList\",\"@id\":\"https:\/\/bocaparatodoelmundo.com.ar\/?p=171#breadcrumb\",\"itemListElement\":[{\"@type\":\"ListItem\",\"position\":1,\"name\":\"Inicio\",\"item\":\"https:\/\/bocaparatodoelmundo.com.ar\/\"},{\"@type\":\"ListItem\",\"position\":2,\"name\":\"Boca y Abuelas, en Charla por la Identidad\"}]},{\"@type\":\"WebSite\",\"@id\":\"https:\/\/bocaparatodoelmundo.com.ar\/#website\",\"url\":\"https:\/\/bocaparatodoelmundo.com.ar\/\",\"name\":\"BOCA PARA TODO EL MUNDO\",\"description\":\"Toda la historia y actualidad del club atletico boca junios esta aqui\",\"potentialAction\":[{\"@type\":\"SearchAction\",\"target\":{\"@type\":\"EntryPoint\",\"urlTemplate\":\"https:\/\/bocaparatodoelmundo.com.ar\/?s={search_term_string}\"},\"query-input\":\"required name=search_term_string\"}],\"inLanguage\":\"es-AR\"},{\"@type\":\"Person\",\"@id\":\"https:\/\/bocaparatodoelmundo.com.ar\/#\/schema\/person\/c7c150fa1e2772333c5e6c002e15afaf\",\"name\":\"Mart\u00edn Ripari\",\"image\":{\"@type\":\"ImageObject\",\"inLanguage\":\"es-AR\",\"@id\":\"https:\/\/bocaparatodoelmundo.com.ar\/#\/schema\/person\/image\/\",\"url\":\"https:\/\/secure.gravatar.com\/avatar\/0db7df26707fd8adc2b24ae87259322b0aea8d9eaf092366b1d208b0b180ee7e?s=96&d=mm&r=g\",\"contentUrl\":\"https:\/\/secure.gravatar.com\/avatar\/0db7df26707fd8adc2b24ae87259322b0aea8d9eaf092366b1d208b0b180ee7e?s=96&d=mm&r=g\",\"caption\":\"Mart\u00edn Ripari\"},\"url\":\"https:\/\/bocaparatodoelmundo.com.ar\/?author=2\"}]}<\/script>\n<!-- \/ Yoast SEO plugin. -->","yoast_head_json":{"title":"Boca y Abuelas, en Charla por la Identidad - BOCA PARA TODO EL MUNDO","robots":{"index":"index","follow":"follow","max-snippet":"max-snippet:-1","max-image-preview":"max-image-preview:large","max-video-preview":"max-video-preview:-1"},"canonical":"https:\/\/bocaparatodoelmundo.com.ar\/?p=171","og_locale":"es_ES","og_type":"article","og_title":"Boca y Abuelas, en Charla por la Identidad - BOCA PARA TODO EL MUNDO","og_description":"El Club Ateltico Boca Juniors, en el marco del convenio firmado con Abuelas de Plaza...","og_url":"https:\/\/bocaparatodoelmundo.com.ar\/?p=171","og_site_name":"BOCA PARA TODO EL MUNDO","article_published_time":"2022-08-22T14:32:10+00:00","article_modified_time":"2022-08-22T14:44:26+00:00","og_image":[{"width":1080,"height":1080,"url":"https:\/\/bocaparatodoelmundo.com.ar\/wp-content\/uploads\/2022\/08\/WhatsApp-Image-2022-08-22-at-8.27.13-AM.jpeg","type":"image\/jpeg"}],"author":"Mart\u00edn Ripari","twitter_card":"summary_large_image","twitter_misc":{"Escrito por":"Mart\u00edn Ripari","Tiempo de lectura":"2 minutos"},"schema":{"@context":"https:\/\/schema.org","@graph":[{"@type":"WebPage","@id":"https:\/\/bocaparatodoelmundo.com.ar\/?p=171","url":"https:\/\/bocaparatodoelmundo.com.ar\/?p=171","name":"Boca y Abuelas, en Charla por la Identidad - BOCA PARA TODO EL MUNDO","isPartOf":{"@id":"https:\/\/bocaparatodoelmundo.com.ar\/#website"},"datePublished":"2022-08-22T14:32:10+00:00","dateModified":"2022-08-22T14:44:26+00:00","author":{"@id":"https:\/\/bocaparatodoelmundo.com.ar\/#\/schema\/person\/c7c150fa1e2772333c5e6c002e15afaf"},"breadcrumb":{"@id":"https:\/\/bocaparatodoelmundo.com.ar\/?p=171#breadcrumb"},"inLanguage":"es-AR","potentialAction":[{"@type":"ReadAction","target":["https:\/\/bocaparatodoelmundo.com.ar\/?p=171"]}]},{"@type":"BreadcrumbList","@id":"https:\/\/bocaparatodoelmundo.com.ar\/?p=171#breadcrumb","itemListElement":[{"@type":"ListItem","position":1,"name":"Inicio","item":"https:\/\/bocaparatodoelmundo.com.ar\/"},{"@type":"ListItem","position":2,"name":"Boca y Abuelas, en Charla por la Identidad"}]},{"@type":"WebSite","@id":"https:\/\/bocaparatodoelmundo.com.ar\/#website","url":"https:\/\/bocaparatodoelmundo.com.ar\/","name":"BOCA PARA TODO EL MUNDO","description":"Toda la historia y actualidad del club atletico boca junios esta aqui","potentialAction":[{"@type":"SearchAction","target":{"@type":"EntryPoint","urlTemplate":"https:\/\/bocaparatodoelmundo.com.ar\/?s={search_term_string}"},"query-input":"required name=search_term_string"}],"inLanguage":"es-AR"},{"@type":"Person","@id":"https:\/\/bocaparatodoelmundo.com.ar\/#\/schema\/person\/c7c150fa1e2772333c5e6c002e15afaf","name":"Mart\u00edn Ripari","image":{"@type":"ImageObject","inLanguage":"es-AR","@id":"https:\/\/bocaparatodoelmundo.com.ar\/#\/schema\/person\/image\/","url":"https:\/\/secure.gravatar.com\/avatar\/0db7df26707fd8adc2b24ae87259322b0aea8d9eaf092366b1d208b0b180ee7e?s=96&d=mm&r=g","contentUrl":"https:\/\/secure.gravatar.com\/avatar\/0db7df26707fd8adc2b24ae87259322b0aea8d9eaf092366b1d208b0b180ee7e?s=96&d=mm&r=g","caption":"Mart\u00edn Ripari"},"url":"https:\/\/bocaparatodoelmundo.com.ar\/?author=2"}]}},"_links":{"self":[{"href":"https:\/\/bocaparatodoelmundo.com.ar\/index.php?rest_route=\/wp\/v2\/posts\/171","targetHints":{"allow":["GET"]}}],"collection":[{"href":"https:\/\/bocaparatodoelmundo.com.ar\/index.php?rest_route=\/wp\/v2\/posts"}],"about":[{"href":"https:\/\/bocaparatodoelmundo.com.ar\/index.php?rest_route=\/wp\/v2\/types\/post"}],"author":[{"embeddable":true,"href":"https:\/\/bocaparatodoelmundo.com.ar\/index.php?rest_route=\/wp\/v2\/users\/2"}],"replies":[{"embeddable":true,"href":"https:\/\/bocaparatodoelmundo.com.ar\/index.php?rest_route=%2Fwp%2Fv2%2Fcomments&post=171"}],"version-history":[{"count":5,"href":"https:\/\/bocaparatodoelmundo.com.ar\/index.php?rest_route=\/wp\/v2\/posts\/171\/revisions"}],"predecessor-version":[{"id":181,"href":"https:\/\/bocaparatodoelmundo.com.ar\/index.php?rest_route=\/wp\/v2\/posts\/171\/revisions\/181"}],"wp:featuredmedia":[{"embeddable":true,"href":"https:\/\/bocaparatodoelmundo.com.ar\/index.php?rest_route=\/wp\/v2\/media\/172"}],"wp:attachment":[{"href":"https:\/\/bocaparatodoelmundo.com.ar\/index.php?rest_route=%2Fwp%2Fv2%2Fmedia&parent=171"}],"wp:term":[{"taxonomy":"category","embeddable":true,"href":"https:\/\/bocaparatodoelmundo.com.ar\/index.php?rest_route=%2Fwp%2Fv2%2Fcategories&post=171"},{"taxonomy":"post_tag","embeddable":true,"href":"https:\/\/bocaparatodoelmundo.com.ar\/index.php?rest_route=%2Fwp%2Fv2%2Ftags&post=171"}],"curies":[{"name":"wp","href":"https:\/\/api.w.org\/{rel}","templated":true}]}}