{"id":1591,"date":"2023-04-22T20:53:06","date_gmt":"2023-04-22T23:53:06","guid":{"rendered":"https:\/\/bocaparatodoelmundo.com.ar\/?p=1591"},"modified":"2023-04-22T20:53:07","modified_gmt":"2023-04-22T23:53:07","slug":"a-rosario-con-los-titulares","status":"publish","type":"post","link":"https:\/\/bocaparatodoelmundo.com.ar\/?p=1591","title":{"rendered":"A Rosario, con los titulares"},"content":{"rendered":"\n<h4 class=\"wp-block-heading\"><strong>Boca se entren\u00f3\u00a0esta ma\u00f1ana<\/strong>\u00a0en el Predio de Ezeiza, en el \u00faltimo entrenamiento previo al duelo del domingo a las 15.30 en el Gigante de Arroyito ante Rosario Central, por la fecha 13 de la Liga Profesional, y\u00a0<strong>Jorge Almir\u00f3n decidi\u00f3 poner un once totalmente titular para enfrentar al Canalla\u00a0<\/strong>pese a que en los \u00faltimos d\u00edas hab\u00eda ensayado un equipo con variantes.\u00a0<\/h4>\n\n\n\n<p><strong>El once que defini\u00f3 es muy similar al que sali\u00f3 a jugar el martes ante Deportivo Pereira<\/strong>&nbsp;por la Copa Libertadores.La principal variante pasa por el ataque, ya que&nbsp;<strong>Dar\u00edo Benedetto&nbsp;padece un desgarro<\/strong>.&nbsp;<strong>En su lugar estar\u00e1 el uruguayo Miguel Merentiel.<\/strong>&nbsp;En tanto,&nbsp;<strong>dejar\u00e1 el equipo Norberto Briasco<\/strong>, quien comparti\u00f3 ataque con el Pipa y Sebasti\u00e1n Villa, y ser\u00e1 reemplazado por&nbsp;<strong>Mart\u00edn Payero<\/strong>, que termina su pr\u00e9stamo en el Xeneize a mitad de a\u00f1o y est\u00e1 ante sus \u00faltimas oportunidades.<\/p>\n\n\n\n<p>En el arco continuar\u00e1\u00a0<strong>Sergio Romero<\/strong>\u00a0y la defensa volver\u00e1 a estar conformada por\u00a0<strong>Luis Adv\u00edncula, Jorge Figal, Nicol\u00e1s Valentini y el juvenil Valent\u00edn Barco<\/strong>. Adem\u00e1s,\u00a0<strong>en el medio Guillermo Fern\u00e1ndez acompa\u00f1ar\u00e1 a Alan Varela<\/strong>. Restar\u00e1 saber si \u00d3scar Romero tambi\u00e9n se para como tercer volante y el ex-Banfield comienza m\u00e1s adelantado o hay otra variante t\u00e1ctica en el sector.<strong>\u00a0Almir\u00f3n intentar\u00e1 sumar por primera vez por el torneo local\u00a0<\/strong>luego de las derrotas ante San Lorenzo y Estudiantes de La Plata.<\/p>\n\n\n\n<p>Ya concluida la pr\u00e1ctica,&nbsp;<strong>los futbolistas se preparan para compartir un almuerzo en el predio y luego, cerca de las 14, partir\u00e1n en avi\u00f3n rumbo a Rosario<\/strong>&nbsp;para el cruce de ma\u00f1ana en el que buscar\u00e1n volver a ganar luego de tres derrotas consecutivas por el torneo local en el que se ubican 19\u00b0, a 16 unidades del l\u00edder River.<\/p>\n\n\n\n<h2 class=\"wp-block-heading\">El once de Boca para visitar a Rosario Central<\/h2>\n\n\n\n<p>Sergio&nbsp;<strong>Romero<\/strong>; Luis&nbsp;<strong>Adv\u00edncula<\/strong>, Jorge&nbsp;<strong>Figal<\/strong>, Nicol\u00e1s&nbsp;<strong>Valentini&nbsp;<\/strong>y Valent\u00edn&nbsp;<strong>Barco<\/strong>; Guillermo&nbsp;<strong>Fern\u00e1ndez<\/strong>, Alan&nbsp;<strong>Varela<\/strong>, \u00d3scar&nbsp;<strong>Romero&nbsp;<\/strong>y Mart\u00edn&nbsp;<strong>Payero<\/strong>; Sebasti\u00e1n&nbsp;<strong>Villa&nbsp;<\/strong>y Miguel&nbsp;<strong>Merentiel<\/strong>.<\/p>\n\n\n\n<h2 class=\"wp-block-heading\">Los convocados de Boca vs. Rosario Central, por la Liga Profesional<\/h2>\n\n\n<div class=\"wp-block-image\">\n<figure class=\"aligncenter\"><img decoding=\"async\" src=\"https:\/\/media.tycsports.com\/files\/2023\/04\/22\/559249\/convocados-boca-rosario-central_w416.webp\" alt=\"convocados boca rosario central\" title=\"convocados boca rosario central\"\/><\/figure>\n<\/div>","protected":false},"excerpt":{"rendered":"<p>Boca se entren\u00f3\u00a0esta ma\u00f1ana\u00a0en el Predio de Ezeiza, en el \u00faltimo entrenamiento previo al duelo&#8230;<\/p>\n","protected":false},"author":3,"featured_media":1592,"comment_status":"open","ping_status":"open","sticky":false,"template":"","format":"standard","meta":{"footnotes":""},"categories":[4],"tags":[],"class_list":["post-1591","post","type-post","status-publish","format-standard","has-post-thumbnail","hentry","category-primera-division-masculina"],"yoast_head":"<!-- This site is optimized with the Yoast SEO plugin v21.4 - https:\/\/yoast.com\/wordpress\/plugins\/seo\/ -->\n<title>A Rosario, con los titulares - BOCA PARA TODO EL MUNDO<\/title>\n<meta name=\"robots\" content=\"index, follow, max-snippet:-1, max-image-preview:large, max-video-preview:-1\" \/>\n<link rel=\"canonical\" href=\"https:\/\/bocaparatodoelmundo.com.ar\/?p=1591\" \/>\n<meta property=\"og:locale\" content=\"es_ES\" \/>\n<meta property=\"og:type\" content=\"article\" \/>\n<meta property=\"og:title\" content=\"A Rosario, con los titulares - BOCA PARA TODO EL MUNDO\" \/>\n<meta property=\"og:description\" content=\"Boca se entren\u00f3\u00a0esta ma\u00f1ana\u00a0en el Predio de Ezeiza, en el \u00faltimo entrenamiento previo al duelo...\" \/>\n<meta property=\"og:url\" content=\"https:\/\/bocaparatodoelmundo.com.ar\/?p=1591\" \/>\n<meta property=\"og:site_name\" content=\"BOCA PARA TODO EL MUNDO\" \/>\n<meta property=\"article:published_time\" content=\"2023-04-22T23:53:06+00:00\" \/>\n<meta property=\"article:modified_time\" content=\"2023-04-22T23:53:07+00:00\" \/>\n<meta property=\"og:image\" content=\"https:\/\/bocaparatodoelmundo.com.ar\/wp-content\/uploads\/2023\/04\/entrenamiento-de-boca_862x485-8.webp\" \/>\n\t<meta property=\"og:image:width\" content=\"862\" \/>\n\t<meta property=\"og:image:height\" content=\"485\" \/>\n\t<meta property=\"og:image:type\" content=\"image\/webp\" \/>\n<meta name=\"author\" content=\"Redaccion BPTM\" \/>\n<meta name=\"twitter:card\" content=\"summary_large_image\" \/>\n<meta name=\"twitter:label1\" content=\"Escrito por\" \/>\n\t<meta name=\"twitter:data1\" content=\"Redaccion BPTM\" \/>\n\t<meta name=\"twitter:label2\" content=\"Tiempo de lectura\" \/>\n\t<meta name=\"twitter:data2\" content=\"2 minutos\" \/>\n<script type=\"application\/ld+json\" class=\"yoast-schema-graph\">{\"@context\":\"https:\/\/schema.org\",\"@graph\":[{\"@type\":\"WebPage\",\"@id\":\"https:\/\/bocaparatodoelmundo.com.ar\/?p=1591\",\"url\":\"https:\/\/bocaparatodoelmundo.com.ar\/?p=1591\",\"name\":\"A Rosario, con los titulares - BOCA PARA TODO EL MUNDO\",\"isPartOf\":{\"@id\":\"https:\/\/bocaparatodoelmundo.com.ar\/#website\"},\"datePublished\":\"2023-04-22T23:53:06+00:00\",\"dateModified\":\"2023-04-22T23:53:07+00:00\",\"author\":{\"@id\":\"https:\/\/bocaparatodoelmundo.com.ar\/#\/schema\/person\/cc56d27ea9d37f4cea3636086a1847c5\"},\"breadcrumb\":{\"@id\":\"https:\/\/bocaparatodoelmundo.com.ar\/?p=1591#breadcrumb\"},\"inLanguage\":\"es-AR\",\"potentialAction\":[{\"@type\":\"ReadAction\",\"target\":[\"https:\/\/bocaparatodoelmundo.com.ar\/?p=1591\"]}]},{\"@type\":\"BreadcrumbList\",\"@id\":\"https:\/\/bocaparatodoelmundo.com.ar\/?p=1591#breadcrumb\",\"itemListElement\":[{\"@type\":\"ListItem\",\"position\":1,\"name\":\"Inicio\",\"item\":\"https:\/\/bocaparatodoelmundo.com.ar\/\"},{\"@type\":\"ListItem\",\"position\":2,\"name\":\"A Rosario, con los titulares\"}]},{\"@type\":\"WebSite\",\"@id\":\"https:\/\/bocaparatodoelmundo.com.ar\/#website\",\"url\":\"https:\/\/bocaparatodoelmundo.com.ar\/\",\"name\":\"BOCA PARA TODO EL MUNDO\",\"description\":\"Toda la historia y actualidad del club atletico boca junios esta aqui\",\"potentialAction\":[{\"@type\":\"SearchAction\",\"target\":{\"@type\":\"EntryPoint\",\"urlTemplate\":\"https:\/\/bocaparatodoelmundo.com.ar\/?s={search_term_string}\"},\"query-input\":\"required name=search_term_string\"}],\"inLanguage\":\"es-AR\"},{\"@type\":\"Person\",\"@id\":\"https:\/\/bocaparatodoelmundo.com.ar\/#\/schema\/person\/cc56d27ea9d37f4cea3636086a1847c5\",\"name\":\"Redaccion BPTM\",\"image\":{\"@type\":\"ImageObject\",\"inLanguage\":\"es-AR\",\"@id\":\"https:\/\/bocaparatodoelmundo.com.ar\/#\/schema\/person\/image\/\",\"url\":\"https:\/\/secure.gravatar.com\/avatar\/3b62665b8c08843736974a055cc2398ba6bb7fd2fe787285105d666c418a7d13?s=96&d=mm&r=g\",\"contentUrl\":\"https:\/\/secure.gravatar.com\/avatar\/3b62665b8c08843736974a055cc2398ba6bb7fd2fe787285105d666c418a7d13?s=96&d=mm&r=g\",\"caption\":\"Redaccion BPTM\"},\"sameAs\":[\"http:\/\/bocaparatodoelmundo.com.ar\"],\"url\":\"https:\/\/bocaparatodoelmundo.com.ar\/?author=3\"}]}<\/script>\n<!-- \/ Yoast SEO plugin. -->","yoast_head_json":{"title":"A Rosario, con los titulares - BOCA PARA TODO EL MUNDO","robots":{"index":"index","follow":"follow","max-snippet":"max-snippet:-1","max-image-preview":"max-image-preview:large","max-video-preview":"max-video-preview:-1"},"canonical":"https:\/\/bocaparatodoelmundo.com.ar\/?p=1591","og_locale":"es_ES","og_type":"article","og_title":"A Rosario, con los titulares - BOCA PARA TODO EL MUNDO","og_description":"Boca se entren\u00f3\u00a0esta ma\u00f1ana\u00a0en el Predio de Ezeiza, en el \u00faltimo entrenamiento previo al duelo...","og_url":"https:\/\/bocaparatodoelmundo.com.ar\/?p=1591","og_site_name":"BOCA PARA TODO EL MUNDO","article_published_time":"2023-04-22T23:53:06+00:00","article_modified_time":"2023-04-22T23:53:07+00:00","og_image":[{"width":862,"height":485,"url":"https:\/\/bocaparatodoelmundo.com.ar\/wp-content\/uploads\/2023\/04\/entrenamiento-de-boca_862x485-8.webp","type":"image\/webp"}],"author":"Redaccion BPTM","twitter_card":"summary_large_image","twitter_misc":{"Escrito por":"Redaccion BPTM","Tiempo de lectura":"2 minutos"},"schema":{"@context":"https:\/\/schema.org","@graph":[{"@type":"WebPage","@id":"https:\/\/bocaparatodoelmundo.com.ar\/?p=1591","url":"https:\/\/bocaparatodoelmundo.com.ar\/?p=1591","name":"A Rosario, con los titulares - BOCA PARA TODO EL MUNDO","isPartOf":{"@id":"https:\/\/bocaparatodoelmundo.com.ar\/#website"},"datePublished":"2023-04-22T23:53:06+00:00","dateModified":"2023-04-22T23:53:07+00:00","author":{"@id":"https:\/\/bocaparatodoelmundo.com.ar\/#\/schema\/person\/cc56d27ea9d37f4cea3636086a1847c5"},"breadcrumb":{"@id":"https:\/\/bocaparatodoelmundo.com.ar\/?p=1591#breadcrumb"},"inLanguage":"es-AR","potentialAction":[{"@type":"ReadAction","target":["https:\/\/bocaparatodoelmundo.com.ar\/?p=1591"]}]},{"@type":"BreadcrumbList","@id":"https:\/\/bocaparatodoelmundo.com.ar\/?p=1591#breadcrumb","itemListElement":[{"@type":"ListItem","position":1,"name":"Inicio","item":"https:\/\/bocaparatodoelmundo.com.ar\/"},{"@type":"ListItem","position":2,"name":"A Rosario, con los titulares"}]},{"@type":"WebSite","@id":"https:\/\/bocaparatodoelmundo.com.ar\/#website","url":"https:\/\/bocaparatodoelmundo.com.ar\/","name":"BOCA PARA TODO EL MUNDO","description":"Toda la historia y actualidad del club atletico boca junios esta aqui","potentialAction":[{"@type":"SearchAction","target":{"@type":"EntryPoint","urlTemplate":"https:\/\/bocaparatodoelmundo.com.ar\/?s={search_term_string}"},"query-input":"required name=search_term_string"}],"inLanguage":"es-AR"},{"@type":"Person","@id":"https:\/\/bocaparatodoelmundo.com.ar\/#\/schema\/person\/cc56d27ea9d37f4cea3636086a1847c5","name":"Redaccion BPTM","image":{"@type":"ImageObject","inLanguage":"es-AR","@id":"https:\/\/bocaparatodoelmundo.com.ar\/#\/schema\/person\/image\/","url":"https:\/\/secure.gravatar.com\/avatar\/3b62665b8c08843736974a055cc2398ba6bb7fd2fe787285105d666c418a7d13?s=96&d=mm&r=g","contentUrl":"https:\/\/secure.gravatar.com\/avatar\/3b62665b8c08843736974a055cc2398ba6bb7fd2fe787285105d666c418a7d13?s=96&d=mm&r=g","caption":"Redaccion BPTM"},"sameAs":["http:\/\/bocaparatodoelmundo.com.ar"],"url":"https:\/\/bocaparatodoelmundo.com.ar\/?author=3"}]}},"_links":{"self":[{"href":"https:\/\/bocaparatodoelmundo.com.ar\/index.php?rest_route=\/wp\/v2\/posts\/1591","targetHints":{"allow":["GET"]}}],"collection":[{"href":"https:\/\/bocaparatodoelmundo.com.ar\/index.php?rest_route=\/wp\/v2\/posts"}],"about":[{"href":"https:\/\/bocaparatodoelmundo.com.ar\/index.php?rest_route=\/wp\/v2\/types\/post"}],"author":[{"embeddable":true,"href":"https:\/\/bocaparatodoelmundo.com.ar\/index.php?rest_route=\/wp\/v2\/users\/3"}],"replies":[{"embeddable":true,"href":"https:\/\/bocaparatodoelmundo.com.ar\/index.php?rest_route=%2Fwp%2Fv2%2Fcomments&post=1591"}],"version-history":[{"count":1,"href":"https:\/\/bocaparatodoelmundo.com.ar\/index.php?rest_route=\/wp\/v2\/posts\/1591\/revisions"}],"predecessor-version":[{"id":1593,"href":"https:\/\/bocaparatodoelmundo.com.ar\/index.php?rest_route=\/wp\/v2\/posts\/1591\/revisions\/1593"}],"wp:featuredmedia":[{"embeddable":true,"href":"https:\/\/bocaparatodoelmundo.com.ar\/index.php?rest_route=\/wp\/v2\/media\/1592"}],"wp:attachment":[{"href":"https:\/\/bocaparatodoelmundo.com.ar\/index.php?rest_route=%2Fwp%2Fv2%2Fmedia&parent=1591"}],"wp:term":[{"taxonomy":"category","embeddable":true,"href":"https:\/\/bocaparatodoelmundo.com.ar\/index.php?rest_route=%2Fwp%2Fv2%2Fcategories&post=1591"},{"taxonomy":"post_tag","embeddable":true,"href":"https:\/\/bocaparatodoelmundo.com.ar\/index.php?rest_route=%2Fwp%2Fv2%2Ftags&post=1591"}],"curies":[{"name":"wp","href":"https:\/\/api.w.org\/{rel}","templated":true}]}}