{"id":1477,"date":"2023-04-09T09:58:00","date_gmt":"2023-04-09T12:58:00","guid":{"rendered":"https:\/\/bocaparatodoelmundo.com.ar\/?p=1477"},"modified":"2023-04-09T09:58:01","modified_gmt":"2023-04-09T12:58:01","slug":"el-plano-local-y-en-el-ambito-internacional","status":"publish","type":"post","link":"https:\/\/bocaparatodoelmundo.com.ar\/?p=1477","title":{"rendered":"El plano local y en el \u00e1mbito internacional"},"content":{"rendered":"\n<p>Boca Juniors y Col\u00f3n de Santa Fe jugaron por primera vez de manera oficial el 15 de junio de 1966, por la 11\u00aa fecha del certamen de Primera Divisi\u00f3n. Igualaron 0-0 en territorio Xeneize. La revancha se llev\u00f3 a cabo el 2 de octubre en el Cementerio de Los Elefantes. Por la 30\u00aa jornada, los boquenses ganaron 2-0 con goles de Carmelo Simeone y Jos\u00e9 Luis Luna a los 18\u2019 y 23\u2019 del segundo tiempo, respectivamente.<br>Los dos encuentros del Metropolitano 1967 fueron para la escuadra porte\u00f1a: 2-1 (Oscar Antonio Pianetti, Miguel Alberto Nicolau de penal \/ Vladas Douksas) el 13 de marzo en Buenos Aires por la 3\u00aa jornada, y 3-0 (Alfredo Hugo Rojas de penal \/ \u00c1ngel Clemente Rojas x 2) en Santa Fe el 4 de junio por la 14\u00aa jornada.<br>Al d\u00eda de la fecha, son s\u00f3lo tres los pleitos que protagonizaron Col\u00f3n y Boca dentro del marco de las copas nacionales. Los dos primeros tuvieron lugar en 1969, por una de las semifinales de la Copa Argentina de aquel a\u00f1o. Dichos juegos fueron ganados por los Xeneizes, quienes vencieron 5-0 (Orlando Jos\u00e9 Medina, Ram\u00f3n H\u00e9ctor Ponce, Ignacio Ram\u00f3n Pe\u00f1a, Nicol\u00e1s Novello, Armando Oscar Ovide) en la cancha de Uni\u00f3n el 16 de julio, y 1-0 (Armando Oscar Ovide) en La Boca cuatro d\u00edas m\u00e1s tarde.<br>Despu\u00e9s de doce encuentros oficiales donde hubo tres empates y nueve triunfos de Boca, la escuadra Sabalera pudo festejar ante el club de la ribera. El 7 de mayo de 1971, por la 15\u00aa fecha del Campeonato Metropolitano, el conjunto rojo y negro se impuso 3-2 en Brandsen 805 gracias a los tantos convertidos por Jos\u00e9 Enrique Oca\u00f1o, Silvio Marzolini en contra y Humberto Zucarelli. Para el due\u00f1o de casa anotaron Rub\u00e9n Jos\u00e9 Su\u00f1\u00e9 de penal y Hugo Alberto Curioni.<br>Unos meses m\u00e1s tarde, se produjo la mayor goleada a favor de La Mitad M\u00e1s Uno. El 15 de octubre del nombrado a\u00f1o 1971, por la 3\u00aa jornada del Torneo Nacional, el cuadro Xeneize se impuso 7-1 en terreno propio merced a las conquistas de Osvaldo Rub\u00e9n Potente, Oscar Antonio Pianetti, Oscar Rub\u00e9n Peracca, Ignacio Ram\u00f3n Pe\u00f1a en dos ocasiones, y Ra\u00fal Armando Savoy. Este \u00faltimo, tambi\u00e9n en dos oportunidades. Para la visita anot\u00f3 Gustavo Jorge Ripke.<br>Col\u00f3n se qued\u00f3 con los dos compromisos del Metropolitano de 1972: 1-0 (Humberto Zuccarelli de penal) como local el 16 de abril por la 11\u00aa fecha, y 3-2 (Jos\u00e9 Luis C\u00f3rdoba, Daniel Rub\u00e9n Borgna, C\u00e9sar Oscar Br\u00edtez \/ Hugo Alberto Curioni, Osvaldo Rub\u00e9n Potente) como visitante el 20 de agosto por la 28\u00aa jornada. Ese mismo a\u00f1o, el \u00fanico juego del Nacional fue para Boca: 4-0 (Edgar Oscar Fern\u00e1ndez en contra, Hugo Alberto Curioni, de penal, Humberto Zuccarelli en contra, Alberto Domingo Romero) en la Ciudad Aut\u00f3noma de Buenos Aires el 20 de octubre por la 2\u00aa fecha.<br>La escuadra santafesina obtuvo su triunfo m\u00e1s abultado ante los boquenses el 24 de marzo de 1974, oportunidad en la que se llev\u00f3 a cabo la 9\u00aa jornada del Metropolitano de ese a\u00f1o. Fue 4-1 en el Estadio Brigadier General Estanislao L\u00f3pez con tantos de Enzo H\u00e9ctor Trossero, Mario H\u00e9ctor Lamberti, Hugo Oscar Coscia y Edgar Oscar Fern\u00e1ndez. Descont\u00f3 Enzo Ferrero. El desquite fue para Boca, que venci\u00f3 3-1 (Miguel Alberto Nicolau x 2, Alfredo Ra\u00fal Letan\u00fa \/ Salvador Aurelio Antonio Pasini) en Brandsen y Dr. del Valle Iberlucea el 19 de mayo por la 18\u00aa fecha.<br>En los dos cert\u00e1menes siguientes tambi\u00e9n hubo un triunfo para cada uno en condici\u00f3n de local. El 2 de abril de 1975, por la 12\u00aa jornada del Metropolitano, un tiro libre de Ernesto Juan \u00c1lvarez sell\u00f3 el 1-0 para Col\u00f3n. El 16 de julio, por la 31\u00aa fecha, Boca se impuso 2-1 con tantos de Dar\u00edo Luis Felman y Marcelo Antonio Trobbiani de penal tras la transitoria paridad de Hugo Oscar Coscia. El 12 de marzo de 1976, por la 6\u00aa jornada del Metropolitano, Jorge Jos\u00e9 Ben\u00edtez marc\u00f3 el 1-0 para los porte\u00f1os, y el 16 de mayo, por la 17\u00aa fecha, Hugo Alberto Villarreal estableci\u00f3 el 1-0 a favor de los santafesinos.<br>Iniciado el nuevo siglo, en 2003 se cruzaron por primera vez en el plano internacional. Fue por los octavos de final de la Copa Sudamericana. El 24 de septiembre culminaron 1-1 en la cancha de Col\u00f3n. Lo ganaba Boca con gol de Pedro Lima Dantas Iarley a los 29\u2019 de a etapa inicial. Emparej\u00f3 las acciones Gustavo Humberto Savoia a los 45\u2019 del complemento. El desquite se llev\u00f3 a cabo el 9 de octubre en el Estadio Padre Ernesto Martearena de Salta, donde el conjunto capitalino actu\u00f3 como local. Fue victoria Xeneize 2-1 con tantos de Jonathan Fabbro de penal y Franco Dar\u00edo C\u00e1ngele. C\u00e9sar Andr\u00e9s Carignano hab\u00eda se\u00f1alado la moment\u00e1nea igualdad para Los Sabaleros.<br>Durante la temporada 2005\/2006 ambos ganaron en condici\u00f3n de visitante. El 13 de noviembre de 2005, por la 14\u00aa jornada del Apertura \u201905, Col\u00f3n se impuso 1-0 en La Bombonera gracias al tanto convertido por Iv\u00e1n Diego Moreno y Fabianesi. El 9 de abril de 2006, por la 14\u00aa fecha del Clausura \u201906, el cuadro porte\u00f1o super\u00f3 2-1 a la escuadra roja y negra en el Cementerio de Los Elefantes. Horacio Andr\u00e9s Ameli en contra y Rodrigo Sebasti\u00e1n Palacio anotaron para el vencedor, mientras que Franco Dar\u00edo C\u00e1ngele hizo lo propio para el equipo local.<br>Actualmente, Boca lleva diecis\u00e9is partidos oficiales sin perder ante Col\u00f3n, con doce victorias y cuatro igualdades. El \u00faltimo triunfo del Negro ante el Xeneize se produjo el 8 de abril de 2010, por la 13\u00aa jornada del Clausura \u201910. Un gol de Esteban Oscar Fuertes y dos de Facundo Daniel Bertoglio sellaron el inobjetable 3-0 en Santa Fe.<br>Dos de los \u00faltimos tres compromisos oficiales se llevaron a cabo en La Bombonera. El 26 de septiembre de 2021, por la 13\u00aa fecha de la Liga Profesional, el cuadro porte\u00f1o se impuso 1-0 con merced a la conquista de Nicol\u00e1s Orsini a los 20\u2019 del complemento. Y el 13 de febrero de 2022, por la 11\u00aa jornada de la Copa de la Liga, finalizaron 1-1; un cabezazo de Dar\u00edo Ismael Benedetto puso en ventaja al elenco anfitri\u00f3n a los 22\u2019 del per\u00edodo inicial, mientras que Lucas Beltr\u00e1n estableci\u00f3 cifras definitivas al pleito cuando se cumpl\u00edan 41\u2019 de la segunda mitad.<br>Jugaron por \u00faltima vez el 4 de septiembre de 2022 en el Cementerio de los Elefantes, por la 17\u00aa fecha de la Liga Profesional. Norberto Alejandro Briasco y Luca Daniel Langoni fueron responsables del 2-1 a favor de la visita. Descont\u00f3 Luis Miguel Rodr\u00edguez de penal.<br>Entre torneos de liga (80), copas nacionales (3) y contiendas internacionales (2), Col\u00f3n y Boca Juniors se vieron las caras en 85 ocasiones. El equipo de la provincia de Santa Fe gan\u00f3 17 partidos y marc\u00f3 69 tantos. La escuadra de La Boca se impuso en 50 oportunidades y se\u00f1al\u00f3 141 tantos. Empataron 18 veces.<br>P\u00e1rrafo aparte para los partidos amistosos. Al d\u00eda de la fecha, se registran 9 juegos no oficiales comprobados, con 6 triunfos de Boca (14 goles), 3 de Col\u00f3n (11 tantos) y ninguna igualdad.<br>Con algunos de los futbolistas que vistieron ambas camisetas, se podr\u00edan armar tres posibles equipos:<br>N\u00e9stor Mart\u00edn Errea; Hugo Benjam\u00edn Ibarra, Luis Adri\u00e1n Medero, Diego Sebasti\u00e1n Crosa, Clemente Juan Rodr\u00edguez; Julio C\u00e9sar Toresani, Leonardo Sebasti\u00e1n Prediger, Orlando Jos\u00e9 Medina; Rub\u00e9n Omar Favret, Hugo Oscar Coscia, Jorge Alberto Comas. DT: Alfio Basile.<br>Jos\u00e9 Felipe Perassi; Daniel Juan Tom\u00e1s Silguero, Daniel Alberto D\u00edaz, Miguel \u00c1ngel Bord\u00f3n, Gerardo Alberto Bedoya; Pablo Mart\u00edn Ledesma, C\u00e9sar Marcelo Meli, Jos\u00e9 Luis Irazoqui; Sergio Omar Saturno, Jos\u00e9 Luis Salda\u00f1o, Juan Manuel Sotelo. DT: N\u00e9stor Ra\u00fal Rossi.<br>Marcos Guillermo D\u00edaz; Jorge Daniel Mart\u00ednez, Andr\u00e9s Orlando Rebottaro, Marcelo Fabi\u00e1n Bachino, H\u00e9ctor Mauricio Pineda; Fernando Rub\u00e9n Zuqui, Jorge Sergio Di Gregorio, Dami\u00e1n Rodrigo D\u00edaz; Ra\u00fal Enrique Est\u00e9vez, Emmanuel Gigliotti, Claudio Alberto Scalise. DT: Julio C\u00e9sar Falcioni.<br>Por su parte, Franco Dar\u00edo C\u00e1ngele hizo goles con ambas casacas.<\/p>\n\n\n\n<p>Mariano A. Reverdito<\/p>\n\n\n\n<p>Twitter: @MAReverdito<br>Instagram: @mariano_reverdito<br>Facebook: Mariano Alejandro Reverdito<\/p>\n","protected":false},"excerpt":{"rendered":"<p>Boca Juniors y Col\u00f3n de Santa Fe jugaron por primera vez de manera oficial el&#8230;<\/p>\n","protected":false},"author":4,"featured_media":1478,"comment_status":"open","ping_status":"open","sticky":false,"template":"","format":"standard","meta":{"footnotes":""},"categories":[24],"tags":[],"class_list":["post-1477","post","type-post","status-publish","format-standard","has-post-thumbnail","hentry","category-historiales"],"yoast_head":"<!-- This site is optimized with the Yoast SEO plugin v21.4 - https:\/\/yoast.com\/wordpress\/plugins\/seo\/ -->\n<title>El plano local y en el \u00e1mbito internacional - BOCA PARA TODO EL MUNDO<\/title>\n<meta name=\"robots\" content=\"index, follow, max-snippet:-1, max-image-preview:large, max-video-preview:-1\" \/>\n<link rel=\"canonical\" href=\"https:\/\/bocaparatodoelmundo.com.ar\/?p=1477\" \/>\n<meta property=\"og:locale\" content=\"es_ES\" \/>\n<meta property=\"og:type\" content=\"article\" \/>\n<meta property=\"og:title\" content=\"El plano local y en el \u00e1mbito internacional - BOCA PARA TODO EL MUNDO\" \/>\n<meta property=\"og:description\" content=\"Boca Juniors y Col\u00f3n de Santa Fe jugaron por primera vez de manera oficial el...\" \/>\n<meta property=\"og:url\" content=\"https:\/\/bocaparatodoelmundo.com.ar\/?p=1477\" \/>\n<meta property=\"og:site_name\" content=\"BOCA PARA TODO EL MUNDO\" \/>\n<meta property=\"article:published_time\" content=\"2023-04-09T12:58:00+00:00\" \/>\n<meta property=\"article:modified_time\" content=\"2023-04-09T12:58:01+00:00\" \/>\n<meta property=\"og:image\" content=\"https:\/\/bocaparatodoelmundo.com.ar\/wp-content\/uploads\/2023\/04\/20230406_012907587_643109_0.webp\" \/>\n\t<meta property=\"og:image:width\" content=\"1168\" \/>\n\t<meta property=\"og:image:height\" content=\"657\" \/>\n\t<meta property=\"og:image:type\" content=\"image\/webp\" \/>\n<meta name=\"author\" content=\"Mariano Alejandro Reverdito\" \/>\n<meta name=\"twitter:card\" content=\"summary_large_image\" \/>\n<meta name=\"twitter:label1\" content=\"Escrito por\" \/>\n\t<meta name=\"twitter:data1\" content=\"Mariano Alejandro Reverdito\" \/>\n\t<meta name=\"twitter:label2\" content=\"Tiempo de lectura\" \/>\n\t<meta name=\"twitter:data2\" content=\"7 minutos\" \/>\n<script type=\"application\/ld+json\" class=\"yoast-schema-graph\">{\"@context\":\"https:\/\/schema.org\",\"@graph\":[{\"@type\":\"WebPage\",\"@id\":\"https:\/\/bocaparatodoelmundo.com.ar\/?p=1477\",\"url\":\"https:\/\/bocaparatodoelmundo.com.ar\/?p=1477\",\"name\":\"El plano local y en el \u00e1mbito internacional - BOCA PARA TODO EL MUNDO\",\"isPartOf\":{\"@id\":\"https:\/\/bocaparatodoelmundo.com.ar\/#website\"},\"datePublished\":\"2023-04-09T12:58:00+00:00\",\"dateModified\":\"2023-04-09T12:58:01+00:00\",\"author\":{\"@id\":\"https:\/\/bocaparatodoelmundo.com.ar\/#\/schema\/person\/e510f0548819cdd34d2743a7f368b5ee\"},\"breadcrumb\":{\"@id\":\"https:\/\/bocaparatodoelmundo.com.ar\/?p=1477#breadcrumb\"},\"inLanguage\":\"es-AR\",\"potentialAction\":[{\"@type\":\"ReadAction\",\"target\":[\"https:\/\/bocaparatodoelmundo.com.ar\/?p=1477\"]}]},{\"@type\":\"BreadcrumbList\",\"@id\":\"https:\/\/bocaparatodoelmundo.com.ar\/?p=1477#breadcrumb\",\"itemListElement\":[{\"@type\":\"ListItem\",\"position\":1,\"name\":\"Inicio\",\"item\":\"https:\/\/bocaparatodoelmundo.com.ar\/\"},{\"@type\":\"ListItem\",\"position\":2,\"name\":\"El plano local y en el \u00e1mbito internacional\"}]},{\"@type\":\"WebSite\",\"@id\":\"https:\/\/bocaparatodoelmundo.com.ar\/#website\",\"url\":\"https:\/\/bocaparatodoelmundo.com.ar\/\",\"name\":\"BOCA PARA TODO EL MUNDO\",\"description\":\"Toda la historia y actualidad del club atletico boca junios esta aqui\",\"potentialAction\":[{\"@type\":\"SearchAction\",\"target\":{\"@type\":\"EntryPoint\",\"urlTemplate\":\"https:\/\/bocaparatodoelmundo.com.ar\/?s={search_term_string}\"},\"query-input\":\"required name=search_term_string\"}],\"inLanguage\":\"es-AR\"},{\"@type\":\"Person\",\"@id\":\"https:\/\/bocaparatodoelmundo.com.ar\/#\/schema\/person\/e510f0548819cdd34d2743a7f368b5ee\",\"name\":\"Mariano Alejandro Reverdito\",\"image\":{\"@type\":\"ImageObject\",\"inLanguage\":\"es-AR\",\"@id\":\"https:\/\/bocaparatodoelmundo.com.ar\/#\/schema\/person\/image\/\",\"url\":\"https:\/\/secure.gravatar.com\/avatar\/49111d1ef6575eb7785b5b285bf9bf13bb3e85bda156354fc6ef85c3384f7113?s=96&d=mm&r=g\",\"contentUrl\":\"https:\/\/secure.gravatar.com\/avatar\/49111d1ef6575eb7785b5b285bf9bf13bb3e85bda156354fc6ef85c3384f7113?s=96&d=mm&r=g\",\"caption\":\"Mariano Alejandro Reverdito\"},\"url\":\"https:\/\/bocaparatodoelmundo.com.ar\/?author=4\"}]}<\/script>\n<!-- \/ Yoast SEO plugin. -->","yoast_head_json":{"title":"El plano local y en el \u00e1mbito internacional - BOCA PARA TODO EL MUNDO","robots":{"index":"index","follow":"follow","max-snippet":"max-snippet:-1","max-image-preview":"max-image-preview:large","max-video-preview":"max-video-preview:-1"},"canonical":"https:\/\/bocaparatodoelmundo.com.ar\/?p=1477","og_locale":"es_ES","og_type":"article","og_title":"El plano local y en el \u00e1mbito internacional - BOCA PARA TODO EL MUNDO","og_description":"Boca Juniors y Col\u00f3n de Santa Fe jugaron por primera vez de manera oficial el...","og_url":"https:\/\/bocaparatodoelmundo.com.ar\/?p=1477","og_site_name":"BOCA PARA TODO EL MUNDO","article_published_time":"2023-04-09T12:58:00+00:00","article_modified_time":"2023-04-09T12:58:01+00:00","og_image":[{"width":1168,"height":657,"url":"https:\/\/bocaparatodoelmundo.com.ar\/wp-content\/uploads\/2023\/04\/20230406_012907587_643109_0.webp","type":"image\/webp"}],"author":"Mariano Alejandro Reverdito","twitter_card":"summary_large_image","twitter_misc":{"Escrito por":"Mariano Alejandro Reverdito","Tiempo de lectura":"7 minutos"},"schema":{"@context":"https:\/\/schema.org","@graph":[{"@type":"WebPage","@id":"https:\/\/bocaparatodoelmundo.com.ar\/?p=1477","url":"https:\/\/bocaparatodoelmundo.com.ar\/?p=1477","name":"El plano local y en el \u00e1mbito internacional - BOCA PARA TODO EL MUNDO","isPartOf":{"@id":"https:\/\/bocaparatodoelmundo.com.ar\/#website"},"datePublished":"2023-04-09T12:58:00+00:00","dateModified":"2023-04-09T12:58:01+00:00","author":{"@id":"https:\/\/bocaparatodoelmundo.com.ar\/#\/schema\/person\/e510f0548819cdd34d2743a7f368b5ee"},"breadcrumb":{"@id":"https:\/\/bocaparatodoelmundo.com.ar\/?p=1477#breadcrumb"},"inLanguage":"es-AR","potentialAction":[{"@type":"ReadAction","target":["https:\/\/bocaparatodoelmundo.com.ar\/?p=1477"]}]},{"@type":"BreadcrumbList","@id":"https:\/\/bocaparatodoelmundo.com.ar\/?p=1477#breadcrumb","itemListElement":[{"@type":"ListItem","position":1,"name":"Inicio","item":"https:\/\/bocaparatodoelmundo.com.ar\/"},{"@type":"ListItem","position":2,"name":"El plano local y en el \u00e1mbito internacional"}]},{"@type":"WebSite","@id":"https:\/\/bocaparatodoelmundo.com.ar\/#website","url":"https:\/\/bocaparatodoelmundo.com.ar\/","name":"BOCA PARA TODO EL MUNDO","description":"Toda la historia y actualidad del club atletico boca junios esta aqui","potentialAction":[{"@type":"SearchAction","target":{"@type":"EntryPoint","urlTemplate":"https:\/\/bocaparatodoelmundo.com.ar\/?s={search_term_string}"},"query-input":"required name=search_term_string"}],"inLanguage":"es-AR"},{"@type":"Person","@id":"https:\/\/bocaparatodoelmundo.com.ar\/#\/schema\/person\/e510f0548819cdd34d2743a7f368b5ee","name":"Mariano Alejandro Reverdito","image":{"@type":"ImageObject","inLanguage":"es-AR","@id":"https:\/\/bocaparatodoelmundo.com.ar\/#\/schema\/person\/image\/","url":"https:\/\/secure.gravatar.com\/avatar\/49111d1ef6575eb7785b5b285bf9bf13bb3e85bda156354fc6ef85c3384f7113?s=96&d=mm&r=g","contentUrl":"https:\/\/secure.gravatar.com\/avatar\/49111d1ef6575eb7785b5b285bf9bf13bb3e85bda156354fc6ef85c3384f7113?s=96&d=mm&r=g","caption":"Mariano Alejandro Reverdito"},"url":"https:\/\/bocaparatodoelmundo.com.ar\/?author=4"}]}},"_links":{"self":[{"href":"https:\/\/bocaparatodoelmundo.com.ar\/index.php?rest_route=\/wp\/v2\/posts\/1477","targetHints":{"allow":["GET"]}}],"collection":[{"href":"https:\/\/bocaparatodoelmundo.com.ar\/index.php?rest_route=\/wp\/v2\/posts"}],"about":[{"href":"https:\/\/bocaparatodoelmundo.com.ar\/index.php?rest_route=\/wp\/v2\/types\/post"}],"author":[{"embeddable":true,"href":"https:\/\/bocaparatodoelmundo.com.ar\/index.php?rest_route=\/wp\/v2\/users\/4"}],"replies":[{"embeddable":true,"href":"https:\/\/bocaparatodoelmundo.com.ar\/index.php?rest_route=%2Fwp%2Fv2%2Fcomments&post=1477"}],"version-history":[{"count":1,"href":"https:\/\/bocaparatodoelmundo.com.ar\/index.php?rest_route=\/wp\/v2\/posts\/1477\/revisions"}],"predecessor-version":[{"id":1479,"href":"https:\/\/bocaparatodoelmundo.com.ar\/index.php?rest_route=\/wp\/v2\/posts\/1477\/revisions\/1479"}],"wp:featuredmedia":[{"embeddable":true,"href":"https:\/\/bocaparatodoelmundo.com.ar\/index.php?rest_route=\/wp\/v2\/media\/1478"}],"wp:attachment":[{"href":"https:\/\/bocaparatodoelmundo.com.ar\/index.php?rest_route=%2Fwp%2Fv2%2Fmedia&parent=1477"}],"wp:term":[{"taxonomy":"category","embeddable":true,"href":"https:\/\/bocaparatodoelmundo.com.ar\/index.php?rest_route=%2Fwp%2Fv2%2Fcategories&post=1477"},{"taxonomy":"post_tag","embeddable":true,"href":"https:\/\/bocaparatodoelmundo.com.ar\/index.php?rest_route=%2Fwp%2Fv2%2Ftags&post=1477"}],"curies":[{"name":"wp","href":"https:\/\/api.w.org\/{rel}","templated":true}]}}