{"id":1462,"date":"2023-04-01T09:11:47","date_gmt":"2023-04-01T12:11:47","guid":{"rendered":"https:\/\/bocaparatodoelmundo.com.ar\/?p=1462"},"modified":"2023-04-01T09:12:10","modified_gmt":"2023-04-01T12:12:10","slug":"pocos-partidos-oficiales","status":"publish","type":"post","link":"https:\/\/bocaparatodoelmundo.com.ar\/?p=1462","title":{"rendered":"Pocos partidos oficiales"},"content":{"rendered":"\n<p>Son apenas seis los encuentros oficiales que protagonizaron Barracas Central y Boca Juniors. Cinco por torneos de liga y el restante, por una copa nacional. Fueron todas victorias boquenses: 4-0 (Esteban Kuko, Domingo Alberto Tarasconi x 2, Andr\u00e9s Craviotto) en condici\u00f3n de local el 7 de agosto de 1927 por la 20\u00aa jornada; 6-0 (Antonio Carri en contra, Manuel Agust\u00edn Fleitas Solich, Domingo Alberto Tarasconi x 2, Donato Alberto Penella, Esteban Kuko) en Hurac\u00e1n el 4 de noviembre de 1928 por la 20\u00aa fecha; 5-1 (Donato Alberto Penella, Manuel Agust\u00edn Fleitas Solich, Marino \u201cMario\u201d Evaristo, Roberto Eugenio Cherro x 2 \/ Prudencio Lamazou) en La Boca el 12 de enero de 1930 en un compromiso por la 2\u00aa jornada del Campeonato Est\u00edmulo de 1929 que hab\u00eda sido oportunamente postergado; 2-0 (Antonio Am\u00e9rico Alberino, Ricardo Cancio Sarco) en Parque de los Patricios el 23 de noviembre de 1930 por la 25\u00aa fecha; 2-0 (Dar\u00edo Ismael Benedetto x 2) el 30 abril de 2022 en Brandsen 805 por la 13\u00aa fecha correspondiente a la fase inicial de la Copa Liga Profesional; y 3-1 (Sebasti\u00e1n Villa, Guillermo Mat\u00edas Fern\u00e1ndez, Oscar Exequiel Zeballos \/ Neri Ricardo Bandiera) en All Boys el 19 de junio de 2022 por la 4\u00aa jornada de la Liga Profesional.<br>Al cabo de estos seis compromisos, la escuadra Xeneize marc\u00f3 22 tantos y el conjunto barraque\u00f1o convirti\u00f3 2 goles.<br>Esta breve historia tambi\u00e9n cuenta con un partido amistoso comprobado que, obviamente, no entra dentro de la estad\u00edstica oficial. Fue el 1\u00ba de noviembre de 1938, oportunidad en la que Boca Juniors, actuando como local en la cancha de Ferro Carril Oeste, se impuso 8-2 gracias a las conversiones de Daniel Cornelio Sabio x 4, Benito Matas x 2, Luis Antonio Carniglia y Alfredo Santiago G\u00e1spari de penal. Juan Antonio Lorenzo y Otello Sussi descontaron a favor de Barracas Central.<br>Algunos de los jugadores que vistieron ambas camisetas son Fidel \u00c1lvarez, Claudio Gerardo Angarola, Eugenio Cacopardo, Edilio Jean Cardoso de Oliveira, Ra\u00fal Enrique Est\u00e9vez, Leonardo Fabiano, Federico Mat\u00edas Le\u00f3n, Pablo Alejandro Migliore, Pablo Nicol\u00e1s Mouche, Fernando Adri\u00e1n Pasquinelli, Carlos Dami\u00e1n Randazzo y Clemente Juan Rodr\u00edguez. Emilio Baldonedo dirigi\u00f3 a los dos equipos. Por otra parte, los ex entrenadores de Barracas Central \u00c1ngel Segundo M\u00e9dici y Alfredo Jes\u00fas Berti, se hab\u00edan desempe\u00f1ado como futbolistas en Boca Juniors.<\/p>\n\n\n\n<p>Mariano A. Reverdito<\/p>\n\n\n\n<p>Twitter: @MAReverdito<br>Instagram: @mariano_reverdito<br>Facebook: Mariano Alejandro Reverdito<\/p>\n","protected":false},"excerpt":{"rendered":"<p>Son apenas seis los encuentros oficiales que protagonizaron Barracas Central y Boca Juniors. Cinco por&#8230;<\/p>\n","protected":false},"author":4,"featured_media":1465,"comment_status":"open","ping_status":"open","sticky":false,"template":"","format":"standard","meta":{"footnotes":""},"categories":[24],"tags":[],"class_list":["post-1462","post","type-post","status-publish","format-standard","has-post-thumbnail","hentry","category-historiales"],"yoast_head":"<!-- This site is optimized with the Yoast SEO plugin v21.4 - https:\/\/yoast.com\/wordpress\/plugins\/seo\/ -->\n<title>Pocos partidos oficiales - BOCA PARA TODO EL MUNDO<\/title>\n<meta name=\"robots\" content=\"index, follow, max-snippet:-1, max-image-preview:large, max-video-preview:-1\" \/>\n<link rel=\"canonical\" href=\"https:\/\/bocaparatodoelmundo.com.ar\/?p=1462\" \/>\n<meta property=\"og:locale\" content=\"es_ES\" \/>\n<meta property=\"og:type\" content=\"article\" \/>\n<meta property=\"og:title\" content=\"Pocos partidos oficiales - BOCA PARA TODO EL MUNDO\" \/>\n<meta property=\"og:description\" content=\"Son apenas seis los encuentros oficiales que protagonizaron Barracas Central y Boca Juniors. Cinco por...\" \/>\n<meta property=\"og:url\" content=\"https:\/\/bocaparatodoelmundo.com.ar\/?p=1462\" \/>\n<meta property=\"og:site_name\" content=\"BOCA PARA TODO EL MUNDO\" \/>\n<meta property=\"article:published_time\" content=\"2023-04-01T12:11:47+00:00\" \/>\n<meta property=\"article:modified_time\" content=\"2023-04-01T12:12:10+00:00\" \/>\n<meta property=\"og:image\" content=\"https:\/\/bocaparatodoelmundo.com.ar\/wp-content\/uploads\/2023\/04\/images-30.jpg\" \/>\n\t<meta property=\"og:image:width\" content=\"275\" \/>\n\t<meta property=\"og:image:height\" content=\"183\" \/>\n\t<meta property=\"og:image:type\" content=\"image\/jpeg\" \/>\n<meta name=\"author\" content=\"Mariano Alejandro Reverdito\" \/>\n<meta name=\"twitter:card\" content=\"summary_large_image\" \/>\n<meta name=\"twitter:label1\" content=\"Escrito por\" \/>\n\t<meta name=\"twitter:data1\" content=\"Mariano Alejandro Reverdito\" \/>\n\t<meta name=\"twitter:label2\" content=\"Tiempo de lectura\" \/>\n\t<meta name=\"twitter:data2\" content=\"2 minutos\" \/>\n<script type=\"application\/ld+json\" class=\"yoast-schema-graph\">{\"@context\":\"https:\/\/schema.org\",\"@graph\":[{\"@type\":\"WebPage\",\"@id\":\"https:\/\/bocaparatodoelmundo.com.ar\/?p=1462\",\"url\":\"https:\/\/bocaparatodoelmundo.com.ar\/?p=1462\",\"name\":\"Pocos partidos oficiales - BOCA PARA TODO EL MUNDO\",\"isPartOf\":{\"@id\":\"https:\/\/bocaparatodoelmundo.com.ar\/#website\"},\"datePublished\":\"2023-04-01T12:11:47+00:00\",\"dateModified\":\"2023-04-01T12:12:10+00:00\",\"author\":{\"@id\":\"https:\/\/bocaparatodoelmundo.com.ar\/#\/schema\/person\/e510f0548819cdd34d2743a7f368b5ee\"},\"breadcrumb\":{\"@id\":\"https:\/\/bocaparatodoelmundo.com.ar\/?p=1462#breadcrumb\"},\"inLanguage\":\"es-AR\",\"potentialAction\":[{\"@type\":\"ReadAction\",\"target\":[\"https:\/\/bocaparatodoelmundo.com.ar\/?p=1462\"]}]},{\"@type\":\"BreadcrumbList\",\"@id\":\"https:\/\/bocaparatodoelmundo.com.ar\/?p=1462#breadcrumb\",\"itemListElement\":[{\"@type\":\"ListItem\",\"position\":1,\"name\":\"Inicio\",\"item\":\"https:\/\/bocaparatodoelmundo.com.ar\/\"},{\"@type\":\"ListItem\",\"position\":2,\"name\":\"Pocos partidos oficiales\"}]},{\"@type\":\"WebSite\",\"@id\":\"https:\/\/bocaparatodoelmundo.com.ar\/#website\",\"url\":\"https:\/\/bocaparatodoelmundo.com.ar\/\",\"name\":\"BOCA PARA TODO EL MUNDO\",\"description\":\"Toda la historia y actualidad del club atletico boca junios esta aqui\",\"potentialAction\":[{\"@type\":\"SearchAction\",\"target\":{\"@type\":\"EntryPoint\",\"urlTemplate\":\"https:\/\/bocaparatodoelmundo.com.ar\/?s={search_term_string}\"},\"query-input\":\"required name=search_term_string\"}],\"inLanguage\":\"es-AR\"},{\"@type\":\"Person\",\"@id\":\"https:\/\/bocaparatodoelmundo.com.ar\/#\/schema\/person\/e510f0548819cdd34d2743a7f368b5ee\",\"name\":\"Mariano Alejandro Reverdito\",\"image\":{\"@type\":\"ImageObject\",\"inLanguage\":\"es-AR\",\"@id\":\"https:\/\/bocaparatodoelmundo.com.ar\/#\/schema\/person\/image\/\",\"url\":\"https:\/\/secure.gravatar.com\/avatar\/49111d1ef6575eb7785b5b285bf9bf13bb3e85bda156354fc6ef85c3384f7113?s=96&d=mm&r=g\",\"contentUrl\":\"https:\/\/secure.gravatar.com\/avatar\/49111d1ef6575eb7785b5b285bf9bf13bb3e85bda156354fc6ef85c3384f7113?s=96&d=mm&r=g\",\"caption\":\"Mariano Alejandro Reverdito\"},\"url\":\"https:\/\/bocaparatodoelmundo.com.ar\/?author=4\"}]}<\/script>\n<!-- \/ Yoast SEO plugin. -->","yoast_head_json":{"title":"Pocos partidos oficiales - BOCA PARA TODO EL MUNDO","robots":{"index":"index","follow":"follow","max-snippet":"max-snippet:-1","max-image-preview":"max-image-preview:large","max-video-preview":"max-video-preview:-1"},"canonical":"https:\/\/bocaparatodoelmundo.com.ar\/?p=1462","og_locale":"es_ES","og_type":"article","og_title":"Pocos partidos oficiales - BOCA PARA TODO EL MUNDO","og_description":"Son apenas seis los encuentros oficiales que protagonizaron Barracas Central y Boca Juniors. Cinco por...","og_url":"https:\/\/bocaparatodoelmundo.com.ar\/?p=1462","og_site_name":"BOCA PARA TODO EL MUNDO","article_published_time":"2023-04-01T12:11:47+00:00","article_modified_time":"2023-04-01T12:12:10+00:00","og_image":[{"width":275,"height":183,"url":"https:\/\/bocaparatodoelmundo.com.ar\/wp-content\/uploads\/2023\/04\/images-30.jpg","type":"image\/jpeg"}],"author":"Mariano Alejandro Reverdito","twitter_card":"summary_large_image","twitter_misc":{"Escrito por":"Mariano Alejandro Reverdito","Tiempo de lectura":"2 minutos"},"schema":{"@context":"https:\/\/schema.org","@graph":[{"@type":"WebPage","@id":"https:\/\/bocaparatodoelmundo.com.ar\/?p=1462","url":"https:\/\/bocaparatodoelmundo.com.ar\/?p=1462","name":"Pocos partidos oficiales - BOCA PARA TODO EL MUNDO","isPartOf":{"@id":"https:\/\/bocaparatodoelmundo.com.ar\/#website"},"datePublished":"2023-04-01T12:11:47+00:00","dateModified":"2023-04-01T12:12:10+00:00","author":{"@id":"https:\/\/bocaparatodoelmundo.com.ar\/#\/schema\/person\/e510f0548819cdd34d2743a7f368b5ee"},"breadcrumb":{"@id":"https:\/\/bocaparatodoelmundo.com.ar\/?p=1462#breadcrumb"},"inLanguage":"es-AR","potentialAction":[{"@type":"ReadAction","target":["https:\/\/bocaparatodoelmundo.com.ar\/?p=1462"]}]},{"@type":"BreadcrumbList","@id":"https:\/\/bocaparatodoelmundo.com.ar\/?p=1462#breadcrumb","itemListElement":[{"@type":"ListItem","position":1,"name":"Inicio","item":"https:\/\/bocaparatodoelmundo.com.ar\/"},{"@type":"ListItem","position":2,"name":"Pocos partidos oficiales"}]},{"@type":"WebSite","@id":"https:\/\/bocaparatodoelmundo.com.ar\/#website","url":"https:\/\/bocaparatodoelmundo.com.ar\/","name":"BOCA PARA TODO EL MUNDO","description":"Toda la historia y actualidad del club atletico boca junios esta aqui","potentialAction":[{"@type":"SearchAction","target":{"@type":"EntryPoint","urlTemplate":"https:\/\/bocaparatodoelmundo.com.ar\/?s={search_term_string}"},"query-input":"required name=search_term_string"}],"inLanguage":"es-AR"},{"@type":"Person","@id":"https:\/\/bocaparatodoelmundo.com.ar\/#\/schema\/person\/e510f0548819cdd34d2743a7f368b5ee","name":"Mariano Alejandro Reverdito","image":{"@type":"ImageObject","inLanguage":"es-AR","@id":"https:\/\/bocaparatodoelmundo.com.ar\/#\/schema\/person\/image\/","url":"https:\/\/secure.gravatar.com\/avatar\/49111d1ef6575eb7785b5b285bf9bf13bb3e85bda156354fc6ef85c3384f7113?s=96&d=mm&r=g","contentUrl":"https:\/\/secure.gravatar.com\/avatar\/49111d1ef6575eb7785b5b285bf9bf13bb3e85bda156354fc6ef85c3384f7113?s=96&d=mm&r=g","caption":"Mariano Alejandro Reverdito"},"url":"https:\/\/bocaparatodoelmundo.com.ar\/?author=4"}]}},"_links":{"self":[{"href":"https:\/\/bocaparatodoelmundo.com.ar\/index.php?rest_route=\/wp\/v2\/posts\/1462","targetHints":{"allow":["GET"]}}],"collection":[{"href":"https:\/\/bocaparatodoelmundo.com.ar\/index.php?rest_route=\/wp\/v2\/posts"}],"about":[{"href":"https:\/\/bocaparatodoelmundo.com.ar\/index.php?rest_route=\/wp\/v2\/types\/post"}],"author":[{"embeddable":true,"href":"https:\/\/bocaparatodoelmundo.com.ar\/index.php?rest_route=\/wp\/v2\/users\/4"}],"replies":[{"embeddable":true,"href":"https:\/\/bocaparatodoelmundo.com.ar\/index.php?rest_route=%2Fwp%2Fv2%2Fcomments&post=1462"}],"version-history":[{"count":1,"href":"https:\/\/bocaparatodoelmundo.com.ar\/index.php?rest_route=\/wp\/v2\/posts\/1462\/revisions"}],"predecessor-version":[{"id":1464,"href":"https:\/\/bocaparatodoelmundo.com.ar\/index.php?rest_route=\/wp\/v2\/posts\/1462\/revisions\/1464"}],"wp:featuredmedia":[{"embeddable":true,"href":"https:\/\/bocaparatodoelmundo.com.ar\/index.php?rest_route=\/wp\/v2\/media\/1465"}],"wp:attachment":[{"href":"https:\/\/bocaparatodoelmundo.com.ar\/index.php?rest_route=%2Fwp%2Fv2%2Fmedia&parent=1462"}],"wp:term":[{"taxonomy":"category","embeddable":true,"href":"https:\/\/bocaparatodoelmundo.com.ar\/index.php?rest_route=%2Fwp%2Fv2%2Fcategories&post=1462"},{"taxonomy":"post_tag","embeddable":true,"href":"https:\/\/bocaparatodoelmundo.com.ar\/index.php?rest_route=%2Fwp%2Fv2%2Ftags&post=1462"}],"curies":[{"name":"wp","href":"https:\/\/api.w.org\/{rel}","templated":true}]}}