{"id":1450,"date":"2023-03-30T10:29:34","date_gmt":"2023-03-30T13:29:34","guid":{"rendered":"https:\/\/bocaparatodoelmundo.com.ar\/?p=1450"},"modified":"2023-03-30T11:21:43","modified_gmt":"2023-03-30T14:21:43","slug":"somos-optimmistas","status":"publish","type":"post","link":"https:\/\/bocaparatodoelmundo.com.ar\/?p=1450","title":{"rendered":"&#8220;Somos optimistas&#8221;"},"content":{"rendered":"\n<h4 class=\"wp-block-heading\"><strong>&#8220;Hoy soy m\u00e1s optimista que ayer&#8221;,<\/strong>&nbsp;le dijo un allegado a la dirigencia de f\u00fatbol a T\u00e9lam, y hasta se anim\u00f3 a decir que el viernes pr\u00f3ximo ser\u00eda el d\u00eda esperado para un acuerdo entre las partes.<\/h4>\n\n\n\n<p>Si bien\u00a0<strong>ya hab\u00edan tenido una se\u00f1al de que el &#8220;Tata&#8221; estaba dispuesto a aceptar la chance de dirigir al &#8220;xeneize&#8221;,\u00a0<\/strong>por esa raz\u00f3n fue que el Consejo avanz\u00f3 en el despido de Hugo Ibarra, aunque todav\u00eda no hubo un encuentro presencial entre las partes, pero se cree que si Martino viene a Buenos Aires es porque la operaci\u00f3n est\u00e1 concretada.<\/p>\n\n\n\n<p><strong>Rom\u00e1n ya mand\u00f3 la propuesta econ\u00f3mica y futbol\u00edstica,&nbsp;<\/strong>y en ella constan varios \u00edtems entre los que figura la duraci\u00f3n del contrato.<\/p>\n\n\n\n<p><strong>Justamente, son dos puntos esenciales para el acuerdo.\u00a0<\/strong>De amplia carrera, Martino viene de dirigir un Mundial con la selecci\u00f3n mexicana y su salario estar\u00e1 bastante m\u00e1s lejos de los que Boca les ven\u00eda pagando a sus entrenadores, Ibarra y Sebasti\u00e1n Battaglia, estos dos, hombres que ya trabajaban en el club y a quienes les hicieron ajustes por dirigir la primera divisi\u00f3n.<\/p>\n\n\n\n<figure class=\"wp-block-image size-large\"><img loading=\"lazy\" decoding=\"async\" width=\"1024\" height=\"591\" src=\"https:\/\/bocaparatodoelmundo.com.ar\/wp-content\/uploads\/2023\/03\/martino-1jpg-1024x591.webp\" alt=\"\" class=\"wp-image-1455\" srcset=\"https:\/\/bocaparatodoelmundo.com.ar\/wp-content\/uploads\/2023\/03\/martino-1jpg-1024x591.webp 1024w, https:\/\/bocaparatodoelmundo.com.ar\/wp-content\/uploads\/2023\/03\/martino-1jpg-300x173.webp 300w, https:\/\/bocaparatodoelmundo.com.ar\/wp-content\/uploads\/2023\/03\/martino-1jpg-768x444.webp 768w, https:\/\/bocaparatodoelmundo.com.ar\/wp-content\/uploads\/2023\/03\/martino-1jpg.webp 1200w\" sizes=\"auto, (max-width: 1024px) 100vw, 1024px\" \/><\/figure>\n\n\n\n<p><strong>Tambi\u00e9n y m\u00e1s all\u00e1 de las versiones sobre su salud, est\u00e1 muy bien del desprendimiento de retina<\/strong>&nbsp;que tuvo en uno de sus ojos y que oblig\u00f3 a una intervenci\u00f3n de la que se registr\u00f3 un buen resultado.<\/p>\n\n\n\n<p>Lo importante tiene que ver con la duraci\u00f3n del v\u00ednculo en particular, ya que Martino quisiera un contrato por dos a\u00f1os, pero en Boca hay elecciones en diciembre. Eso, entonces, es un aspecto que el t\u00e9cnico est\u00e1 interesado en escuchar y tambi\u00e9n en marcar como pauta de convivencia.<\/p>\n\n\n\n<h2 class=\"wp-block-heading\">El a\u00f1o pol\u00edtico de Boca<\/h2>\n\n\n\n<p>El punto que m\u00e1s preocupa a Martino es, justamente,&nbsp;<strong>el a\u00f1o pol\u00edtico al que se refirieron Riquelme y hasta el propio Ibarra en este tiempo.<\/strong><\/p>\n\n\n\n<p>Por empezar, eso tiene relaci\u00f3n directa con la duraci\u00f3n de su contrato, ya que como hay elecciones a fin de a\u00f1o, en principio su v\u00ednculo no podr\u00e1 ser m\u00e1s all\u00e1 de diciembre.<\/p>\n\n\n\n<p><strong>Por eso, habr\u00e1 que establecer alg\u00fan tipo de cl\u00e1usula para una continuidad del t\u00e9cnico en 2024,<\/strong>&nbsp;para el caso de que esta conducci\u00f3n siga al frente del club.<\/p>\n\n\n\n<p>Tambi\u00e9n hay que terminar de pulir el grupo de trabajo y si se incluir\u00eda a alg\u00fan integrante como preparador f\u00edsico o ayudante de arquero que estuvieron en el cuerpo t\u00e9cnico de Ibarra.<\/p>\n\n\n\n<p>Pablo Santella es el preparador f\u00edsico recientemente contratado por Boca y Fernando Gayoso es el entrenador de arqueros de larga data. Los del cuerpo t\u00e9cnico de Martino son Manuel Alfaro y el &#8220;Gringo&#8221; Norberto Scoponi, respectivamente.<\/p>\n","protected":false},"excerpt":{"rendered":"<p>&#8220;Hoy soy m\u00e1s optimista que ayer&#8221;,&nbsp;le dijo un allegado a la dirigencia de f\u00fatbol a&#8230;<\/p>\n","protected":false},"author":3,"featured_media":1451,"comment_status":"open","ping_status":"open","sticky":false,"template":"","format":"standard","meta":{"footnotes":""},"categories":[4],"tags":[],"class_list":["post-1450","post","type-post","status-publish","format-standard","has-post-thumbnail","hentry","category-primera-division-masculina"],"yoast_head":"<!-- This site is optimized with the Yoast SEO plugin v21.4 - https:\/\/yoast.com\/wordpress\/plugins\/seo\/ -->\n<title>&quot;Somos optimistas&quot; - BOCA PARA TODO EL MUNDO<\/title>\n<meta name=\"robots\" content=\"index, follow, max-snippet:-1, max-image-preview:large, max-video-preview:-1\" \/>\n<link rel=\"canonical\" href=\"https:\/\/bocaparatodoelmundo.com.ar\/?p=1450\" \/>\n<meta property=\"og:locale\" content=\"es_ES\" \/>\n<meta property=\"og:type\" content=\"article\" \/>\n<meta property=\"og:title\" content=\"&quot;Somos optimistas&quot; - BOCA PARA TODO EL MUNDO\" \/>\n<meta property=\"og:description\" content=\"&#8220;Hoy soy m\u00e1s optimista que ayer&#8221;,&nbsp;le dijo un allegado a la dirigencia de f\u00fatbol a...\" \/>\n<meta property=\"og:url\" content=\"https:\/\/bocaparatodoelmundo.com.ar\/?p=1450\" \/>\n<meta property=\"og:site_name\" content=\"BOCA PARA TODO EL MUNDO\" \/>\n<meta property=\"article:published_time\" content=\"2023-03-30T13:29:34+00:00\" \/>\n<meta property=\"article:modified_time\" content=\"2023-03-30T14:21:43+00:00\" \/>\n<meta property=\"og:image\" content=\"https:\/\/bocaparatodoelmundo.com.ar\/wp-content\/uploads\/2023\/03\/juan-roman-riquelmejpg.jpg\" \/>\n\t<meta property=\"og:image:width\" content=\"1200\" \/>\n\t<meta property=\"og:image:height\" content=\"675\" \/>\n\t<meta property=\"og:image:type\" content=\"image\/jpeg\" \/>\n<meta name=\"author\" content=\"Redaccion BPTM\" \/>\n<meta name=\"twitter:card\" content=\"summary_large_image\" \/>\n<meta name=\"twitter:label1\" content=\"Escrito por\" \/>\n\t<meta name=\"twitter:data1\" content=\"Redaccion BPTM\" \/>\n\t<meta name=\"twitter:label2\" content=\"Tiempo de lectura\" \/>\n\t<meta name=\"twitter:data2\" content=\"2 minutos\" \/>\n<script type=\"application\/ld+json\" class=\"yoast-schema-graph\">{\"@context\":\"https:\/\/schema.org\",\"@graph\":[{\"@type\":\"WebPage\",\"@id\":\"https:\/\/bocaparatodoelmundo.com.ar\/?p=1450\",\"url\":\"https:\/\/bocaparatodoelmundo.com.ar\/?p=1450\",\"name\":\"\\\"Somos optimistas\\\" - BOCA PARA TODO EL MUNDO\",\"isPartOf\":{\"@id\":\"https:\/\/bocaparatodoelmundo.com.ar\/#website\"},\"datePublished\":\"2023-03-30T13:29:34+00:00\",\"dateModified\":\"2023-03-30T14:21:43+00:00\",\"author\":{\"@id\":\"https:\/\/bocaparatodoelmundo.com.ar\/#\/schema\/person\/cc56d27ea9d37f4cea3636086a1847c5\"},\"breadcrumb\":{\"@id\":\"https:\/\/bocaparatodoelmundo.com.ar\/?p=1450#breadcrumb\"},\"inLanguage\":\"es-AR\",\"potentialAction\":[{\"@type\":\"ReadAction\",\"target\":[\"https:\/\/bocaparatodoelmundo.com.ar\/?p=1450\"]}]},{\"@type\":\"BreadcrumbList\",\"@id\":\"https:\/\/bocaparatodoelmundo.com.ar\/?p=1450#breadcrumb\",\"itemListElement\":[{\"@type\":\"ListItem\",\"position\":1,\"name\":\"Inicio\",\"item\":\"https:\/\/bocaparatodoelmundo.com.ar\/\"},{\"@type\":\"ListItem\",\"position\":2,\"name\":\"&#8220;Somos optimistas&#8221;\"}]},{\"@type\":\"WebSite\",\"@id\":\"https:\/\/bocaparatodoelmundo.com.ar\/#website\",\"url\":\"https:\/\/bocaparatodoelmundo.com.ar\/\",\"name\":\"BOCA PARA TODO EL MUNDO\",\"description\":\"Toda la historia y actualidad del club atletico boca junios esta aqui\",\"potentialAction\":[{\"@type\":\"SearchAction\",\"target\":{\"@type\":\"EntryPoint\",\"urlTemplate\":\"https:\/\/bocaparatodoelmundo.com.ar\/?s={search_term_string}\"},\"query-input\":\"required name=search_term_string\"}],\"inLanguage\":\"es-AR\"},{\"@type\":\"Person\",\"@id\":\"https:\/\/bocaparatodoelmundo.com.ar\/#\/schema\/person\/cc56d27ea9d37f4cea3636086a1847c5\",\"name\":\"Redaccion BPTM\",\"image\":{\"@type\":\"ImageObject\",\"inLanguage\":\"es-AR\",\"@id\":\"https:\/\/bocaparatodoelmundo.com.ar\/#\/schema\/person\/image\/\",\"url\":\"https:\/\/secure.gravatar.com\/avatar\/3b62665b8c08843736974a055cc2398ba6bb7fd2fe787285105d666c418a7d13?s=96&d=mm&r=g\",\"contentUrl\":\"https:\/\/secure.gravatar.com\/avatar\/3b62665b8c08843736974a055cc2398ba6bb7fd2fe787285105d666c418a7d13?s=96&d=mm&r=g\",\"caption\":\"Redaccion BPTM\"},\"sameAs\":[\"http:\/\/bocaparatodoelmundo.com.ar\"],\"url\":\"https:\/\/bocaparatodoelmundo.com.ar\/?author=3\"}]}<\/script>\n<!-- \/ Yoast SEO plugin. -->","yoast_head_json":{"title":"\"Somos optimistas\" - BOCA PARA TODO EL MUNDO","robots":{"index":"index","follow":"follow","max-snippet":"max-snippet:-1","max-image-preview":"max-image-preview:large","max-video-preview":"max-video-preview:-1"},"canonical":"https:\/\/bocaparatodoelmundo.com.ar\/?p=1450","og_locale":"es_ES","og_type":"article","og_title":"\"Somos optimistas\" - BOCA PARA TODO EL MUNDO","og_description":"&#8220;Hoy soy m\u00e1s optimista que ayer&#8221;,&nbsp;le dijo un allegado a la dirigencia de f\u00fatbol a...","og_url":"https:\/\/bocaparatodoelmundo.com.ar\/?p=1450","og_site_name":"BOCA PARA TODO EL MUNDO","article_published_time":"2023-03-30T13:29:34+00:00","article_modified_time":"2023-03-30T14:21:43+00:00","og_image":[{"width":1200,"height":675,"url":"https:\/\/bocaparatodoelmundo.com.ar\/wp-content\/uploads\/2023\/03\/juan-roman-riquelmejpg.jpg","type":"image\/jpeg"}],"author":"Redaccion BPTM","twitter_card":"summary_large_image","twitter_misc":{"Escrito por":"Redaccion BPTM","Tiempo de lectura":"2 minutos"},"schema":{"@context":"https:\/\/schema.org","@graph":[{"@type":"WebPage","@id":"https:\/\/bocaparatodoelmundo.com.ar\/?p=1450","url":"https:\/\/bocaparatodoelmundo.com.ar\/?p=1450","name":"\"Somos optimistas\" - BOCA PARA TODO EL MUNDO","isPartOf":{"@id":"https:\/\/bocaparatodoelmundo.com.ar\/#website"},"datePublished":"2023-03-30T13:29:34+00:00","dateModified":"2023-03-30T14:21:43+00:00","author":{"@id":"https:\/\/bocaparatodoelmundo.com.ar\/#\/schema\/person\/cc56d27ea9d37f4cea3636086a1847c5"},"breadcrumb":{"@id":"https:\/\/bocaparatodoelmundo.com.ar\/?p=1450#breadcrumb"},"inLanguage":"es-AR","potentialAction":[{"@type":"ReadAction","target":["https:\/\/bocaparatodoelmundo.com.ar\/?p=1450"]}]},{"@type":"BreadcrumbList","@id":"https:\/\/bocaparatodoelmundo.com.ar\/?p=1450#breadcrumb","itemListElement":[{"@type":"ListItem","position":1,"name":"Inicio","item":"https:\/\/bocaparatodoelmundo.com.ar\/"},{"@type":"ListItem","position":2,"name":"&#8220;Somos optimistas&#8221;"}]},{"@type":"WebSite","@id":"https:\/\/bocaparatodoelmundo.com.ar\/#website","url":"https:\/\/bocaparatodoelmundo.com.ar\/","name":"BOCA PARA TODO EL MUNDO","description":"Toda la historia y actualidad del club atletico boca junios esta aqui","potentialAction":[{"@type":"SearchAction","target":{"@type":"EntryPoint","urlTemplate":"https:\/\/bocaparatodoelmundo.com.ar\/?s={search_term_string}"},"query-input":"required name=search_term_string"}],"inLanguage":"es-AR"},{"@type":"Person","@id":"https:\/\/bocaparatodoelmundo.com.ar\/#\/schema\/person\/cc56d27ea9d37f4cea3636086a1847c5","name":"Redaccion BPTM","image":{"@type":"ImageObject","inLanguage":"es-AR","@id":"https:\/\/bocaparatodoelmundo.com.ar\/#\/schema\/person\/image\/","url":"https:\/\/secure.gravatar.com\/avatar\/3b62665b8c08843736974a055cc2398ba6bb7fd2fe787285105d666c418a7d13?s=96&d=mm&r=g","contentUrl":"https:\/\/secure.gravatar.com\/avatar\/3b62665b8c08843736974a055cc2398ba6bb7fd2fe787285105d666c418a7d13?s=96&d=mm&r=g","caption":"Redaccion BPTM"},"sameAs":["http:\/\/bocaparatodoelmundo.com.ar"],"url":"https:\/\/bocaparatodoelmundo.com.ar\/?author=3"}]}},"_links":{"self":[{"href":"https:\/\/bocaparatodoelmundo.com.ar\/index.php?rest_route=\/wp\/v2\/posts\/1450","targetHints":{"allow":["GET"]}}],"collection":[{"href":"https:\/\/bocaparatodoelmundo.com.ar\/index.php?rest_route=\/wp\/v2\/posts"}],"about":[{"href":"https:\/\/bocaparatodoelmundo.com.ar\/index.php?rest_route=\/wp\/v2\/types\/post"}],"author":[{"embeddable":true,"href":"https:\/\/bocaparatodoelmundo.com.ar\/index.php?rest_route=\/wp\/v2\/users\/3"}],"replies":[{"embeddable":true,"href":"https:\/\/bocaparatodoelmundo.com.ar\/index.php?rest_route=%2Fwp%2Fv2%2Fcomments&post=1450"}],"version-history":[{"count":3,"href":"https:\/\/bocaparatodoelmundo.com.ar\/index.php?rest_route=\/wp\/v2\/posts\/1450\/revisions"}],"predecessor-version":[{"id":1456,"href":"https:\/\/bocaparatodoelmundo.com.ar\/index.php?rest_route=\/wp\/v2\/posts\/1450\/revisions\/1456"}],"wp:featuredmedia":[{"embeddable":true,"href":"https:\/\/bocaparatodoelmundo.com.ar\/index.php?rest_route=\/wp\/v2\/media\/1451"}],"wp:attachment":[{"href":"https:\/\/bocaparatodoelmundo.com.ar\/index.php?rest_route=%2Fwp%2Fv2%2Fmedia&parent=1450"}],"wp:term":[{"taxonomy":"category","embeddable":true,"href":"https:\/\/bocaparatodoelmundo.com.ar\/index.php?rest_route=%2Fwp%2Fv2%2Fcategories&post=1450"},{"taxonomy":"post_tag","embeddable":true,"href":"https:\/\/bocaparatodoelmundo.com.ar\/index.php?rest_route=%2Fwp%2Fv2%2Ftags&post=1450"}],"curies":[{"name":"wp","href":"https:\/\/api.w.org\/{rel}","templated":true}]}}