{"id":145,"date":"2022-08-21T18:52:24","date_gmt":"2022-08-21T21:52:24","guid":{"rendered":"https:\/\/www.bocaparatodoelmundo.com.ar\/?p=145"},"modified":"2022-08-26T10:30:41","modified_gmt":"2022-08-26T13:30:41","slug":"brandon-cortes-firmo-su-primer-contrato-con-boca","status":"publish","type":"post","link":"https:\/\/bocaparatodoelmundo.com.ar\/?p=145","title":{"rendered":"Brandon Cortes firmo su primer contrato con Boca"},"content":{"rendered":"\n<p>El club oficializ\u00f3 la firma de Brandon Cortes. Brandon C\u00f3rtes, Mediocampista categor\u00eda 2001 que firmo la extensi\u00f3n de su v\u00ednculo con la instituci\u00f3n hasta fines del 2026.<\/p>\n\n\n\n<p><strong>Felicitaciones<\/strong> Brandon <img loading=\"lazy\" decoding=\"async\" height=\"16\" width=\"16\" alt=\"\ud83d\udc4d\" src=\"https:\/\/static.xx.fbcdn.net\/images\/emoji.php\/v9\/tfc\/1\/16\/1f44d.png\"><\/p>\n\n\n\n<p>Vamos Boca <img loading=\"lazy\" decoding=\"async\" height=\"16\" width=\"16\" alt=\"\u26bd\ufe0f\" src=\"https:\/\/static.xx.fbcdn.net\/images\/emoji.php\/v9\/taf\/1\/16\/26bd.png\"><img loading=\"lazy\" decoding=\"async\" height=\"16\" width=\"16\" alt=\"\ud83e\uddd1\ud83c\udffb\" src=\"https:\/\/static.xx.fbcdn.net\/images\/emoji.php\/v9\/t59\/1\/16\/1f9d1_1f3fb.png\"><img loading=\"lazy\" decoding=\"async\" height=\"16\" width=\"16\" alt=\"\ud83d\udd35\" src=\"https:\/\/static.xx.fbcdn.net\/images\/emoji.php\/v9\/tef\/1\/16\/1f535.png\"><img loading=\"lazy\" decoding=\"async\" height=\"16\" width=\"16\" alt=\"\ud83d\udfe1\" src=\"https:\/\/static.xx.fbcdn.net\/images\/emoji.php\/v9\/t7b\/1\/16\/1f7e1.png\"><img loading=\"lazy\" decoding=\"async\" height=\"16\" width=\"16\" alt=\"\ud83d\udd35\" src=\"https:\/\/static.xx.fbcdn.net\/images\/emoji.php\/v9\/tef\/1\/16\/1f535.png\"><img loading=\"lazy\" decoding=\"async\" height=\"16\" width=\"16\" alt=\"\ud83d\udc4a\" src=\"https:\/\/static.xx.fbcdn.net\/images\/emoji.php\/v9\/t79\/1\/16\/1f44a.png\"><\/p>\n\n\n\n<p>Imagen gentileza BOCA<\/p>\n\n\n\n<p><a href=\"https:\/\/www.facebook.com\/hashtag\/bocajuniors?__eep__=6&amp;__gid__=800417717511076&amp;__cft__[0]=AZX6VjJtvCX4bgD4UmYjOgRk9obTQMO2hLzB1M3mA2DWkwlHVtMfrWeMJ7gjenRK9ybkOA98MNm9lb9w7wVzMbqwQjQPJRuJfgMFIkkLcyDvumQfwKW5ri7Fp-5VdbMfvsnyUgoyW6mtPnTY1QLCwmeEshL9lDbSMqEpVsUukaQNqO_tyVSsOwvJ14TH0o1IUtg&amp;__tn__=*NK-R\">#BocaJuniors<\/a><a href=\"https:\/\/www.facebook.com\/hashtag\/bocafutmasculino?__eep__=6&amp;__gid__=800417717511076&amp;__cft__[0]=AZX6VjJtvCX4bgD4UmYjOgRk9obTQMO2hLzB1M3mA2DWkwlHVtMfrWeMJ7gjenRK9ybkOA98MNm9lb9w7wVzMbqwQjQPJRuJfgMFIkkLcyDvumQfwKW5ri7Fp-5VdbMfvsnyUgoyW6mtPnTY1QLCwmeEshL9lDbSMqEpVsUukaQNqO_tyVSsOwvJ14TH0o1IUtg&amp;__tn__=*NK-R\">#BocaFutMasculino<\/a><a href=\"https:\/\/www.facebook.com\/hashtag\/f%C3%BAtbol?__eep__=6&amp;__gid__=800417717511076&amp;__cft__[0]=AZX6VjJtvCX4bgD4UmYjOgRk9obTQMO2hLzB1M3mA2DWkwlHVtMfrWeMJ7gjenRK9ybkOA98MNm9lb9w7wVzMbqwQjQPJRuJfgMFIkkLcyDvumQfwKW5ri7Fp-5VdbMfvsnyUgoyW6mtPnTY1QLCwmeEshL9lDbSMqEpVsUukaQNqO_tyVSsOwvJ14TH0o1IUtg&amp;__tn__=*NK-R\">#F\u00fatbol<\/a><a href=\"https:\/\/www.facebook.com\/hashtag\/f%C3%BAtbolmasculino?__eep__=6&amp;__gid__=800417717511076&amp;__cft__[0]=AZX6VjJtvCX4bgD4UmYjOgRk9obTQMO2hLzB1M3mA2DWkwlHVtMfrWeMJ7gjenRK9ybkOA98MNm9lb9w7wVzMbqwQjQPJRuJfgMFIkkLcyDvumQfwKW5ri7Fp-5VdbMfvsnyUgoyW6mtPnTY1QLCwmeEshL9lDbSMqEpVsUukaQNqO_tyVSsOwvJ14TH0o1IUtg&amp;__tn__=*NK-R\">#F\u00fatbolMasculino<\/a><a href=\"https:\/\/www.facebook.com\/hashtag\/bocafutbol?__eep__=6&amp;__gid__=800417717511076&amp;__cft__[0]=AZX6VjJtvCX4bgD4UmYjOgRk9obTQMO2hLzB1M3mA2DWkwlHVtMfrWeMJ7gjenRK9ybkOA98MNm9lb9w7wVzMbqwQjQPJRuJfgMFIkkLcyDvumQfwKW5ri7Fp-5VdbMfvsnyUgoyW6mtPnTY1QLCwmeEshL9lDbSMqEpVsUukaQNqO_tyVSsOwvJ14TH0o1IUtg&amp;__tn__=*NK-R\">#BocaFutbol<\/a><a href=\"https:\/\/www.facebook.com\/hashtag\/afa?__eep__=6&amp;__gid__=800417717511076&amp;__cft__[0]=AZX6VjJtvCX4bgD4UmYjOgRk9obTQMO2hLzB1M3mA2DWkwlHVtMfrWeMJ7gjenRK9ybkOA98MNm9lb9w7wVzMbqwQjQPJRuJfgMFIkkLcyDvumQfwKW5ri7Fp-5VdbMfvsnyUgoyW6mtPnTY1QLCwmeEshL9lDbSMqEpVsUukaQNqO_tyVSsOwvJ14TH0o1IUtg&amp;__tn__=*NK-R\">#Afa<\/a><a href=\"https:\/\/www.facebook.com\/hashtag\/bocafutboljuveniles?__eep__=6&amp;__gid__=800417717511076&amp;__cft__[0]=AZX6VjJtvCX4bgD4UmYjOgRk9obTQMO2hLzB1M3mA2DWkwlHVtMfrWeMJ7gjenRK9ybkOA98MNm9lb9w7wVzMbqwQjQPJRuJfgMFIkkLcyDvumQfwKW5ri7Fp-5VdbMfvsnyUgoyW6mtPnTY1QLCwmeEshL9lDbSMqEpVsUukaQNqO_tyVSsOwvJ14TH0o1IUtg&amp;__tn__=*NK-R\">#BocaFutbolJuveniles<\/a><a href=\"https:\/\/www.facebook.com\/hashtag\/bocainferiores?__eep__=6&amp;__gid__=800417717511076&amp;__cft__[0]=AZX6VjJtvCX4bgD4UmYjOgRk9obTQMO2hLzB1M3mA2DWkwlHVtMfrWeMJ7gjenRK9ybkOA98MNm9lb9w7wVzMbqwQjQPJRuJfgMFIkkLcyDvumQfwKW5ri7Fp-5VdbMfvsnyUgoyW6mtPnTY1QLCwmeEshL9lDbSMqEpVsUukaQNqO_tyVSsOwvJ14TH0o1IUtg&amp;__tn__=*NK-R\">#BocaInferiores<\/a><a href=\"https:\/\/www.facebook.com\/hashtag\/bocapredio?__eep__=6&amp;__gid__=800417717511076&amp;__cft__[0]=AZX6VjJtvCX4bgD4UmYjOgRk9obTQMO2hLzB1M3mA2DWkwlHVtMfrWeMJ7gjenRK9ybkOA98MNm9lb9w7wVzMbqwQjQPJRuJfgMFIkkLcyDvumQfwKW5ri7Fp-5VdbMfvsnyUgoyW6mtPnTY1QLCwmeEshL9lDbSMqEpVsUukaQNqO_tyVSsOwvJ14TH0o1IUtg&amp;__tn__=*NK-R\">#BocaPredio<\/a><a href=\"https:\/\/www.facebook.com\/hashtag\/vamoslospibes?__eep__=6&amp;__gid__=800417717511076&amp;__cft__[0]=AZX6VjJtvCX4bgD4UmYjOgRk9obTQMO2hLzB1M3mA2DWkwlHVtMfrWeMJ7gjenRK9ybkOA98MNm9lb9w7wVzMbqwQjQPJRuJfgMFIkkLcyDvumQfwKW5ri7Fp-5VdbMfvsnyUgoyW6mtPnTY1QLCwmeEshL9lDbSMqEpVsUukaQNqO_tyVSsOwvJ14TH0o1IUtg&amp;__tn__=*NK-R\">#VamosLosPibes<\/a><a href=\"https:\/\/www.facebook.com\/hashtag\/centrodeentrenamientodeezeiza?__eep__=6&amp;__gid__=800417717511076&amp;__cft__[0]=AZX6VjJtvCX4bgD4UmYjOgRk9obTQMO2hLzB1M3mA2DWkwlHVtMfrWeMJ7gjenRK9ybkOA98MNm9lb9w7wVzMbqwQjQPJRuJfgMFIkkLcyDvumQfwKW5ri7Fp-5VdbMfvsnyUgoyW6mtPnTY1QLCwmeEshL9lDbSMqEpVsUukaQNqO_tyVSsOwvJ14TH0o1IUtg&amp;__tn__=*NK-R\">#CentrodeEntrenamientodeEzeiza<\/a><a href=\"https:\/\/www.facebook.com\/hashtag\/bocadivisionreserva?__eep__=6&amp;__gid__=800417717511076&amp;__cft__[0]=AZX6VjJtvCX4bgD4UmYjOgRk9obTQMO2hLzB1M3mA2DWkwlHVtMfrWeMJ7gjenRK9ybkOA98MNm9lb9w7wVzMbqwQjQPJRuJfgMFIkkLcyDvumQfwKW5ri7Fp-5VdbMfvsnyUgoyW6mtPnTY1QLCwmeEshL9lDbSMqEpVsUukaQNqO_tyVSsOwvJ14TH0o1IUtg&amp;__tn__=*NK-R\">#BocaDivisionReserva<\/a><a href=\"https:\/\/www.facebook.com\/hashtag\/copadelaligaprofesionaldefutboldedivisionreserva2022?__eep__=6&amp;__gid__=800417717511076&amp;__cft__[0]=AZX6VjJtvCX4bgD4UmYjOgRk9obTQMO2hLzB1M3mA2DWkwlHVtMfrWeMJ7gjenRK9ybkOA98MNm9lb9w7wVzMbqwQjQPJRuJfgMFIkkLcyDvumQfwKW5ri7Fp-5VdbMfvsnyUgoyW6mtPnTY1QLCwmeEshL9lDbSMqEpVsUukaQNqO_tyVSsOwvJ14TH0o1IUtg&amp;__tn__=*NK-R\">#copadelaligaprofesionaldefutboldedivisionreserva2022<\/a><a href=\"https:\/\/www.facebook.com\/hashtag\/brandoncortes?__eep__=6&amp;__gid__=800417717511076&amp;__cft__[0]=AZX6VjJtvCX4bgD4UmYjOgRk9obTQMO2hLzB1M3mA2DWkwlHVtMfrWeMJ7gjenRK9ybkOA98MNm9lb9w7wVzMbqwQjQPJRuJfgMFIkkLcyDvumQfwKW5ri7Fp-5VdbMfvsnyUgoyW6mtPnTY1QLCwmeEshL9lDbSMqEpVsUukaQNqO_tyVSsOwvJ14TH0o1IUtg&amp;__tn__=*NK-R\">#BrandonCortes<\/a><\/p>\n","protected":false},"excerpt":{"rendered":"<p>El club oficializ\u00f3 la firma de Brandon Cortes. Brandon C\u00f3rtes, Mediocampista categor\u00eda 2001 que firmo&#8230;<\/p>\n","protected":false},"author":3,"featured_media":146,"comment_status":"open","ping_status":"open","sticky":false,"template":"","format":"standard","meta":{"footnotes":""},"categories":[15],"tags":[],"class_list":["post-145","post","type-post","status-publish","format-standard","has-post-thumbnail","hentry","category-reserva"],"yoast_head":"<!-- This site is optimized with the Yoast SEO plugin v21.4 - https:\/\/yoast.com\/wordpress\/plugins\/seo\/ -->\n<title>Brandon Cortes firmo su primer contrato con Boca - BOCA PARA TODO EL MUNDO<\/title>\n<meta name=\"robots\" content=\"index, follow, max-snippet:-1, max-image-preview:large, max-video-preview:-1\" \/>\n<link rel=\"canonical\" href=\"https:\/\/bocaparatodoelmundo.com.ar\/?p=145\" \/>\n<meta property=\"og:locale\" content=\"es_ES\" \/>\n<meta property=\"og:type\" content=\"article\" \/>\n<meta property=\"og:title\" content=\"Brandon Cortes firmo su primer contrato con Boca - BOCA PARA TODO EL MUNDO\" \/>\n<meta property=\"og:description\" content=\"El club oficializ\u00f3 la firma de Brandon Cortes. Brandon C\u00f3rtes, Mediocampista categor\u00eda 2001 que firmo...\" \/>\n<meta property=\"og:url\" content=\"https:\/\/bocaparatodoelmundo.com.ar\/?p=145\" \/>\n<meta property=\"og:site_name\" content=\"BOCA PARA TODO EL MUNDO\" \/>\n<meta property=\"article:published_time\" content=\"2022-08-21T21:52:24+00:00\" \/>\n<meta property=\"article:modified_time\" content=\"2022-08-26T13:30:41+00:00\" \/>\n<meta property=\"og:image\" content=\"https:\/\/bocaparatodoelmundo.com.ar\/wp-content\/uploads\/2022\/08\/bandon-cortes.jpg\" \/>\n\t<meta property=\"og:image:width\" content=\"2048\" \/>\n\t<meta property=\"og:image:height\" content=\"1366\" \/>\n\t<meta property=\"og:image:type\" content=\"image\/jpeg\" \/>\n<meta name=\"author\" content=\"Redaccion BPTM\" \/>\n<meta name=\"twitter:card\" content=\"summary_large_image\" \/>\n<meta name=\"twitter:label1\" content=\"Escrito por\" \/>\n\t<meta name=\"twitter:data1\" content=\"Redaccion BPTM\" \/>\n\t<meta name=\"twitter:label2\" content=\"Tiempo de lectura\" \/>\n\t<meta name=\"twitter:data2\" content=\"2 minutos\" \/>\n<script type=\"application\/ld+json\" class=\"yoast-schema-graph\">{\"@context\":\"https:\/\/schema.org\",\"@graph\":[{\"@type\":\"WebPage\",\"@id\":\"https:\/\/bocaparatodoelmundo.com.ar\/?p=145\",\"url\":\"https:\/\/bocaparatodoelmundo.com.ar\/?p=145\",\"name\":\"Brandon Cortes firmo su primer contrato con Boca - BOCA PARA TODO EL MUNDO\",\"isPartOf\":{\"@id\":\"https:\/\/bocaparatodoelmundo.com.ar\/#website\"},\"datePublished\":\"2022-08-21T21:52:24+00:00\",\"dateModified\":\"2022-08-26T13:30:41+00:00\",\"author\":{\"@id\":\"https:\/\/bocaparatodoelmundo.com.ar\/#\/schema\/person\/cc56d27ea9d37f4cea3636086a1847c5\"},\"breadcrumb\":{\"@id\":\"https:\/\/bocaparatodoelmundo.com.ar\/?p=145#breadcrumb\"},\"inLanguage\":\"es-AR\",\"potentialAction\":[{\"@type\":\"ReadAction\",\"target\":[\"https:\/\/bocaparatodoelmundo.com.ar\/?p=145\"]}]},{\"@type\":\"BreadcrumbList\",\"@id\":\"https:\/\/bocaparatodoelmundo.com.ar\/?p=145#breadcrumb\",\"itemListElement\":[{\"@type\":\"ListItem\",\"position\":1,\"name\":\"Inicio\",\"item\":\"https:\/\/bocaparatodoelmundo.com.ar\/\"},{\"@type\":\"ListItem\",\"position\":2,\"name\":\"Brandon Cortes firmo su primer contrato con Boca\"}]},{\"@type\":\"WebSite\",\"@id\":\"https:\/\/bocaparatodoelmundo.com.ar\/#website\",\"url\":\"https:\/\/bocaparatodoelmundo.com.ar\/\",\"name\":\"BOCA PARA TODO EL MUNDO\",\"description\":\"Toda la historia y actualidad del club atletico boca junios esta aqui\",\"potentialAction\":[{\"@type\":\"SearchAction\",\"target\":{\"@type\":\"EntryPoint\",\"urlTemplate\":\"https:\/\/bocaparatodoelmundo.com.ar\/?s={search_term_string}\"},\"query-input\":\"required name=search_term_string\"}],\"inLanguage\":\"es-AR\"},{\"@type\":\"Person\",\"@id\":\"https:\/\/bocaparatodoelmundo.com.ar\/#\/schema\/person\/cc56d27ea9d37f4cea3636086a1847c5\",\"name\":\"Redaccion BPTM\",\"image\":{\"@type\":\"ImageObject\",\"inLanguage\":\"es-AR\",\"@id\":\"https:\/\/bocaparatodoelmundo.com.ar\/#\/schema\/person\/image\/\",\"url\":\"https:\/\/secure.gravatar.com\/avatar\/3b62665b8c08843736974a055cc2398ba6bb7fd2fe787285105d666c418a7d13?s=96&d=mm&r=g\",\"contentUrl\":\"https:\/\/secure.gravatar.com\/avatar\/3b62665b8c08843736974a055cc2398ba6bb7fd2fe787285105d666c418a7d13?s=96&d=mm&r=g\",\"caption\":\"Redaccion BPTM\"},\"sameAs\":[\"http:\/\/bocaparatodoelmundo.com.ar\"],\"url\":\"https:\/\/bocaparatodoelmundo.com.ar\/?author=3\"}]}<\/script>\n<!-- \/ Yoast SEO plugin. -->","yoast_head_json":{"title":"Brandon Cortes firmo su primer contrato con Boca - BOCA PARA TODO EL MUNDO","robots":{"index":"index","follow":"follow","max-snippet":"max-snippet:-1","max-image-preview":"max-image-preview:large","max-video-preview":"max-video-preview:-1"},"canonical":"https:\/\/bocaparatodoelmundo.com.ar\/?p=145","og_locale":"es_ES","og_type":"article","og_title":"Brandon Cortes firmo su primer contrato con Boca - BOCA PARA TODO EL MUNDO","og_description":"El club oficializ\u00f3 la firma de Brandon Cortes. Brandon C\u00f3rtes, Mediocampista categor\u00eda 2001 que firmo...","og_url":"https:\/\/bocaparatodoelmundo.com.ar\/?p=145","og_site_name":"BOCA PARA TODO EL MUNDO","article_published_time":"2022-08-21T21:52:24+00:00","article_modified_time":"2022-08-26T13:30:41+00:00","og_image":[{"width":2048,"height":1366,"url":"https:\/\/bocaparatodoelmundo.com.ar\/wp-content\/uploads\/2022\/08\/bandon-cortes.jpg","type":"image\/jpeg"}],"author":"Redaccion BPTM","twitter_card":"summary_large_image","twitter_misc":{"Escrito por":"Redaccion BPTM","Tiempo de lectura":"2 minutos"},"schema":{"@context":"https:\/\/schema.org","@graph":[{"@type":"WebPage","@id":"https:\/\/bocaparatodoelmundo.com.ar\/?p=145","url":"https:\/\/bocaparatodoelmundo.com.ar\/?p=145","name":"Brandon Cortes firmo su primer contrato con Boca - BOCA PARA TODO EL MUNDO","isPartOf":{"@id":"https:\/\/bocaparatodoelmundo.com.ar\/#website"},"datePublished":"2022-08-21T21:52:24+00:00","dateModified":"2022-08-26T13:30:41+00:00","author":{"@id":"https:\/\/bocaparatodoelmundo.com.ar\/#\/schema\/person\/cc56d27ea9d37f4cea3636086a1847c5"},"breadcrumb":{"@id":"https:\/\/bocaparatodoelmundo.com.ar\/?p=145#breadcrumb"},"inLanguage":"es-AR","potentialAction":[{"@type":"ReadAction","target":["https:\/\/bocaparatodoelmundo.com.ar\/?p=145"]}]},{"@type":"BreadcrumbList","@id":"https:\/\/bocaparatodoelmundo.com.ar\/?p=145#breadcrumb","itemListElement":[{"@type":"ListItem","position":1,"name":"Inicio","item":"https:\/\/bocaparatodoelmundo.com.ar\/"},{"@type":"ListItem","position":2,"name":"Brandon Cortes firmo su primer contrato con Boca"}]},{"@type":"WebSite","@id":"https:\/\/bocaparatodoelmundo.com.ar\/#website","url":"https:\/\/bocaparatodoelmundo.com.ar\/","name":"BOCA PARA TODO EL MUNDO","description":"Toda la historia y actualidad del club atletico boca junios esta aqui","potentialAction":[{"@type":"SearchAction","target":{"@type":"EntryPoint","urlTemplate":"https:\/\/bocaparatodoelmundo.com.ar\/?s={search_term_string}"},"query-input":"required name=search_term_string"}],"inLanguage":"es-AR"},{"@type":"Person","@id":"https:\/\/bocaparatodoelmundo.com.ar\/#\/schema\/person\/cc56d27ea9d37f4cea3636086a1847c5","name":"Redaccion BPTM","image":{"@type":"ImageObject","inLanguage":"es-AR","@id":"https:\/\/bocaparatodoelmundo.com.ar\/#\/schema\/person\/image\/","url":"https:\/\/secure.gravatar.com\/avatar\/3b62665b8c08843736974a055cc2398ba6bb7fd2fe787285105d666c418a7d13?s=96&d=mm&r=g","contentUrl":"https:\/\/secure.gravatar.com\/avatar\/3b62665b8c08843736974a055cc2398ba6bb7fd2fe787285105d666c418a7d13?s=96&d=mm&r=g","caption":"Redaccion BPTM"},"sameAs":["http:\/\/bocaparatodoelmundo.com.ar"],"url":"https:\/\/bocaparatodoelmundo.com.ar\/?author=3"}]}},"_links":{"self":[{"href":"https:\/\/bocaparatodoelmundo.com.ar\/index.php?rest_route=\/wp\/v2\/posts\/145","targetHints":{"allow":["GET"]}}],"collection":[{"href":"https:\/\/bocaparatodoelmundo.com.ar\/index.php?rest_route=\/wp\/v2\/posts"}],"about":[{"href":"https:\/\/bocaparatodoelmundo.com.ar\/index.php?rest_route=\/wp\/v2\/types\/post"}],"author":[{"embeddable":true,"href":"https:\/\/bocaparatodoelmundo.com.ar\/index.php?rest_route=\/wp\/v2\/users\/3"}],"replies":[{"embeddable":true,"href":"https:\/\/bocaparatodoelmundo.com.ar\/index.php?rest_route=%2Fwp%2Fv2%2Fcomments&post=145"}],"version-history":[{"count":1,"href":"https:\/\/bocaparatodoelmundo.com.ar\/index.php?rest_route=\/wp\/v2\/posts\/145\/revisions"}],"predecessor-version":[{"id":147,"href":"https:\/\/bocaparatodoelmundo.com.ar\/index.php?rest_route=\/wp\/v2\/posts\/145\/revisions\/147"}],"wp:featuredmedia":[{"embeddable":true,"href":"https:\/\/bocaparatodoelmundo.com.ar\/index.php?rest_route=\/wp\/v2\/media\/146"}],"wp:attachment":[{"href":"https:\/\/bocaparatodoelmundo.com.ar\/index.php?rest_route=%2Fwp%2Fv2%2Fmedia&parent=145"}],"wp:term":[{"taxonomy":"category","embeddable":true,"href":"https:\/\/bocaparatodoelmundo.com.ar\/index.php?rest_route=%2Fwp%2Fv2%2Fcategories&post=145"},{"taxonomy":"post_tag","embeddable":true,"href":"https:\/\/bocaparatodoelmundo.com.ar\/index.php?rest_route=%2Fwp%2Fv2%2Ftags&post=145"}],"curies":[{"name":"wp","href":"https:\/\/api.w.org\/{rel}","templated":true}]}}