{"id":1441,"date":"2023-03-30T06:47:29","date_gmt":"2023-03-30T09:47:29","guid":{"rendered":"https:\/\/bocaparatodoelmundo.com.ar\/?p=1441"},"modified":"2023-03-30T06:47:30","modified_gmt":"2023-03-30T09:47:30","slug":"roman-los-tiene-preocupados","status":"publish","type":"post","link":"https:\/\/bocaparatodoelmundo.com.ar\/?p=1441","title":{"rendered":"Rom\u00e1n los tiene preocupados"},"content":{"rendered":"\n<p>En estos dias, escuche el programa del colega al que le quitaron el palco de 18 palos en La Bombonera en esta dirigencia; un sector preferencial que le hab\u00eda dado en concepto de &#8220;publicidad&#8221;  &#8211; ponele &#8211; , el ex Presidente Xeneize y operador del Macrismo en la justicia. <\/p>\n\n\n\n<p>En dicha emisi\u00f3n que va de 21 a 24, otro colega cerr\u00f3 un comentario editorial diciendo que &#8220;Riquelme y el Consejo de F\u00fatbol manejan a Boca como si fuese una sociedad de fomento&#8221;. Claro, ellos preferir\u00edan que fuera una sociedad an\u00f3nima o club privatizado de manera encubierta, como era hasta el 2019. <\/p>\n\n\n\n<p>Otra cuesti\u00f3n: Yo no creo que lo \u00fanico importante de una buena gesti\u00f3n deportiva, sean solamente los t\u00edtulos, pero para los que corren a Ameal y a Riquelme con que Boca no gan\u00f3 la Libertadores, les recuerdo que Angelici tampoco lo hizo. Con una diferencia, Angelici estuvo ocho a\u00f1os, esta gente lleva tres y como si \u00e9sto fuera poco, la anterior encima sufri\u00f3 el mamporro m\u00e1s grande de la historia del club al perder la final de Madrid contra River, que para colmo en 2015 y en 2019, tambi\u00e9n lo elimin\u00f3.<\/p>\n\n\n\n<p>Asimismo les recuerdo a todos admiradores de Macri, que el fugador serial reci\u00e9n pudo ser campe\u00f3n de Am\u00e9rica en su quinto a\u00f1o de gesti\u00f3n, antes ni clasific\u00f3, mientras que esta administraci\u00f3n lleva todav\u00eda tres a\u00f1os, de manera que podr\u00eda eventualmente ser campe\u00f3n antes y que para ganar por primera vez de nuestro certamen, Macri tard\u00f3 tres a\u00f1os. Ingres\u00f3 en 1995 a la sede de Brandsen al 805 y su primer lauro fue en el Apertura 98. En tanto que Ameal y Riquelme, entraron y le ganaron a River un campeonato de arremetida. Encima Amor Ameal, ya contaba con un t\u00edtulo de su primera presidencia. El conseguido con Falcioni en el Apertura 2011, de manera invicta. <\/p>\n\n\n\n<p>A todo esto, no podemos soslayar que el club de la Ribera hoy es nuevamente una entidad de puertas abiertas a su gente, que puso en valor La Bombonera y que acondicion\u00f3 La Bombonerita. Dato no menor, para todos los que pretendemos que los clubes sean de la gente y sociedades sin fines de lucro, sin que ello signifique dar p\u00e9rdida. Por tal motivo, les digo que si vamos a hablar de n\u00fameros y de historia hag\u00e1moslo de manera completa y con todos los datos sobre la mesa. Yo soy un tipo muy limitado, pero de periodismo, de f\u00fatbol, de historia del deporte y de estad\u00edsticas entiendo bastante. Ni les digo de detectar operetas. Conclusi\u00f3n, yo no s\u00e9 que tan buena o mala es esta dirigencia de Boca o mejor dicho, s\u00e9 que tiene lunares pero sabiendo quienes est\u00e1n del otro lado y qui\u00e9nes los atacan, tengo clar\u00edsimo de qu\u00e9 lugar pararme. Aunque tambi\u00e9n soy consciente que tienen mucho por hacer.<\/p>\n","protected":false},"excerpt":{"rendered":"<p>En estos dias, escuche el programa del colega al que le quitaron el palco de&#8230;<\/p>\n","protected":false},"author":6,"featured_media":1443,"comment_status":"open","ping_status":"open","sticky":false,"template":"","format":"standard","meta":{"footnotes":""},"categories":[39],"tags":[],"class_list":["post-1441","post","type-post","status-publish","format-standard","has-post-thumbnail","hentry","category-editorial"],"yoast_head":"<!-- This site is optimized with the Yoast SEO plugin v21.4 - https:\/\/yoast.com\/wordpress\/plugins\/seo\/ -->\n<title>Rom\u00e1n los tiene preocupados - BOCA PARA TODO EL MUNDO<\/title>\n<meta name=\"robots\" content=\"index, follow, max-snippet:-1, max-image-preview:large, max-video-preview:-1\" \/>\n<link rel=\"canonical\" href=\"https:\/\/bocaparatodoelmundo.com.ar\/?p=1441\" \/>\n<meta property=\"og:locale\" content=\"es_ES\" \/>\n<meta property=\"og:type\" content=\"article\" \/>\n<meta property=\"og:title\" content=\"Rom\u00e1n los tiene preocupados - BOCA PARA TODO EL MUNDO\" \/>\n<meta property=\"og:description\" content=\"En estos dias, escuche el programa del colega al que le quitaron el palco de...\" \/>\n<meta property=\"og:url\" content=\"https:\/\/bocaparatodoelmundo.com.ar\/?p=1441\" \/>\n<meta property=\"og:site_name\" content=\"BOCA PARA TODO EL MUNDO\" \/>\n<meta property=\"article:published_time\" content=\"2023-03-30T09:47:29+00:00\" \/>\n<meta property=\"article:modified_time\" content=\"2023-03-30T09:47:30+00:00\" \/>\n<meta property=\"og:image\" content=\"https:\/\/bocaparatodoelmundo.com.ar\/wp-content\/uploads\/2023\/03\/images-29.jpg\" \/>\n\t<meta property=\"og:image:width\" content=\"300\" \/>\n\t<meta property=\"og:image:height\" content=\"168\" \/>\n\t<meta property=\"og:image:type\" content=\"image\/jpeg\" \/>\n<meta name=\"author\" content=\"Eduardo Rodolfo Ronco\" \/>\n<meta name=\"twitter:card\" content=\"summary_large_image\" \/>\n<meta name=\"twitter:label1\" content=\"Escrito por\" \/>\n\t<meta name=\"twitter:data1\" content=\"Eduardo Rodolfo Ronco\" \/>\n\t<meta name=\"twitter:label2\" content=\"Tiempo de lectura\" \/>\n\t<meta name=\"twitter:data2\" content=\"2 minutos\" \/>\n<script type=\"application\/ld+json\" class=\"yoast-schema-graph\">{\"@context\":\"https:\/\/schema.org\",\"@graph\":[{\"@type\":\"WebPage\",\"@id\":\"https:\/\/bocaparatodoelmundo.com.ar\/?p=1441\",\"url\":\"https:\/\/bocaparatodoelmundo.com.ar\/?p=1441\",\"name\":\"Rom\u00e1n los tiene preocupados - BOCA PARA TODO EL MUNDO\",\"isPartOf\":{\"@id\":\"https:\/\/bocaparatodoelmundo.com.ar\/#website\"},\"datePublished\":\"2023-03-30T09:47:29+00:00\",\"dateModified\":\"2023-03-30T09:47:30+00:00\",\"author\":{\"@id\":\"https:\/\/bocaparatodoelmundo.com.ar\/#\/schema\/person\/974f046d200517355b541749bcfa898c\"},\"breadcrumb\":{\"@id\":\"https:\/\/bocaparatodoelmundo.com.ar\/?p=1441#breadcrumb\"},\"inLanguage\":\"es-AR\",\"potentialAction\":[{\"@type\":\"ReadAction\",\"target\":[\"https:\/\/bocaparatodoelmundo.com.ar\/?p=1441\"]}]},{\"@type\":\"BreadcrumbList\",\"@id\":\"https:\/\/bocaparatodoelmundo.com.ar\/?p=1441#breadcrumb\",\"itemListElement\":[{\"@type\":\"ListItem\",\"position\":1,\"name\":\"Inicio\",\"item\":\"https:\/\/bocaparatodoelmundo.com.ar\/\"},{\"@type\":\"ListItem\",\"position\":2,\"name\":\"Rom\u00e1n los tiene preocupados\"}]},{\"@type\":\"WebSite\",\"@id\":\"https:\/\/bocaparatodoelmundo.com.ar\/#website\",\"url\":\"https:\/\/bocaparatodoelmundo.com.ar\/\",\"name\":\"BOCA PARA TODO EL MUNDO\",\"description\":\"Toda la historia y actualidad del club atletico boca junios esta aqui\",\"potentialAction\":[{\"@type\":\"SearchAction\",\"target\":{\"@type\":\"EntryPoint\",\"urlTemplate\":\"https:\/\/bocaparatodoelmundo.com.ar\/?s={search_term_string}\"},\"query-input\":\"required name=search_term_string\"}],\"inLanguage\":\"es-AR\"},{\"@type\":\"Person\",\"@id\":\"https:\/\/bocaparatodoelmundo.com.ar\/#\/schema\/person\/974f046d200517355b541749bcfa898c\",\"name\":\"Eduardo Rodolfo Ronco\",\"image\":{\"@type\":\"ImageObject\",\"inLanguage\":\"es-AR\",\"@id\":\"https:\/\/bocaparatodoelmundo.com.ar\/#\/schema\/person\/image\/\",\"url\":\"https:\/\/secure.gravatar.com\/avatar\/67b23624ef5c78804caf2cd24cc41e20a188f8f2d22eb28714fe669c6912dec6?s=96&d=mm&r=g\",\"contentUrl\":\"https:\/\/secure.gravatar.com\/avatar\/67b23624ef5c78804caf2cd24cc41e20a188f8f2d22eb28714fe669c6912dec6?s=96&d=mm&r=g\",\"caption\":\"Eduardo Rodolfo Ronco\"},\"url\":\"https:\/\/bocaparatodoelmundo.com.ar\/?author=6\"}]}<\/script>\n<!-- \/ Yoast SEO plugin. -->","yoast_head_json":{"title":"Rom\u00e1n los tiene preocupados - BOCA PARA TODO EL MUNDO","robots":{"index":"index","follow":"follow","max-snippet":"max-snippet:-1","max-image-preview":"max-image-preview:large","max-video-preview":"max-video-preview:-1"},"canonical":"https:\/\/bocaparatodoelmundo.com.ar\/?p=1441","og_locale":"es_ES","og_type":"article","og_title":"Rom\u00e1n los tiene preocupados - BOCA PARA TODO EL MUNDO","og_description":"En estos dias, escuche el programa del colega al que le quitaron el palco de...","og_url":"https:\/\/bocaparatodoelmundo.com.ar\/?p=1441","og_site_name":"BOCA PARA TODO EL MUNDO","article_published_time":"2023-03-30T09:47:29+00:00","article_modified_time":"2023-03-30T09:47:30+00:00","og_image":[{"width":300,"height":168,"url":"https:\/\/bocaparatodoelmundo.com.ar\/wp-content\/uploads\/2023\/03\/images-29.jpg","type":"image\/jpeg"}],"author":"Eduardo Rodolfo Ronco","twitter_card":"summary_large_image","twitter_misc":{"Escrito por":"Eduardo Rodolfo Ronco","Tiempo de lectura":"2 minutos"},"schema":{"@context":"https:\/\/schema.org","@graph":[{"@type":"WebPage","@id":"https:\/\/bocaparatodoelmundo.com.ar\/?p=1441","url":"https:\/\/bocaparatodoelmundo.com.ar\/?p=1441","name":"Rom\u00e1n los tiene preocupados - BOCA PARA TODO EL MUNDO","isPartOf":{"@id":"https:\/\/bocaparatodoelmundo.com.ar\/#website"},"datePublished":"2023-03-30T09:47:29+00:00","dateModified":"2023-03-30T09:47:30+00:00","author":{"@id":"https:\/\/bocaparatodoelmundo.com.ar\/#\/schema\/person\/974f046d200517355b541749bcfa898c"},"breadcrumb":{"@id":"https:\/\/bocaparatodoelmundo.com.ar\/?p=1441#breadcrumb"},"inLanguage":"es-AR","potentialAction":[{"@type":"ReadAction","target":["https:\/\/bocaparatodoelmundo.com.ar\/?p=1441"]}]},{"@type":"BreadcrumbList","@id":"https:\/\/bocaparatodoelmundo.com.ar\/?p=1441#breadcrumb","itemListElement":[{"@type":"ListItem","position":1,"name":"Inicio","item":"https:\/\/bocaparatodoelmundo.com.ar\/"},{"@type":"ListItem","position":2,"name":"Rom\u00e1n los tiene preocupados"}]},{"@type":"WebSite","@id":"https:\/\/bocaparatodoelmundo.com.ar\/#website","url":"https:\/\/bocaparatodoelmundo.com.ar\/","name":"BOCA PARA TODO EL MUNDO","description":"Toda la historia y actualidad del club atletico boca junios esta aqui","potentialAction":[{"@type":"SearchAction","target":{"@type":"EntryPoint","urlTemplate":"https:\/\/bocaparatodoelmundo.com.ar\/?s={search_term_string}"},"query-input":"required name=search_term_string"}],"inLanguage":"es-AR"},{"@type":"Person","@id":"https:\/\/bocaparatodoelmundo.com.ar\/#\/schema\/person\/974f046d200517355b541749bcfa898c","name":"Eduardo Rodolfo Ronco","image":{"@type":"ImageObject","inLanguage":"es-AR","@id":"https:\/\/bocaparatodoelmundo.com.ar\/#\/schema\/person\/image\/","url":"https:\/\/secure.gravatar.com\/avatar\/67b23624ef5c78804caf2cd24cc41e20a188f8f2d22eb28714fe669c6912dec6?s=96&d=mm&r=g","contentUrl":"https:\/\/secure.gravatar.com\/avatar\/67b23624ef5c78804caf2cd24cc41e20a188f8f2d22eb28714fe669c6912dec6?s=96&d=mm&r=g","caption":"Eduardo Rodolfo Ronco"},"url":"https:\/\/bocaparatodoelmundo.com.ar\/?author=6"}]}},"_links":{"self":[{"href":"https:\/\/bocaparatodoelmundo.com.ar\/index.php?rest_route=\/wp\/v2\/posts\/1441","targetHints":{"allow":["GET"]}}],"collection":[{"href":"https:\/\/bocaparatodoelmundo.com.ar\/index.php?rest_route=\/wp\/v2\/posts"}],"about":[{"href":"https:\/\/bocaparatodoelmundo.com.ar\/index.php?rest_route=\/wp\/v2\/types\/post"}],"author":[{"embeddable":true,"href":"https:\/\/bocaparatodoelmundo.com.ar\/index.php?rest_route=\/wp\/v2\/users\/6"}],"replies":[{"embeddable":true,"href":"https:\/\/bocaparatodoelmundo.com.ar\/index.php?rest_route=%2Fwp%2Fv2%2Fcomments&post=1441"}],"version-history":[{"count":1,"href":"https:\/\/bocaparatodoelmundo.com.ar\/index.php?rest_route=\/wp\/v2\/posts\/1441\/revisions"}],"predecessor-version":[{"id":1445,"href":"https:\/\/bocaparatodoelmundo.com.ar\/index.php?rest_route=\/wp\/v2\/posts\/1441\/revisions\/1445"}],"wp:featuredmedia":[{"embeddable":true,"href":"https:\/\/bocaparatodoelmundo.com.ar\/index.php?rest_route=\/wp\/v2\/media\/1443"}],"wp:attachment":[{"href":"https:\/\/bocaparatodoelmundo.com.ar\/index.php?rest_route=%2Fwp%2Fv2%2Fmedia&parent=1441"}],"wp:term":[{"taxonomy":"category","embeddable":true,"href":"https:\/\/bocaparatodoelmundo.com.ar\/index.php?rest_route=%2Fwp%2Fv2%2Fcategories&post=1441"},{"taxonomy":"post_tag","embeddable":true,"href":"https:\/\/bocaparatodoelmundo.com.ar\/index.php?rest_route=%2Fwp%2Fv2%2Ftags&post=1441"}],"curies":[{"name":"wp","href":"https:\/\/api.w.org\/{rel}","templated":true}]}}