{"id":1428,"date":"2023-03-29T20:24:05","date_gmt":"2023-03-29T23:24:05","guid":{"rendered":"https:\/\/bocaparatodoelmundo.com.ar\/?p=1428"},"modified":"2023-03-29T20:24:07","modified_gmt":"2023-03-29T23:24:07","slug":"ya-esta-el-diagrama-del-apertura-2023-de-los-minis","status":"publish","type":"post","link":"https:\/\/bocaparatodoelmundo.com.ar\/?p=1428","title":{"rendered":"Ya esta el diagrama del Apertura 2023 de los Minis"},"content":{"rendered":"\n<p>Se conoci\u00f3 el fixture del equipo de Handball Xeneize en la categor\u00eda Minis Damas y Caballeros para<br>el Torneo Apertura 2023, el cual tiene previsto dar inicio el pr\u00f3ximo fin de semana.<\/p>\n\n\n\n<figure class=\"wp-block-image size-large\"><img loading=\"lazy\" decoding=\"async\" width=\"820\" height=\"1024\" src=\"https:\/\/bocaparatodoelmundo.com.ar\/wp-content\/uploads\/2023\/03\/\u00a1Una-semana-para-que-comiencen-los-minis_-__Conoce-cuando-se-disputan-los-encuentros-en-el-Torneo-Apertura.-___DaleBoca-image0-820x1024.jpg\" alt=\"\" class=\"wp-image-1430\" srcset=\"https:\/\/bocaparatodoelmundo.com.ar\/wp-content\/uploads\/2023\/03\/\u00a1Una-semana-para-que-comiencen-los-minis_-__Conoce-cuando-se-disputan-los-encuentros-en-el-Torneo-Apertura.-___DaleBoca-image0-820x1024.jpg 820w, https:\/\/bocaparatodoelmundo.com.ar\/wp-content\/uploads\/2023\/03\/\u00a1Una-semana-para-que-comiencen-los-minis_-__Conoce-cuando-se-disputan-los-encuentros-en-el-Torneo-Apertura.-___DaleBoca-image0-240x300.jpg 240w, https:\/\/bocaparatodoelmundo.com.ar\/wp-content\/uploads\/2023\/03\/\u00a1Una-semana-para-que-comiencen-los-minis_-__Conoce-cuando-se-disputan-los-encuentros-en-el-Torneo-Apertura.-___DaleBoca-image0-768x959.jpg 768w, https:\/\/bocaparatodoelmundo.com.ar\/wp-content\/uploads\/2023\/03\/\u00a1Una-semana-para-que-comiencen-los-minis_-__Conoce-cuando-se-disputan-los-encuentros-en-el-Torneo-Apertura.-___DaleBoca-image0-1024x1279.jpg 1024w, https:\/\/bocaparatodoelmundo.com.ar\/wp-content\/uploads\/2023\/03\/\u00a1Una-semana-para-que-comiencen-los-minis_-__Conoce-cuando-se-disputan-los-encuentros-en-el-Torneo-Apertura.-___DaleBoca-image0.jpg 1080w\" sizes=\"auto, (max-width: 820px) 100vw, 820px\" \/><\/figure>\n","protected":false},"excerpt":{"rendered":"<p>Se conoci\u00f3 el fixture del equipo de Handball Xeneize en la categor\u00eda Minis Damas y&#8230;<\/p>\n","protected":false},"author":5,"featured_media":1429,"comment_status":"open","ping_status":"open","sticky":false,"template":"","format":"standard","meta":{"footnotes":""},"categories":[12],"tags":[],"class_list":["post-1428","post","type-post","status-publish","format-standard","has-post-thumbnail","hentry","category-handball"],"yoast_head":"<!-- This site is optimized with the Yoast SEO plugin v21.4 - https:\/\/yoast.com\/wordpress\/plugins\/seo\/ -->\n<title>Ya esta el diagrama del Apertura 2023 de los Minis - BOCA PARA TODO EL MUNDO<\/title>\n<meta name=\"robots\" content=\"index, follow, max-snippet:-1, max-image-preview:large, max-video-preview:-1\" \/>\n<link rel=\"canonical\" href=\"https:\/\/bocaparatodoelmundo.com.ar\/?p=1428\" \/>\n<meta property=\"og:locale\" content=\"es_ES\" \/>\n<meta property=\"og:type\" content=\"article\" \/>\n<meta property=\"og:title\" content=\"Ya esta el diagrama del Apertura 2023 de los Minis - BOCA PARA TODO EL MUNDO\" \/>\n<meta property=\"og:description\" content=\"Se conoci\u00f3 el fixture del equipo de Handball Xeneize en la categor\u00eda Minis Damas y...\" \/>\n<meta property=\"og:url\" content=\"https:\/\/bocaparatodoelmundo.com.ar\/?p=1428\" \/>\n<meta property=\"og:site_name\" content=\"BOCA PARA TODO EL MUNDO\" \/>\n<meta property=\"article:published_time\" content=\"2023-03-29T23:24:05+00:00\" \/>\n<meta property=\"article:modified_time\" content=\"2023-03-29T23:24:07+00:00\" \/>\n<meta property=\"og:image\" content=\"https:\/\/bocaparatodoelmundo.com.ar\/wp-content\/uploads\/2023\/03\/descarga-75.jpg\" \/>\n\t<meta property=\"og:image:width\" content=\"225\" \/>\n\t<meta property=\"og:image:height\" content=\"225\" \/>\n\t<meta property=\"og:image:type\" content=\"image\/jpeg\" \/>\n<meta name=\"author\" content=\"Ignacio Chulia\" \/>\n<meta name=\"twitter:card\" content=\"summary_large_image\" \/>\n<meta name=\"twitter:label1\" content=\"Escrito por\" \/>\n\t<meta name=\"twitter:data1\" content=\"Ignacio Chulia\" \/>\n<script type=\"application\/ld+json\" class=\"yoast-schema-graph\">{\"@context\":\"https:\/\/schema.org\",\"@graph\":[{\"@type\":\"WebPage\",\"@id\":\"https:\/\/bocaparatodoelmundo.com.ar\/?p=1428\",\"url\":\"https:\/\/bocaparatodoelmundo.com.ar\/?p=1428\",\"name\":\"Ya esta el diagrama del Apertura 2023 de los Minis - BOCA PARA TODO EL MUNDO\",\"isPartOf\":{\"@id\":\"https:\/\/bocaparatodoelmundo.com.ar\/#website\"},\"datePublished\":\"2023-03-29T23:24:05+00:00\",\"dateModified\":\"2023-03-29T23:24:07+00:00\",\"author\":{\"@id\":\"https:\/\/bocaparatodoelmundo.com.ar\/#\/schema\/person\/5dbdc935be6051ba5cb6745b36d3c00c\"},\"breadcrumb\":{\"@id\":\"https:\/\/bocaparatodoelmundo.com.ar\/?p=1428#breadcrumb\"},\"inLanguage\":\"es-AR\",\"potentialAction\":[{\"@type\":\"ReadAction\",\"target\":[\"https:\/\/bocaparatodoelmundo.com.ar\/?p=1428\"]}]},{\"@type\":\"BreadcrumbList\",\"@id\":\"https:\/\/bocaparatodoelmundo.com.ar\/?p=1428#breadcrumb\",\"itemListElement\":[{\"@type\":\"ListItem\",\"position\":1,\"name\":\"Inicio\",\"item\":\"https:\/\/bocaparatodoelmundo.com.ar\/\"},{\"@type\":\"ListItem\",\"position\":2,\"name\":\"Ya esta el diagrama del Apertura 2023 de los Minis\"}]},{\"@type\":\"WebSite\",\"@id\":\"https:\/\/bocaparatodoelmundo.com.ar\/#website\",\"url\":\"https:\/\/bocaparatodoelmundo.com.ar\/\",\"name\":\"BOCA PARA TODO EL MUNDO\",\"description\":\"Toda la historia y actualidad del club atletico boca junios esta aqui\",\"potentialAction\":[{\"@type\":\"SearchAction\",\"target\":{\"@type\":\"EntryPoint\",\"urlTemplate\":\"https:\/\/bocaparatodoelmundo.com.ar\/?s={search_term_string}\"},\"query-input\":\"required name=search_term_string\"}],\"inLanguage\":\"es-AR\"},{\"@type\":\"Person\",\"@id\":\"https:\/\/bocaparatodoelmundo.com.ar\/#\/schema\/person\/5dbdc935be6051ba5cb6745b36d3c00c\",\"name\":\"Ignacio Chulia\",\"image\":{\"@type\":\"ImageObject\",\"inLanguage\":\"es-AR\",\"@id\":\"https:\/\/bocaparatodoelmundo.com.ar\/#\/schema\/person\/image\/\",\"url\":\"https:\/\/secure.gravatar.com\/avatar\/ed0ff2363c9d2c3f78f9ce5c1dea06609a99880836a21863e98819afdabc1845?s=96&d=mm&r=g\",\"contentUrl\":\"https:\/\/secure.gravatar.com\/avatar\/ed0ff2363c9d2c3f78f9ce5c1dea06609a99880836a21863e98819afdabc1845?s=96&d=mm&r=g\",\"caption\":\"Ignacio Chulia\"},\"url\":\"https:\/\/bocaparatodoelmundo.com.ar\/?author=5\"}]}<\/script>\n<!-- \/ Yoast SEO plugin. -->","yoast_head_json":{"title":"Ya esta el diagrama del Apertura 2023 de los Minis - BOCA PARA TODO EL MUNDO","robots":{"index":"index","follow":"follow","max-snippet":"max-snippet:-1","max-image-preview":"max-image-preview:large","max-video-preview":"max-video-preview:-1"},"canonical":"https:\/\/bocaparatodoelmundo.com.ar\/?p=1428","og_locale":"es_ES","og_type":"article","og_title":"Ya esta el diagrama del Apertura 2023 de los Minis - BOCA PARA TODO EL MUNDO","og_description":"Se conoci\u00f3 el fixture del equipo de Handball Xeneize en la categor\u00eda Minis Damas y...","og_url":"https:\/\/bocaparatodoelmundo.com.ar\/?p=1428","og_site_name":"BOCA PARA TODO EL MUNDO","article_published_time":"2023-03-29T23:24:05+00:00","article_modified_time":"2023-03-29T23:24:07+00:00","og_image":[{"width":225,"height":225,"url":"https:\/\/bocaparatodoelmundo.com.ar\/wp-content\/uploads\/2023\/03\/descarga-75.jpg","type":"image\/jpeg"}],"author":"Ignacio Chulia","twitter_card":"summary_large_image","twitter_misc":{"Escrito por":"Ignacio Chulia"},"schema":{"@context":"https:\/\/schema.org","@graph":[{"@type":"WebPage","@id":"https:\/\/bocaparatodoelmundo.com.ar\/?p=1428","url":"https:\/\/bocaparatodoelmundo.com.ar\/?p=1428","name":"Ya esta el diagrama del Apertura 2023 de los Minis - BOCA PARA TODO EL MUNDO","isPartOf":{"@id":"https:\/\/bocaparatodoelmundo.com.ar\/#website"},"datePublished":"2023-03-29T23:24:05+00:00","dateModified":"2023-03-29T23:24:07+00:00","author":{"@id":"https:\/\/bocaparatodoelmundo.com.ar\/#\/schema\/person\/5dbdc935be6051ba5cb6745b36d3c00c"},"breadcrumb":{"@id":"https:\/\/bocaparatodoelmundo.com.ar\/?p=1428#breadcrumb"},"inLanguage":"es-AR","potentialAction":[{"@type":"ReadAction","target":["https:\/\/bocaparatodoelmundo.com.ar\/?p=1428"]}]},{"@type":"BreadcrumbList","@id":"https:\/\/bocaparatodoelmundo.com.ar\/?p=1428#breadcrumb","itemListElement":[{"@type":"ListItem","position":1,"name":"Inicio","item":"https:\/\/bocaparatodoelmundo.com.ar\/"},{"@type":"ListItem","position":2,"name":"Ya esta el diagrama del Apertura 2023 de los Minis"}]},{"@type":"WebSite","@id":"https:\/\/bocaparatodoelmundo.com.ar\/#website","url":"https:\/\/bocaparatodoelmundo.com.ar\/","name":"BOCA PARA TODO EL MUNDO","description":"Toda la historia y actualidad del club atletico boca junios esta aqui","potentialAction":[{"@type":"SearchAction","target":{"@type":"EntryPoint","urlTemplate":"https:\/\/bocaparatodoelmundo.com.ar\/?s={search_term_string}"},"query-input":"required name=search_term_string"}],"inLanguage":"es-AR"},{"@type":"Person","@id":"https:\/\/bocaparatodoelmundo.com.ar\/#\/schema\/person\/5dbdc935be6051ba5cb6745b36d3c00c","name":"Ignacio Chulia","image":{"@type":"ImageObject","inLanguage":"es-AR","@id":"https:\/\/bocaparatodoelmundo.com.ar\/#\/schema\/person\/image\/","url":"https:\/\/secure.gravatar.com\/avatar\/ed0ff2363c9d2c3f78f9ce5c1dea06609a99880836a21863e98819afdabc1845?s=96&d=mm&r=g","contentUrl":"https:\/\/secure.gravatar.com\/avatar\/ed0ff2363c9d2c3f78f9ce5c1dea06609a99880836a21863e98819afdabc1845?s=96&d=mm&r=g","caption":"Ignacio Chulia"},"url":"https:\/\/bocaparatodoelmundo.com.ar\/?author=5"}]}},"_links":{"self":[{"href":"https:\/\/bocaparatodoelmundo.com.ar\/index.php?rest_route=\/wp\/v2\/posts\/1428","targetHints":{"allow":["GET"]}}],"collection":[{"href":"https:\/\/bocaparatodoelmundo.com.ar\/index.php?rest_route=\/wp\/v2\/posts"}],"about":[{"href":"https:\/\/bocaparatodoelmundo.com.ar\/index.php?rest_route=\/wp\/v2\/types\/post"}],"author":[{"embeddable":true,"href":"https:\/\/bocaparatodoelmundo.com.ar\/index.php?rest_route=\/wp\/v2\/users\/5"}],"replies":[{"embeddable":true,"href":"https:\/\/bocaparatodoelmundo.com.ar\/index.php?rest_route=%2Fwp%2Fv2%2Fcomments&post=1428"}],"version-history":[{"count":1,"href":"https:\/\/bocaparatodoelmundo.com.ar\/index.php?rest_route=\/wp\/v2\/posts\/1428\/revisions"}],"predecessor-version":[{"id":1431,"href":"https:\/\/bocaparatodoelmundo.com.ar\/index.php?rest_route=\/wp\/v2\/posts\/1428\/revisions\/1431"}],"wp:featuredmedia":[{"embeddable":true,"href":"https:\/\/bocaparatodoelmundo.com.ar\/index.php?rest_route=\/wp\/v2\/media\/1429"}],"wp:attachment":[{"href":"https:\/\/bocaparatodoelmundo.com.ar\/index.php?rest_route=%2Fwp%2Fv2%2Fmedia&parent=1428"}],"wp:term":[{"taxonomy":"category","embeddable":true,"href":"https:\/\/bocaparatodoelmundo.com.ar\/index.php?rest_route=%2Fwp%2Fv2%2Fcategories&post=1428"},{"taxonomy":"post_tag","embeddable":true,"href":"https:\/\/bocaparatodoelmundo.com.ar\/index.php?rest_route=%2Fwp%2Fv2%2Ftags&post=1428"}],"curies":[{"name":"wp","href":"https:\/\/api.w.org\/{rel}","templated":true}]}}