{"id":1405,"date":"2023-03-29T20:22:35","date_gmt":"2023-03-29T23:22:35","guid":{"rendered":"https:\/\/bocaparatodoelmundo.com.ar\/?p=1405"},"modified":"2023-03-29T20:25:45","modified_gmt":"2023-03-29T23:25:45","slug":"herron-dirige-ante-barracas","status":"publish","type":"post","link":"https:\/\/bocaparatodoelmundo.com.ar\/?p=1405","title":{"rendered":"Herr\u00f3n dirige ante Barracas"},"content":{"rendered":"\n<p>El Consejo de F\u00fatbol de Boca decidi\u00f3 que este martes finalizara el ciclo del entrenador Hugo Ibarra en el club. Ante esto, el DT de la Reserva,\u00a0<strong>Mariano Herr\u00f3n, se har\u00e1 cargo de la Primera como interino durante los pr\u00f3ximos dos partidos.<\/strong>\u00a0\u00bfQui\u00e9n es y cu\u00e1l es su v\u00ednculo con Juan Rom\u00e1n Riquelme?<\/p>\n\n\n\n<p>Herr\u00f3n inici\u00f3 su paso en el Xeneize en 2020 gracias a Juan Rom\u00e1n Riquelme.<strong>\u00a0Estuvo presente en los cuerpo t\u00e9cnicos de Miguel \u00c1ngel Russo, de Sebasti\u00e1n Battaglia, y de Ibarra,\u00a0<\/strong>aunque en este \u00faltimo caso por algunos d\u00edas.<\/p>\n\n\n\n<p>Fue as\u00ed que baj\u00f3 a dirigir a la Reserva para reemplazar a Hugo,\u00a0<strong>quien hab\u00eda sido seleccionado como el entrenador definitivo de Boca.<\/strong><\/p>\n\n\n\n<p>\u00abLa gratitud m\u00eda para con Rom\u00e1n es porque yo estoy ac\u00e1 (en Boca) gracias a \u00e9l, es la realidad.&nbsp;<strong>Me invit\u00f3 a formar parte de este proyecto. Agradecido tambi\u00e9n a Miguel (Russo), que acept\u00f3 que yo trabaj\u00e9 con \u00e9l. Pero la invitaci\u00f3n principal fue la de Rom\u00e1n<\/strong>\u00ab, reconoci\u00f3 Herr\u00f3n cuando sali\u00f3 campe\u00f3n con la Reserva.<\/p>\n\n\n\n<p>Y sigui\u00f3: \u00abNos hemos enfrentado muchas veces cuando \u00e9ramos jugadores.\u00a0<strong>Qued\u00f3 en el recuerdo aquel partido en el que lo hice marca personal, porque empatamos y sali\u00f3 bastante bien<\/strong>\u00ab.<\/p>\n\n\n\n<h2 class=\"wp-block-heading\">Juan Rom\u00e1n Riquelme y Mariano Herr\u00f3n: un v\u00ednculo de larga data<\/h2>\n\n\n\n<p>\u00abPero si Rom\u00e1n hubiera hecho alguno de los dos goles que pegaron en los palos nadie se hubiera acordado de Mariano Herr\u00f3n.\u00a0<strong>Son an\u00e9cdotas que quedan: mi relaci\u00f3n con \u00e9l va m\u00e1s all\u00e1 de esos partidos y ahora nos toca trabajar juntos. Nos conocemos desde los 10, 11 a\u00f1os, de las Inferiores de Argentinos<\/strong>\u00ab, complet\u00f3.<\/p>\n\n\n\n<p>A sus 45 a\u00f1os,\u00a0<strong>Herr\u00f3n posee un nutrido palmar\u00e9s pese a su corta participaci\u00f3n en los cuerpos t\u00e9cnicos de Boca.\u00a0<\/strong>Con Russo fue campe\u00f3n de la Superliga 19\/20 y la Copa Maradona 2020, mientras que con Battaglia, de la Copa Argentina 2021 y la Liga Profesional 2022.<\/p>\n\n\n\n<p><\/p>\n","protected":false},"excerpt":{"rendered":"<p>El Consejo de F\u00fatbol de Boca decidi\u00f3 que este martes finalizara el ciclo del entrenador&#8230;<\/p>\n","protected":false},"author":3,"featured_media":1406,"comment_status":"open","ping_status":"open","sticky":false,"template":"","format":"standard","meta":{"footnotes":""},"categories":[4],"tags":[],"class_list":["post-1405","post","type-post","status-publish","format-standard","has-post-thumbnail","hentry","category-primera-division-masculina"],"yoast_head":"<!-- This site is optimized with the Yoast SEO plugin v21.4 - https:\/\/yoast.com\/wordpress\/plugins\/seo\/ -->\n<title>Herr\u00f3n dirige ante Barracas - BOCA PARA TODO EL MUNDO<\/title>\n<meta name=\"robots\" content=\"index, follow, max-snippet:-1, max-image-preview:large, max-video-preview:-1\" \/>\n<link rel=\"canonical\" href=\"https:\/\/bocaparatodoelmundo.com.ar\/?p=1405\" \/>\n<meta property=\"og:locale\" content=\"es_ES\" \/>\n<meta property=\"og:type\" content=\"article\" \/>\n<meta property=\"og:title\" content=\"Herr\u00f3n dirige ante Barracas - BOCA PARA TODO EL MUNDO\" \/>\n<meta property=\"og:description\" content=\"El Consejo de F\u00fatbol de Boca decidi\u00f3 que este martes finalizara el ciclo del entrenador...\" \/>\n<meta property=\"og:url\" content=\"https:\/\/bocaparatodoelmundo.com.ar\/?p=1405\" \/>\n<meta property=\"og:site_name\" content=\"BOCA PARA TODO EL MUNDO\" \/>\n<meta property=\"article:published_time\" content=\"2023-03-29T23:22:35+00:00\" \/>\n<meta property=\"article:modified_time\" content=\"2023-03-29T23:25:45+00:00\" \/>\n<meta property=\"og:image\" content=\"https:\/\/bocaparatodoelmundo.com.ar\/wp-content\/uploads\/2023\/03\/338738892_923594902289831_3141902406636146116_n.webp\" \/>\n\t<meta property=\"og:image:width\" content=\"1200\" \/>\n\t<meta property=\"og:image:height\" content=\"675\" \/>\n\t<meta property=\"og:image:type\" content=\"image\/webp\" \/>\n<meta name=\"author\" content=\"Redaccion BPTM\" \/>\n<meta name=\"twitter:card\" content=\"summary_large_image\" \/>\n<meta name=\"twitter:label1\" content=\"Escrito por\" \/>\n\t<meta name=\"twitter:data1\" content=\"Redaccion BPTM\" \/>\n\t<meta name=\"twitter:label2\" content=\"Tiempo de lectura\" \/>\n\t<meta name=\"twitter:data2\" content=\"2 minutos\" \/>\n<script type=\"application\/ld+json\" class=\"yoast-schema-graph\">{\"@context\":\"https:\/\/schema.org\",\"@graph\":[{\"@type\":\"WebPage\",\"@id\":\"https:\/\/bocaparatodoelmundo.com.ar\/?p=1405\",\"url\":\"https:\/\/bocaparatodoelmundo.com.ar\/?p=1405\",\"name\":\"Herr\u00f3n dirige ante Barracas - BOCA PARA TODO EL MUNDO\",\"isPartOf\":{\"@id\":\"https:\/\/bocaparatodoelmundo.com.ar\/#website\"},\"datePublished\":\"2023-03-29T23:22:35+00:00\",\"dateModified\":\"2023-03-29T23:25:45+00:00\",\"author\":{\"@id\":\"https:\/\/bocaparatodoelmundo.com.ar\/#\/schema\/person\/cc56d27ea9d37f4cea3636086a1847c5\"},\"breadcrumb\":{\"@id\":\"https:\/\/bocaparatodoelmundo.com.ar\/?p=1405#breadcrumb\"},\"inLanguage\":\"es-AR\",\"potentialAction\":[{\"@type\":\"ReadAction\",\"target\":[\"https:\/\/bocaparatodoelmundo.com.ar\/?p=1405\"]}]},{\"@type\":\"BreadcrumbList\",\"@id\":\"https:\/\/bocaparatodoelmundo.com.ar\/?p=1405#breadcrumb\",\"itemListElement\":[{\"@type\":\"ListItem\",\"position\":1,\"name\":\"Inicio\",\"item\":\"https:\/\/bocaparatodoelmundo.com.ar\/\"},{\"@type\":\"ListItem\",\"position\":2,\"name\":\"Herr\u00f3n dirige ante Barracas\"}]},{\"@type\":\"WebSite\",\"@id\":\"https:\/\/bocaparatodoelmundo.com.ar\/#website\",\"url\":\"https:\/\/bocaparatodoelmundo.com.ar\/\",\"name\":\"BOCA PARA TODO EL MUNDO\",\"description\":\"Toda la historia y actualidad del club atletico boca junios esta aqui\",\"potentialAction\":[{\"@type\":\"SearchAction\",\"target\":{\"@type\":\"EntryPoint\",\"urlTemplate\":\"https:\/\/bocaparatodoelmundo.com.ar\/?s={search_term_string}\"},\"query-input\":\"required name=search_term_string\"}],\"inLanguage\":\"es-AR\"},{\"@type\":\"Person\",\"@id\":\"https:\/\/bocaparatodoelmundo.com.ar\/#\/schema\/person\/cc56d27ea9d37f4cea3636086a1847c5\",\"name\":\"Redaccion BPTM\",\"image\":{\"@type\":\"ImageObject\",\"inLanguage\":\"es-AR\",\"@id\":\"https:\/\/bocaparatodoelmundo.com.ar\/#\/schema\/person\/image\/\",\"url\":\"https:\/\/secure.gravatar.com\/avatar\/3b62665b8c08843736974a055cc2398ba6bb7fd2fe787285105d666c418a7d13?s=96&d=mm&r=g\",\"contentUrl\":\"https:\/\/secure.gravatar.com\/avatar\/3b62665b8c08843736974a055cc2398ba6bb7fd2fe787285105d666c418a7d13?s=96&d=mm&r=g\",\"caption\":\"Redaccion BPTM\"},\"sameAs\":[\"http:\/\/bocaparatodoelmundo.com.ar\"],\"url\":\"https:\/\/bocaparatodoelmundo.com.ar\/?author=3\"}]}<\/script>\n<!-- \/ Yoast SEO plugin. -->","yoast_head_json":{"title":"Herr\u00f3n dirige ante Barracas - BOCA PARA TODO EL MUNDO","robots":{"index":"index","follow":"follow","max-snippet":"max-snippet:-1","max-image-preview":"max-image-preview:large","max-video-preview":"max-video-preview:-1"},"canonical":"https:\/\/bocaparatodoelmundo.com.ar\/?p=1405","og_locale":"es_ES","og_type":"article","og_title":"Herr\u00f3n dirige ante Barracas - BOCA PARA TODO EL MUNDO","og_description":"El Consejo de F\u00fatbol de Boca decidi\u00f3 que este martes finalizara el ciclo del entrenador...","og_url":"https:\/\/bocaparatodoelmundo.com.ar\/?p=1405","og_site_name":"BOCA PARA TODO EL MUNDO","article_published_time":"2023-03-29T23:22:35+00:00","article_modified_time":"2023-03-29T23:25:45+00:00","og_image":[{"width":1200,"height":675,"url":"https:\/\/bocaparatodoelmundo.com.ar\/wp-content\/uploads\/2023\/03\/338738892_923594902289831_3141902406636146116_n.webp","type":"image\/webp"}],"author":"Redaccion BPTM","twitter_card":"summary_large_image","twitter_misc":{"Escrito por":"Redaccion BPTM","Tiempo de lectura":"2 minutos"},"schema":{"@context":"https:\/\/schema.org","@graph":[{"@type":"WebPage","@id":"https:\/\/bocaparatodoelmundo.com.ar\/?p=1405","url":"https:\/\/bocaparatodoelmundo.com.ar\/?p=1405","name":"Herr\u00f3n dirige ante Barracas - BOCA PARA TODO EL MUNDO","isPartOf":{"@id":"https:\/\/bocaparatodoelmundo.com.ar\/#website"},"datePublished":"2023-03-29T23:22:35+00:00","dateModified":"2023-03-29T23:25:45+00:00","author":{"@id":"https:\/\/bocaparatodoelmundo.com.ar\/#\/schema\/person\/cc56d27ea9d37f4cea3636086a1847c5"},"breadcrumb":{"@id":"https:\/\/bocaparatodoelmundo.com.ar\/?p=1405#breadcrumb"},"inLanguage":"es-AR","potentialAction":[{"@type":"ReadAction","target":["https:\/\/bocaparatodoelmundo.com.ar\/?p=1405"]}]},{"@type":"BreadcrumbList","@id":"https:\/\/bocaparatodoelmundo.com.ar\/?p=1405#breadcrumb","itemListElement":[{"@type":"ListItem","position":1,"name":"Inicio","item":"https:\/\/bocaparatodoelmundo.com.ar\/"},{"@type":"ListItem","position":2,"name":"Herr\u00f3n dirige ante Barracas"}]},{"@type":"WebSite","@id":"https:\/\/bocaparatodoelmundo.com.ar\/#website","url":"https:\/\/bocaparatodoelmundo.com.ar\/","name":"BOCA PARA TODO EL MUNDO","description":"Toda la historia y actualidad del club atletico boca junios esta aqui","potentialAction":[{"@type":"SearchAction","target":{"@type":"EntryPoint","urlTemplate":"https:\/\/bocaparatodoelmundo.com.ar\/?s={search_term_string}"},"query-input":"required name=search_term_string"}],"inLanguage":"es-AR"},{"@type":"Person","@id":"https:\/\/bocaparatodoelmundo.com.ar\/#\/schema\/person\/cc56d27ea9d37f4cea3636086a1847c5","name":"Redaccion BPTM","image":{"@type":"ImageObject","inLanguage":"es-AR","@id":"https:\/\/bocaparatodoelmundo.com.ar\/#\/schema\/person\/image\/","url":"https:\/\/secure.gravatar.com\/avatar\/3b62665b8c08843736974a055cc2398ba6bb7fd2fe787285105d666c418a7d13?s=96&d=mm&r=g","contentUrl":"https:\/\/secure.gravatar.com\/avatar\/3b62665b8c08843736974a055cc2398ba6bb7fd2fe787285105d666c418a7d13?s=96&d=mm&r=g","caption":"Redaccion BPTM"},"sameAs":["http:\/\/bocaparatodoelmundo.com.ar"],"url":"https:\/\/bocaparatodoelmundo.com.ar\/?author=3"}]}},"_links":{"self":[{"href":"https:\/\/bocaparatodoelmundo.com.ar\/index.php?rest_route=\/wp\/v2\/posts\/1405","targetHints":{"allow":["GET"]}}],"collection":[{"href":"https:\/\/bocaparatodoelmundo.com.ar\/index.php?rest_route=\/wp\/v2\/posts"}],"about":[{"href":"https:\/\/bocaparatodoelmundo.com.ar\/index.php?rest_route=\/wp\/v2\/types\/post"}],"author":[{"embeddable":true,"href":"https:\/\/bocaparatodoelmundo.com.ar\/index.php?rest_route=\/wp\/v2\/users\/3"}],"replies":[{"embeddable":true,"href":"https:\/\/bocaparatodoelmundo.com.ar\/index.php?rest_route=%2Fwp%2Fv2%2Fcomments&post=1405"}],"version-history":[{"count":1,"href":"https:\/\/bocaparatodoelmundo.com.ar\/index.php?rest_route=\/wp\/v2\/posts\/1405\/revisions"}],"predecessor-version":[{"id":1407,"href":"https:\/\/bocaparatodoelmundo.com.ar\/index.php?rest_route=\/wp\/v2\/posts\/1405\/revisions\/1407"}],"wp:featuredmedia":[{"embeddable":true,"href":"https:\/\/bocaparatodoelmundo.com.ar\/index.php?rest_route=\/wp\/v2\/media\/1406"}],"wp:attachment":[{"href":"https:\/\/bocaparatodoelmundo.com.ar\/index.php?rest_route=%2Fwp%2Fv2%2Fmedia&parent=1405"}],"wp:term":[{"taxonomy":"category","embeddable":true,"href":"https:\/\/bocaparatodoelmundo.com.ar\/index.php?rest_route=%2Fwp%2Fv2%2Fcategories&post=1405"},{"taxonomy":"post_tag","embeddable":true,"href":"https:\/\/bocaparatodoelmundo.com.ar\/index.php?rest_route=%2Fwp%2Fv2%2Ftags&post=1405"}],"curies":[{"name":"wp","href":"https:\/\/api.w.org\/{rel}","templated":true}]}}