{"id":1402,"date":"2023-03-29T20:25:00","date_gmt":"2023-03-29T23:25:00","guid":{"rendered":"https:\/\/bocaparatodoelmundo.com.ar\/?p=1402"},"modified":"2023-03-29T20:26:20","modified_gmt":"2023-03-29T23:26:20","slug":"martino-el-elegido-del-consejo","status":"publish","type":"post","link":"https:\/\/bocaparatodoelmundo.com.ar\/?p=1402","title":{"rendered":"Martino, el elegido del Consejo"},"content":{"rendered":"\n<h4 class=\"wp-block-heading\"><strong>Gerardo Martino, de \u00faltimo paso por la&nbsp;<a href=\"https:\/\/www.espn.com.ar\/futbol\/mundial\/nota\/_\/id\/10609014\/mexico-la-tri-seleccion-perfil-figuras-estilo-de-juego-historia-copa-del-mundo-qatar-2022-grupo-c\" target=\"_blank\" rel=\"noreferrer noopener\">Selecci\u00f3n de M\u00e9xico<\/a>&nbsp;que disput\u00f3 la&nbsp;<a href=\"https:\/\/www.espn.com.ar\/futbol\/liga\/_\/nombre\/fifa.world\/fifa-world\" target=\"_blank\" rel=\"noreferrer noopener\">Copa del Mundo de Qatar 2022<\/a>,<\/strong>&nbsp;es uno de los entrenadores argentinos m\u00e1s experientados en la actualidad y este es un repaso por su carrera como jugador profesional y DT.<\/h4>\n\n\n\n<p>Nacido en Rosario el 20 de noviembre de 1962, el &#8216;Tata&#8217;, tuvo una&nbsp;<strong>carrera de casi 20 a\u00f1os como futbolista profesional&nbsp;<\/strong>antes de convertirse en entrenador. Se form\u00f3 en las inferiores de&nbsp;<strong><a href=\"https:\/\/www.espn.com.ar\/futbol\/equipo\/_\/id\/14\/newells-old-boys\" target=\"_blank\" rel=\"noreferrer noopener\">Newell&#8217;s<\/a>&nbsp;<\/strong>y estuvo en el primer equipo por 11 a\u00f1os. Durante ese tiempo, logr\u00f3 un t\u00edulo, el Campeonato de Primera Divisi\u00f3n 1987-1988.<\/p>\n\n\n\n<p>En&nbsp;<strong>1991<\/strong>, tuvo la oportunidad de emigrar al viejo continente para&nbsp;<strong>jugar a pr\u00e9stamo con&nbsp;<a href=\"https:\/\/www.espn.com.ar\/futbol\/equipo\/_\/id\/245\/tenerife\" target=\"_blank\" rel=\"noreferrer noopener\">Tenerife<\/a><\/strong>, pero&nbsp;<strong>no logr\u00f3 adaptarse&nbsp;<\/strong><strong>y regres\u00f3 al pa\u00eds solo tres meses despu\u00e9s&nbsp;<\/strong>de haberse marchado. En su vuelta, gana el Campeonato 1990-91 y el Torneo Clausura 1992.<\/p>\n\n\n\n<p>En 1994, Martino sali\u00f3 por segunda ocasi\u00f3n de Newell&#8217;s para jugar con&nbsp;<strong><a href=\"https:\/\/www.espn.com.ar\/futbol\/equipo\/_\/id\/12\/lanus\" target=\"_blank\" rel=\"noreferrer noopener\">Lan\u00fas<\/a><\/strong>&nbsp;un a\u00f1o y luego regresar a la &#8216;Lepra&#8217;. En 1996, volvi\u00f3 a marcharse de la instituci\u00f3n rosarina para jugar una temporada y media en&nbsp;<strong><a href=\"https:\/\/www.espn.com.ar\/futbol\/equipo\/_\/id\/2686\/barcelona-sc\" target=\"_blank\" rel=\"noreferrer noopener\">Barcelona de Ecuador<\/a>&nbsp;y<\/strong>&nbsp;en&nbsp;<strong>1997<\/strong>,&nbsp;<strong>el &#8216;Tata&#8217; decidi\u00f3 poner fin a su etapa como jugador profesional&nbsp;<\/strong>tras seis meses en&nbsp;<strong><a href=\"https:\/\/www.espn.com.ar\/futbol\/equipo\/_\/id\/6072\/ohiggins\" target=\"_blank\" rel=\"noreferrer noopener\">O&#8217;Higgins de Chile<\/a><\/strong>.<\/p>\n\n\n\n<p>Culminada su carrera como jugaro, Martino estuvo un a\u00f1o alejado de las canchas y en&nbsp;<strong>1998 tom\u00f3 su primer reto como director t\u00e9cnico al frente de Brown de Arrecifes<\/strong>. y doce meses m\u00e1s tarde, tomar\u00eda las riendas del&nbsp;<strong><a href=\"http:\/\/futbol\/equipo\/_\/id\/7764\/platense\" target=\"_blank\" rel=\"noreferrer noopener\">Platense<\/a><\/strong>.<\/p>\n\n\n\n<p>En el a\u00f1o&nbsp;<strong>2000<\/strong>,&nbsp;<strong>Central C\u00f3rdoba de Rosario<\/strong>&nbsp;se convirti\u00f3 en su tercer equipo y tras pasar por&nbsp;<strong><a href=\"https:\/\/www.espn.com.ar\/futbol\/equipo\/_\/id\/2670\/libertad\" target=\"_blank\" rel=\"noreferrer noopener\">Libertad<\/a><\/strong>,&nbsp;<strong><a href=\"https:\/\/www.espn.com.ar\/futbol\/equipo\/_\/id\/2671\/cerro-porteno\" target=\"_blank\" rel=\"noreferrer noopener\">Cerro Porte\u00f1o<\/a><\/strong>&nbsp;y&nbsp;<strong><a href=\"https:\/\/www.espn.com.ar\/futbol\/equipo\/_\/id\/7\/colon-santa-fe\" target=\"_blank\" rel=\"noreferrer noopener\">Col\u00f3n<\/a><\/strong>,&nbsp;<strong>entre 2002 y 2006<\/strong>, periodo en el cual gan\u00f3 tres t\u00edtulos de Primera Divisi\u00f3n del f\u00fatbol paraguayo,&nbsp;<strong>se convirti\u00f3 en estratega de la Selecci\u00f3n de Paraguay para afrontar el proceso mundialista de Sud\u00e1frica 2010.<\/strong><\/p>\n\n\n\n<p>Despu\u00e9s de grandes actuaciones en las&nbsp;<strong><a href=\"https:\/\/www.espn.com.ar\/futbol\/liga\/_\/nombre\/fifa.worldq.conmebol\/eliminatorias-conmebol\" target=\"_blank\" rel=\"noreferrer noopener\">Eliminatorias de la Conmebol<\/a><\/strong>, Paraguay gan\u00f3 uno de los boletos para Sud\u00e1frica 2010 al finalizar en el tercer lugar de la clasificaci\u00f3n. El combinado guaran\u00ed sum\u00f3 33 puntos, uno menos que&nbsp;<strong><a href=\"https:\/\/www.espn.com.ar\/futbol\/mundial\/nota\/_\/id\/10644949\/brasil-seleccion-perfil-figuras-estilo-de-juego-historia-copa-del-mundo-qatar-2022-grupo-g\" target=\"_blank\" rel=\"noreferrer noopener\">Brasil<\/a><\/strong>, l\u00edder de las eliminatorias.<\/p>\n\n\n\n<p>En la Copa del Mundo,&nbsp;<strong>Martino llev\u00f3 a Paraguay hasta los cuartos de final&nbsp;<\/strong>tras una complicada fase de grupos<strong>&nbsp;<\/strong>en la que empat\u00f3 con Italia y Nueva Zelanda, pero un triunfo ante Eslovaquia fue clave para clasificarse a octavos de final, instancia en la cual venci\u00f3 a&nbsp;<strong><a href=\"https:\/\/www.espn.com.ar\/futbol\/mundial\/nota\/_\/id\/10625644\/japon-seleccion-nipon-perfil-figuras-estilo-de-juego-historia-copa-del-mundo-qatar-2022-grupo-e\" target=\"_blank\" rel=\"noreferrer noopener\">Jap\u00f3n<\/a><\/strong>&nbsp;en serie de penales.<\/p>\n\n\n\n<p>En el quinto partido de la competencia, Paraguay se midi\u00f3 a&nbsp;<strong><a href=\"https:\/\/www.espn.com.ar\/futbol\/mundial\/nota\/_\/id\/10613681\/espana-seleccion-perfil-figuras-estilo-de-juego-historia-copa-del-mundo-qatar-2022-grupo-e\" target=\"_blank\" rel=\"noreferrer noopener\">Espa\u00f1a<\/a><\/strong>, que ser\u00eda campeona, en lo que termin\u00f3 siendo uno de los mejores partidos del Mundial. A siete minutos del final, David Villa anot\u00f3 el \u00fanico gol y elimin\u00f3 a &#8216;La Albirroja&#8217;.<\/p>\n\n\n\n<p>Tras la gran actuaci\u00f3n en Sud\u00e1frica 2010, El &#8216;Tata&#8217; se mantuvo en el cargo y llev\u00f3 al combinado guaran\u00ed hasta la&nbsp;<strong>gran final de la Copa Am\u00e9rica 2011<\/strong>. Su equipo dej\u00f3 en el camino a Brasil y Venezuela, pero en el partido por el t\u00edtulo, cay\u00f3 frente a&nbsp;<strong><a href=\"https:\/\/www.espn.com.ar\/futbol\/mundial\/nota\/_\/id\/10557352\/uruguay-seleccion-celeste-perfil-figuras-estilo-de-juego-historia-copa-del-mundo-qatar-2022\" target=\"_blank\" rel=\"noreferrer noopener\">Uruguay<\/a><\/strong>&nbsp;<strong>por 3-0<\/strong>.<\/p>\n\n\n\n<p>A pesar del buen nivel del equipo,&nbsp;<strong>Martino decidi\u00f3 terminar su relaci\u00f3n con Paraguay y en 2012 tom\u00f3 las riendas del club de sus amores: Newell&#8217;s<\/strong>.<\/p>\n\n\n\n<p>El conjunto de &#8216;La Lepra&#8217; estaba pasando por una etapa dif\u00edcil e incluso estaba en riesgo de perder la categor\u00eda, sin embargo, el &#8216;Tata&#8217; logr\u00f3 revertir el mal momento hasta el punto de lograr sacar campe\u00f3n al equipo en la Primera Divisi\u00f3n y a ser protagonista en la&nbsp;<strong><a href=\"https:\/\/www.espn.com.ar\/futbol\/liga\/_\/nombre\/conmebol.libertadores\/copa-libertadores\" target=\"_blank\" rel=\"noreferrer noopener\">Copa Libertadores<\/a><\/strong>.<\/p>\n\n\n\n<p>Las actuaciones de Martino al frente de Newell&#8217;s llamaron la atenci\u00f3n de clubes europeos y&nbsp;<strong><a href=\"https:\/\/www.espn.com.ar\/futbol\/equipo\/_\/id\/83\/barcelona\" target=\"_blank\" rel=\"noreferrer noopener\">Barcelona<\/a><\/strong>&nbsp;<strong>termino haci\u00e9ndose de sus servicios con&nbsp;<a href=\"https:\/\/www.espn.com.ar\/futbol\/jugador\/_\/id\/45843\/lionel-messi\" target=\"_blank\" rel=\"noreferrer noopener\">Lionel Messi<\/a><\/strong>&nbsp;<strong>apoyando su contrataci\u00f3n<\/strong>.<\/p>\n\n\n\n<p>El DT argentino inici\u00f3 de buena manera su gesti\u00f3n al frente del conjunto &#8216;Cul\u00e9&#8217; al&nbsp;<strong>ganar la&nbsp;<a href=\"https:\/\/www.espn.com.ar\/futbol\/liga\/_\/nombre\/esp.super_cup\" target=\"_blank\" rel=\"noreferrer noopener\">Supercopa de Espa\u00f1a<\/a><\/strong>, pero el resto de la temporada result\u00f3 decepcionante en cuanto a los resultados. Perdi\u00f3 el t\u00edtulo de&nbsp;<strong><a href=\"https:\/\/www.espn.com.ar\/futbol\/liga\/_\/nombre\/esp.1\/primera-division-de-espana\" target=\"_blank\" rel=\"noreferrer noopener\">LaLiga<\/a><\/strong>&nbsp;contra&nbsp;<strong><a href=\"https:\/\/www.espn.com.ar\/futbol\/equipo\/_\/id\/1068\/atletico-madrid\" target=\"_blank\" rel=\"noreferrer noopener\">Atl\u00e9tico Madrid<\/a>&nbsp;<\/strong>en la \u00faltima fecha y tambi\u00e9n en la&nbsp;<strong><a href=\"https:\/\/www.espn.com.ar\/futbol\/liga\/_\/nombre\/uefa.champions\/uefa-champions-league\" target=\"_blank\" rel=\"noreferrer noopener\">UEFA Champions League<\/a>,&nbsp;<\/strong>fue eliminador por el conjunto &#8216;Colchonero&#8217; en los cuartos de final.<\/p>\n\n\n\n<p>Al finalizar la campa\u00f1a, Martino fue despedido como director t\u00e9cnico del conjunto catal\u00e1n, pero r\u00e1pidamente&nbsp;<strong>fue nombrado entrenador de la&nbsp;<a href=\"https:\/\/www.espn.com.ar\/futbol\/mundial\/nota\/_\/id\/10604351\/argentina-seleccion-perfil-figuras-estilo-de-juego-historia-copa-del-mundo-qatar-2022-grupo-c\" target=\"_blank\" rel=\"noreferrer noopener\">Selecci\u00f3n Argentina<\/a><\/strong>, que ven\u00eda de ser subcampeona del Mundial de Brasil 2014.<\/p>\n\n\n\n<p>Con la Albiceleste, el &#8216;Tata&#8217; estuvo muy cerca de firmar actuaciones hist\u00f3ricas.&nbsp;<strong>En la Copa Am\u00e9rica 2015, el t\u00e9cnico llev\u00f3 a Argentina hasta la final, pero Chile se qued\u00f3 con el t\u00edtulo sudamericano<\/strong>. Un a\u00f1o m\u00e1s tarde, Martino y compa\u00f1\u00eda llegaron nuevamente a la final de Copa Am\u00e9rica Centenario, pero cayeron otra vez contra Chile.<\/p>\n\n\n\n<p><strong>Despu\u00e9s de perder su segunda final consecutiva con Argentina, Martino termin\u00f3 su historia con la Albiceleste y seis meses m\u00e1s tarde fue presentado como director t\u00e9cnico de&nbsp;<a href=\"https:\/\/www.espn.com.ar\/futbol\/equipo\/_\/id\/18418\/atlanta-united-fc\" target=\"_blank\" rel=\"noreferrer noopener\">Atlanta United<\/a><\/strong>, equipo con el que volver\u00eda a disfrutar de una etapa exitosa, obteniendo el&nbsp;<strong>t\u00edtulo de la&nbsp;<a href=\"https:\/\/www.espn.com.ar\/futbol\/liga\/_\/nombre\/usa.1\" target=\"_blank\" rel=\"noreferrer noopener\">MLS<\/a><\/strong>.<\/p>\n\n\n\n<p>Tras dos a\u00f1os en Estados Unidos,&nbsp;<strong>Gerardo Martino fue presentado como entrenador de la&nbsp;<a href=\"https:\/\/www.espn.com.ar\/futbol\/equipo\/_\/id\/203\/mexico\" target=\"_blank\" rel=\"noreferrer noopener\">Selecci\u00f3n Mexicana<\/a>&nbsp;en 2019<\/strong>&nbsp;<strong>y en su primera conferencia de prensa asegur\u00f3 que su meta principal era hacer historia con la Tri y clasificar a los cuartos de final de Qatar 2022.<\/strong><\/p>\n\n\n\n<p>El primer a\u00f1o de el &#8216;Tata&#8217; al frente de M\u00e9xico fue muy positivo , donde la Selecci\u00f3n logr\u00f3 la&nbsp;<strong><a href=\"https:\/\/www.espn.com.ar\/futbol\/liga\/_\/nombre\/concacaf.gold\" target=\"_blank\" rel=\"noreferrer noopener\">Copa Oro<\/a><\/strong>&nbsp;<strong>2019. Pero las derrotas en las finales&nbsp;<\/strong><strong>de la&nbsp;<a href=\"https:\/\/www.espn.com.ar\/futbol\/liga\/_\/nombre\/concacaf.nations.league\" target=\"_blank\" rel=\"noreferrer noopener\">Liga de Naciones de la Concacaf<\/a><\/strong>&nbsp;<strong>y de la Copa Oro ante&nbsp;<a href=\"https:\/\/www.espn.com.ar\/futbol\/equipo\/_\/id\/660\/estados-unidos\" target=\"_blank\" rel=\"noreferrer noopener\">Estados Unidos<\/a><\/strong>, sumado el bajo nivel mostrado en las&nbsp;<strong><a href=\"https:\/\/www.espn.com.ar\/futbol\/liga\/_\/nombre\/fifa.worldq.concacaf\" target=\"_blank\" rel=\"noreferrer noopener\">Eliminatorias<\/a><\/strong>&nbsp;<strong>y las pol\u00e9micas por la ausencia de&nbsp;<a href=\"https:\/\/www.espn.com.ar\/futbol\/jugador\/_\/id\/146419\/javier-hernandez\" target=\"_blank\" rel=\"noreferrer noopener\">Javier Hern\u00e1ndez<\/a><\/strong>&nbsp;y otros jugadores importantes de la&nbsp;<strong><a href=\"https:\/\/www.espn.com.ar\/futbol\/liga\/_\/nombre\/mex.1\" target=\"_blank\" rel=\"noreferrer noopener\">Liga MX<\/a><\/strong>&nbsp;en sus convocatorias, hicieron mella con los hinchas.<\/p>\n\n\n\n<p>Pese a todo esto, el &#8216;Tata&#8217; se mantuvo en el cargo y llev\u00f3 a M\u00e9xico a Qatar 2022, donde no pudo avanzar de la Fase de Grupos por diferencia de gol. Igual\u00f3 en cero con Polonia, perdi\u00f3 ante Argentina por 2-0 y venci\u00f3 a Arabia Saudita por 2-1.<\/p>\n\n\n\n<p>Consumada la eliminaci\u00f3n, Martino dej\u00f3 de ser el entrenador de la Selecci\u00f3n de M\u00e9xico y desde ese momento est\u00e1 sin trabajo.<\/p>\n","protected":false},"excerpt":{"rendered":"<p>Gerardo Martino, de \u00faltimo paso por la&nbsp;Selecci\u00f3n de M\u00e9xico&nbsp;que disput\u00f3 la&nbsp;Copa del Mundo de Qatar&#8230;<\/p>\n","protected":false},"author":3,"featured_media":1403,"comment_status":"open","ping_status":"open","sticky":false,"template":"","format":"standard","meta":{"footnotes":""},"categories":[4],"tags":[],"class_list":["post-1402","post","type-post","status-publish","format-standard","has-post-thumbnail","hentry","category-primera-division-masculina"],"yoast_head":"<!-- This site is optimized with the Yoast SEO plugin v21.4 - https:\/\/yoast.com\/wordpress\/plugins\/seo\/ -->\n<title>Martino, el elegido del Consejo - BOCA PARA TODO EL MUNDO<\/title>\n<meta name=\"robots\" content=\"index, follow, max-snippet:-1, max-image-preview:large, max-video-preview:-1\" \/>\n<link rel=\"canonical\" href=\"https:\/\/bocaparatodoelmundo.com.ar\/?p=1402\" \/>\n<meta property=\"og:locale\" content=\"es_ES\" \/>\n<meta property=\"og:type\" content=\"article\" \/>\n<meta property=\"og:title\" content=\"Martino, el elegido del Consejo - BOCA PARA TODO EL MUNDO\" \/>\n<meta property=\"og:description\" content=\"Gerardo Martino, de \u00faltimo paso por la&nbsp;Selecci\u00f3n de M\u00e9xico&nbsp;que disput\u00f3 la&nbsp;Copa del Mundo de Qatar...\" \/>\n<meta property=\"og:url\" content=\"https:\/\/bocaparatodoelmundo.com.ar\/?p=1402\" \/>\n<meta property=\"og:site_name\" content=\"BOCA PARA TODO EL MUNDO\" \/>\n<meta property=\"article:published_time\" content=\"2023-03-29T23:25:00+00:00\" \/>\n<meta property=\"article:modified_time\" content=\"2023-03-29T23:26:20+00:00\" \/>\n<meta property=\"og:image\" content=\"https:\/\/bocaparatodoelmundo.com.ar\/wp-content\/uploads\/2023\/03\/kjs4fsv2s32gfhv6ss4s2sb.jpg_190851180.webp\" \/>\n\t<meta property=\"og:image:width\" content=\"397\" \/>\n\t<meta property=\"og:image:height\" content=\"305\" \/>\n\t<meta property=\"og:image:type\" content=\"image\/webp\" \/>\n<meta name=\"author\" content=\"Redaccion BPTM\" \/>\n<meta name=\"twitter:card\" content=\"summary_large_image\" \/>\n<meta name=\"twitter:label1\" content=\"Escrito por\" \/>\n\t<meta name=\"twitter:data1\" content=\"Redaccion BPTM\" \/>\n\t<meta name=\"twitter:label2\" content=\"Tiempo de lectura\" \/>\n\t<meta name=\"twitter:data2\" content=\"6 minutos\" \/>\n<script type=\"application\/ld+json\" class=\"yoast-schema-graph\">{\"@context\":\"https:\/\/schema.org\",\"@graph\":[{\"@type\":\"WebPage\",\"@id\":\"https:\/\/bocaparatodoelmundo.com.ar\/?p=1402\",\"url\":\"https:\/\/bocaparatodoelmundo.com.ar\/?p=1402\",\"name\":\"Martino, el elegido del Consejo - BOCA PARA TODO EL MUNDO\",\"isPartOf\":{\"@id\":\"https:\/\/bocaparatodoelmundo.com.ar\/#website\"},\"datePublished\":\"2023-03-29T23:25:00+00:00\",\"dateModified\":\"2023-03-29T23:26:20+00:00\",\"author\":{\"@id\":\"https:\/\/bocaparatodoelmundo.com.ar\/#\/schema\/person\/cc56d27ea9d37f4cea3636086a1847c5\"},\"breadcrumb\":{\"@id\":\"https:\/\/bocaparatodoelmundo.com.ar\/?p=1402#breadcrumb\"},\"inLanguage\":\"es-AR\",\"potentialAction\":[{\"@type\":\"ReadAction\",\"target\":[\"https:\/\/bocaparatodoelmundo.com.ar\/?p=1402\"]}]},{\"@type\":\"BreadcrumbList\",\"@id\":\"https:\/\/bocaparatodoelmundo.com.ar\/?p=1402#breadcrumb\",\"itemListElement\":[{\"@type\":\"ListItem\",\"position\":1,\"name\":\"Inicio\",\"item\":\"https:\/\/bocaparatodoelmundo.com.ar\/\"},{\"@type\":\"ListItem\",\"position\":2,\"name\":\"Martino, el elegido del Consejo\"}]},{\"@type\":\"WebSite\",\"@id\":\"https:\/\/bocaparatodoelmundo.com.ar\/#website\",\"url\":\"https:\/\/bocaparatodoelmundo.com.ar\/\",\"name\":\"BOCA PARA TODO EL MUNDO\",\"description\":\"Toda la historia y actualidad del club atletico boca junios esta aqui\",\"potentialAction\":[{\"@type\":\"SearchAction\",\"target\":{\"@type\":\"EntryPoint\",\"urlTemplate\":\"https:\/\/bocaparatodoelmundo.com.ar\/?s={search_term_string}\"},\"query-input\":\"required name=search_term_string\"}],\"inLanguage\":\"es-AR\"},{\"@type\":\"Person\",\"@id\":\"https:\/\/bocaparatodoelmundo.com.ar\/#\/schema\/person\/cc56d27ea9d37f4cea3636086a1847c5\",\"name\":\"Redaccion BPTM\",\"image\":{\"@type\":\"ImageObject\",\"inLanguage\":\"es-AR\",\"@id\":\"https:\/\/bocaparatodoelmundo.com.ar\/#\/schema\/person\/image\/\",\"url\":\"https:\/\/secure.gravatar.com\/avatar\/3b62665b8c08843736974a055cc2398ba6bb7fd2fe787285105d666c418a7d13?s=96&d=mm&r=g\",\"contentUrl\":\"https:\/\/secure.gravatar.com\/avatar\/3b62665b8c08843736974a055cc2398ba6bb7fd2fe787285105d666c418a7d13?s=96&d=mm&r=g\",\"caption\":\"Redaccion BPTM\"},\"sameAs\":[\"http:\/\/bocaparatodoelmundo.com.ar\"],\"url\":\"https:\/\/bocaparatodoelmundo.com.ar\/?author=3\"}]}<\/script>\n<!-- \/ Yoast SEO plugin. -->","yoast_head_json":{"title":"Martino, el elegido del Consejo - BOCA PARA TODO EL MUNDO","robots":{"index":"index","follow":"follow","max-snippet":"max-snippet:-1","max-image-preview":"max-image-preview:large","max-video-preview":"max-video-preview:-1"},"canonical":"https:\/\/bocaparatodoelmundo.com.ar\/?p=1402","og_locale":"es_ES","og_type":"article","og_title":"Martino, el elegido del Consejo - BOCA PARA TODO EL MUNDO","og_description":"Gerardo Martino, de \u00faltimo paso por la&nbsp;Selecci\u00f3n de M\u00e9xico&nbsp;que disput\u00f3 la&nbsp;Copa del Mundo de Qatar...","og_url":"https:\/\/bocaparatodoelmundo.com.ar\/?p=1402","og_site_name":"BOCA PARA TODO EL MUNDO","article_published_time":"2023-03-29T23:25:00+00:00","article_modified_time":"2023-03-29T23:26:20+00:00","og_image":[{"width":397,"height":305,"url":"https:\/\/bocaparatodoelmundo.com.ar\/wp-content\/uploads\/2023\/03\/kjs4fsv2s32gfhv6ss4s2sb.jpg_190851180.webp","type":"image\/webp"}],"author":"Redaccion BPTM","twitter_card":"summary_large_image","twitter_misc":{"Escrito por":"Redaccion BPTM","Tiempo de lectura":"6 minutos"},"schema":{"@context":"https:\/\/schema.org","@graph":[{"@type":"WebPage","@id":"https:\/\/bocaparatodoelmundo.com.ar\/?p=1402","url":"https:\/\/bocaparatodoelmundo.com.ar\/?p=1402","name":"Martino, el elegido del Consejo - BOCA PARA TODO EL MUNDO","isPartOf":{"@id":"https:\/\/bocaparatodoelmundo.com.ar\/#website"},"datePublished":"2023-03-29T23:25:00+00:00","dateModified":"2023-03-29T23:26:20+00:00","author":{"@id":"https:\/\/bocaparatodoelmundo.com.ar\/#\/schema\/person\/cc56d27ea9d37f4cea3636086a1847c5"},"breadcrumb":{"@id":"https:\/\/bocaparatodoelmundo.com.ar\/?p=1402#breadcrumb"},"inLanguage":"es-AR","potentialAction":[{"@type":"ReadAction","target":["https:\/\/bocaparatodoelmundo.com.ar\/?p=1402"]}]},{"@type":"BreadcrumbList","@id":"https:\/\/bocaparatodoelmundo.com.ar\/?p=1402#breadcrumb","itemListElement":[{"@type":"ListItem","position":1,"name":"Inicio","item":"https:\/\/bocaparatodoelmundo.com.ar\/"},{"@type":"ListItem","position":2,"name":"Martino, el elegido del Consejo"}]},{"@type":"WebSite","@id":"https:\/\/bocaparatodoelmundo.com.ar\/#website","url":"https:\/\/bocaparatodoelmundo.com.ar\/","name":"BOCA PARA TODO EL MUNDO","description":"Toda la historia y actualidad del club atletico boca junios esta aqui","potentialAction":[{"@type":"SearchAction","target":{"@type":"EntryPoint","urlTemplate":"https:\/\/bocaparatodoelmundo.com.ar\/?s={search_term_string}"},"query-input":"required name=search_term_string"}],"inLanguage":"es-AR"},{"@type":"Person","@id":"https:\/\/bocaparatodoelmundo.com.ar\/#\/schema\/person\/cc56d27ea9d37f4cea3636086a1847c5","name":"Redaccion BPTM","image":{"@type":"ImageObject","inLanguage":"es-AR","@id":"https:\/\/bocaparatodoelmundo.com.ar\/#\/schema\/person\/image\/","url":"https:\/\/secure.gravatar.com\/avatar\/3b62665b8c08843736974a055cc2398ba6bb7fd2fe787285105d666c418a7d13?s=96&d=mm&r=g","contentUrl":"https:\/\/secure.gravatar.com\/avatar\/3b62665b8c08843736974a055cc2398ba6bb7fd2fe787285105d666c418a7d13?s=96&d=mm&r=g","caption":"Redaccion BPTM"},"sameAs":["http:\/\/bocaparatodoelmundo.com.ar"],"url":"https:\/\/bocaparatodoelmundo.com.ar\/?author=3"}]}},"_links":{"self":[{"href":"https:\/\/bocaparatodoelmundo.com.ar\/index.php?rest_route=\/wp\/v2\/posts\/1402","targetHints":{"allow":["GET"]}}],"collection":[{"href":"https:\/\/bocaparatodoelmundo.com.ar\/index.php?rest_route=\/wp\/v2\/posts"}],"about":[{"href":"https:\/\/bocaparatodoelmundo.com.ar\/index.php?rest_route=\/wp\/v2\/types\/post"}],"author":[{"embeddable":true,"href":"https:\/\/bocaparatodoelmundo.com.ar\/index.php?rest_route=\/wp\/v2\/users\/3"}],"replies":[{"embeddable":true,"href":"https:\/\/bocaparatodoelmundo.com.ar\/index.php?rest_route=%2Fwp%2Fv2%2Fcomments&post=1402"}],"version-history":[{"count":2,"href":"https:\/\/bocaparatodoelmundo.com.ar\/index.php?rest_route=\/wp\/v2\/posts\/1402\/revisions"}],"predecessor-version":[{"id":1433,"href":"https:\/\/bocaparatodoelmundo.com.ar\/index.php?rest_route=\/wp\/v2\/posts\/1402\/revisions\/1433"}],"wp:featuredmedia":[{"embeddable":true,"href":"https:\/\/bocaparatodoelmundo.com.ar\/index.php?rest_route=\/wp\/v2\/media\/1403"}],"wp:attachment":[{"href":"https:\/\/bocaparatodoelmundo.com.ar\/index.php?rest_route=%2Fwp%2Fv2%2Fmedia&parent=1402"}],"wp:term":[{"taxonomy":"category","embeddable":true,"href":"https:\/\/bocaparatodoelmundo.com.ar\/index.php?rest_route=%2Fwp%2Fv2%2Fcategories&post=1402"},{"taxonomy":"post_tag","embeddable":true,"href":"https:\/\/bocaparatodoelmundo.com.ar\/index.php?rest_route=%2Fwp%2Fv2%2Ftags&post=1402"}],"curies":[{"name":"wp","href":"https:\/\/api.w.org\/{rel}","templated":true}]}}