{"id":1355,"date":"2023-03-16T11:53:48","date_gmt":"2023-03-16T14:53:48","guid":{"rendered":"https:\/\/www.bocaparatodoelmundo.com.ar\/?p=1355"},"modified":"2023-03-16T11:53:49","modified_gmt":"2023-03-16T14:53:49","slug":"representacion-xeneize-en-los-10-km-de-ituzaingo","status":"publish","type":"post","link":"https:\/\/bocaparatodoelmundo.com.ar\/?p=1355","title":{"rendered":"Representacion Xeneize en los 10 Km de Ituzaing\u00f3"},"content":{"rendered":"\n<p>El equipo Xeneize de Atletismo tuvo doble jornada de competencia el pasado Domingo 12\/3<br>donde vier\u00f3n acci\u00f3n Laura Ver\u00f3nica y Gustavo Pav\u00f3n en los 10 km de Ituzaingo organizado por el<br>Municipio local.<br>Ariel Venturas particip\u00f3 de los 10 km de Sor Maria Ludovica en la Rep\u00fablica de los Ni\u00f1os en La<br>Plata organizada por la Defensoria del Pueblo de la provincia de Buenos Aires.<\/p>\n","protected":false},"excerpt":{"rendered":"<p>El equipo Xeneize de Atletismo tuvo doble jornada de competencia el pasado Domingo 12\/3donde vier\u00f3n&#8230;<\/p>\n","protected":false},"author":5,"featured_media":1356,"comment_status":"open","ping_status":"open","sticky":false,"template":"","format":"standard","meta":{"footnotes":""},"categories":[9],"tags":[],"class_list":["post-1355","post","type-post","status-publish","format-standard","has-post-thumbnail","hentry","category-polideportivo"],"yoast_head":"<!-- This site is optimized with the Yoast SEO plugin v21.4 - https:\/\/yoast.com\/wordpress\/plugins\/seo\/ -->\n<title>Representacion Xeneize en los 10 Km de Ituzaing\u00f3 - BOCA PARA TODO EL MUNDO<\/title>\n<meta name=\"robots\" content=\"index, follow, max-snippet:-1, max-image-preview:large, max-video-preview:-1\" \/>\n<link rel=\"canonical\" href=\"https:\/\/bocaparatodoelmundo.com.ar\/?p=1355\" \/>\n<meta property=\"og:locale\" content=\"es_ES\" \/>\n<meta property=\"og:type\" content=\"article\" \/>\n<meta property=\"og:title\" content=\"Representacion Xeneize en los 10 Km de Ituzaing\u00f3 - BOCA PARA TODO EL MUNDO\" \/>\n<meta property=\"og:description\" content=\"El equipo Xeneize de Atletismo tuvo doble jornada de competencia el pasado Domingo 12\/3donde vier\u00f3n...\" \/>\n<meta property=\"og:url\" content=\"https:\/\/bocaparatodoelmundo.com.ar\/?p=1355\" \/>\n<meta property=\"og:site_name\" content=\"BOCA PARA TODO EL MUNDO\" \/>\n<meta property=\"article:published_time\" content=\"2023-03-16T14:53:48+00:00\" \/>\n<meta property=\"article:modified_time\" content=\"2023-03-16T14:53:49+00:00\" \/>\n<meta property=\"og:image\" content=\"https:\/\/bocaparatodoelmundo.com.ar\/wp-content\/uploads\/2023\/03\/IMG_20230314_175155_510.webp\" \/>\n\t<meta property=\"og:image:width\" content=\"901\" \/>\n\t<meta property=\"og:image:height\" content=\"1126\" \/>\n\t<meta property=\"og:image:type\" content=\"image\/webp\" \/>\n<meta name=\"author\" content=\"Ignacio Chulia\" \/>\n<meta name=\"twitter:card\" content=\"summary_large_image\" \/>\n<meta name=\"twitter:label1\" content=\"Escrito por\" \/>\n\t<meta name=\"twitter:data1\" content=\"Ignacio Chulia\" \/>\n\t<meta name=\"twitter:label2\" content=\"Tiempo de lectura\" \/>\n\t<meta name=\"twitter:data2\" content=\"1 minuto\" \/>\n<script type=\"application\/ld+json\" class=\"yoast-schema-graph\">{\"@context\":\"https:\/\/schema.org\",\"@graph\":[{\"@type\":\"WebPage\",\"@id\":\"https:\/\/bocaparatodoelmundo.com.ar\/?p=1355\",\"url\":\"https:\/\/bocaparatodoelmundo.com.ar\/?p=1355\",\"name\":\"Representacion Xeneize en los 10 Km de Ituzaing\u00f3 - BOCA PARA TODO EL MUNDO\",\"isPartOf\":{\"@id\":\"https:\/\/bocaparatodoelmundo.com.ar\/#website\"},\"datePublished\":\"2023-03-16T14:53:48+00:00\",\"dateModified\":\"2023-03-16T14:53:49+00:00\",\"author\":{\"@id\":\"https:\/\/bocaparatodoelmundo.com.ar\/#\/schema\/person\/5dbdc935be6051ba5cb6745b36d3c00c\"},\"breadcrumb\":{\"@id\":\"https:\/\/bocaparatodoelmundo.com.ar\/?p=1355#breadcrumb\"},\"inLanguage\":\"es-AR\",\"potentialAction\":[{\"@type\":\"ReadAction\",\"target\":[\"https:\/\/bocaparatodoelmundo.com.ar\/?p=1355\"]}]},{\"@type\":\"BreadcrumbList\",\"@id\":\"https:\/\/bocaparatodoelmundo.com.ar\/?p=1355#breadcrumb\",\"itemListElement\":[{\"@type\":\"ListItem\",\"position\":1,\"name\":\"Inicio\",\"item\":\"https:\/\/bocaparatodoelmundo.com.ar\/\"},{\"@type\":\"ListItem\",\"position\":2,\"name\":\"Representacion Xeneize en los 10 Km de Ituzaing\u00f3\"}]},{\"@type\":\"WebSite\",\"@id\":\"https:\/\/bocaparatodoelmundo.com.ar\/#website\",\"url\":\"https:\/\/bocaparatodoelmundo.com.ar\/\",\"name\":\"BOCA PARA TODO EL MUNDO\",\"description\":\"Toda la historia y actualidad del club atletico boca junios esta aqui\",\"potentialAction\":[{\"@type\":\"SearchAction\",\"target\":{\"@type\":\"EntryPoint\",\"urlTemplate\":\"https:\/\/bocaparatodoelmundo.com.ar\/?s={search_term_string}\"},\"query-input\":\"required name=search_term_string\"}],\"inLanguage\":\"es-AR\"},{\"@type\":\"Person\",\"@id\":\"https:\/\/bocaparatodoelmundo.com.ar\/#\/schema\/person\/5dbdc935be6051ba5cb6745b36d3c00c\",\"name\":\"Ignacio Chulia\",\"image\":{\"@type\":\"ImageObject\",\"inLanguage\":\"es-AR\",\"@id\":\"https:\/\/bocaparatodoelmundo.com.ar\/#\/schema\/person\/image\/\",\"url\":\"https:\/\/secure.gravatar.com\/avatar\/ed0ff2363c9d2c3f78f9ce5c1dea06609a99880836a21863e98819afdabc1845?s=96&d=mm&r=g\",\"contentUrl\":\"https:\/\/secure.gravatar.com\/avatar\/ed0ff2363c9d2c3f78f9ce5c1dea06609a99880836a21863e98819afdabc1845?s=96&d=mm&r=g\",\"caption\":\"Ignacio Chulia\"},\"url\":\"https:\/\/bocaparatodoelmundo.com.ar\/?author=5\"}]}<\/script>\n<!-- \/ Yoast SEO plugin. -->","yoast_head_json":{"title":"Representacion Xeneize en los 10 Km de Ituzaing\u00f3 - BOCA PARA TODO EL MUNDO","robots":{"index":"index","follow":"follow","max-snippet":"max-snippet:-1","max-image-preview":"max-image-preview:large","max-video-preview":"max-video-preview:-1"},"canonical":"https:\/\/bocaparatodoelmundo.com.ar\/?p=1355","og_locale":"es_ES","og_type":"article","og_title":"Representacion Xeneize en los 10 Km de Ituzaing\u00f3 - BOCA PARA TODO EL MUNDO","og_description":"El equipo Xeneize de Atletismo tuvo doble jornada de competencia el pasado Domingo 12\/3donde vier\u00f3n...","og_url":"https:\/\/bocaparatodoelmundo.com.ar\/?p=1355","og_site_name":"BOCA PARA TODO EL MUNDO","article_published_time":"2023-03-16T14:53:48+00:00","article_modified_time":"2023-03-16T14:53:49+00:00","og_image":[{"width":901,"height":1126,"url":"https:\/\/bocaparatodoelmundo.com.ar\/wp-content\/uploads\/2023\/03\/IMG_20230314_175155_510.webp","type":"image\/webp"}],"author":"Ignacio Chulia","twitter_card":"summary_large_image","twitter_misc":{"Escrito por":"Ignacio Chulia","Tiempo de lectura":"1 minuto"},"schema":{"@context":"https:\/\/schema.org","@graph":[{"@type":"WebPage","@id":"https:\/\/bocaparatodoelmundo.com.ar\/?p=1355","url":"https:\/\/bocaparatodoelmundo.com.ar\/?p=1355","name":"Representacion Xeneize en los 10 Km de Ituzaing\u00f3 - BOCA PARA TODO EL MUNDO","isPartOf":{"@id":"https:\/\/bocaparatodoelmundo.com.ar\/#website"},"datePublished":"2023-03-16T14:53:48+00:00","dateModified":"2023-03-16T14:53:49+00:00","author":{"@id":"https:\/\/bocaparatodoelmundo.com.ar\/#\/schema\/person\/5dbdc935be6051ba5cb6745b36d3c00c"},"breadcrumb":{"@id":"https:\/\/bocaparatodoelmundo.com.ar\/?p=1355#breadcrumb"},"inLanguage":"es-AR","potentialAction":[{"@type":"ReadAction","target":["https:\/\/bocaparatodoelmundo.com.ar\/?p=1355"]}]},{"@type":"BreadcrumbList","@id":"https:\/\/bocaparatodoelmundo.com.ar\/?p=1355#breadcrumb","itemListElement":[{"@type":"ListItem","position":1,"name":"Inicio","item":"https:\/\/bocaparatodoelmundo.com.ar\/"},{"@type":"ListItem","position":2,"name":"Representacion Xeneize en los 10 Km de Ituzaing\u00f3"}]},{"@type":"WebSite","@id":"https:\/\/bocaparatodoelmundo.com.ar\/#website","url":"https:\/\/bocaparatodoelmundo.com.ar\/","name":"BOCA PARA TODO EL MUNDO","description":"Toda la historia y actualidad del club atletico boca junios esta aqui","potentialAction":[{"@type":"SearchAction","target":{"@type":"EntryPoint","urlTemplate":"https:\/\/bocaparatodoelmundo.com.ar\/?s={search_term_string}"},"query-input":"required name=search_term_string"}],"inLanguage":"es-AR"},{"@type":"Person","@id":"https:\/\/bocaparatodoelmundo.com.ar\/#\/schema\/person\/5dbdc935be6051ba5cb6745b36d3c00c","name":"Ignacio Chulia","image":{"@type":"ImageObject","inLanguage":"es-AR","@id":"https:\/\/bocaparatodoelmundo.com.ar\/#\/schema\/person\/image\/","url":"https:\/\/secure.gravatar.com\/avatar\/ed0ff2363c9d2c3f78f9ce5c1dea06609a99880836a21863e98819afdabc1845?s=96&d=mm&r=g","contentUrl":"https:\/\/secure.gravatar.com\/avatar\/ed0ff2363c9d2c3f78f9ce5c1dea06609a99880836a21863e98819afdabc1845?s=96&d=mm&r=g","caption":"Ignacio Chulia"},"url":"https:\/\/bocaparatodoelmundo.com.ar\/?author=5"}]}},"_links":{"self":[{"href":"https:\/\/bocaparatodoelmundo.com.ar\/index.php?rest_route=\/wp\/v2\/posts\/1355","targetHints":{"allow":["GET"]}}],"collection":[{"href":"https:\/\/bocaparatodoelmundo.com.ar\/index.php?rest_route=\/wp\/v2\/posts"}],"about":[{"href":"https:\/\/bocaparatodoelmundo.com.ar\/index.php?rest_route=\/wp\/v2\/types\/post"}],"author":[{"embeddable":true,"href":"https:\/\/bocaparatodoelmundo.com.ar\/index.php?rest_route=\/wp\/v2\/users\/5"}],"replies":[{"embeddable":true,"href":"https:\/\/bocaparatodoelmundo.com.ar\/index.php?rest_route=%2Fwp%2Fv2%2Fcomments&post=1355"}],"version-history":[{"count":1,"href":"https:\/\/bocaparatodoelmundo.com.ar\/index.php?rest_route=\/wp\/v2\/posts\/1355\/revisions"}],"predecessor-version":[{"id":1357,"href":"https:\/\/bocaparatodoelmundo.com.ar\/index.php?rest_route=\/wp\/v2\/posts\/1355\/revisions\/1357"}],"wp:featuredmedia":[{"embeddable":true,"href":"https:\/\/bocaparatodoelmundo.com.ar\/index.php?rest_route=\/wp\/v2\/media\/1356"}],"wp:attachment":[{"href":"https:\/\/bocaparatodoelmundo.com.ar\/index.php?rest_route=%2Fwp%2Fv2%2Fmedia&parent=1355"}],"wp:term":[{"taxonomy":"category","embeddable":true,"href":"https:\/\/bocaparatodoelmundo.com.ar\/index.php?rest_route=%2Fwp%2Fv2%2Fcategories&post=1355"},{"taxonomy":"post_tag","embeddable":true,"href":"https:\/\/bocaparatodoelmundo.com.ar\/index.php?rest_route=%2Fwp%2Fv2%2Ftags&post=1355"}],"curies":[{"name":"wp","href":"https:\/\/api.w.org\/{rel}","templated":true}]}}