{"id":1349,"date":"2023-03-09T11:43:26","date_gmt":"2023-03-09T14:43:26","guid":{"rendered":"https:\/\/www.bocaparatodoelmundo.com.ar\/?p=1349"},"modified":"2023-03-16T11:48:41","modified_gmt":"2023-03-16T14:48:41","slug":"victoria-ante-secla-en-el-cenard","status":"publish","type":"post","link":"https:\/\/bocaparatodoelmundo.com.ar\/?p=1349","title":{"rendered":"Victoria ante SECLA en el CeNARD"},"content":{"rendered":"\n<h4 class=\"wp-block-heading\">El equipo de Futsal Masculino disput\u00f3 este Lunes 6\/3 los Cuartos de Final de la Supercopa de<br>Futsal 2023 ante Secla en el Cenard, donde se impuso por 2 a 0. <\/h4>\n\n\n\n<p>En la primer etapa fue un encuentro muy parejo de mucha intensidad y no pudiron sacarse<br>ventajas.<\/p>\n\n\n\n<p>En el complemento continuo el mismo tr\u00e1mite de mucha paridad hasta que, a pocos minutos del final, Jonathan Carnevale anot\u00f3 para el xeneize y, sobre el final, Lucas Flores ampli\u00f3 el marcador para los boquenses.<br>Con esta victoria, el equipo conducido por Hern\u00e1n Garc\u00eda accedi\u00f3 a las Semifinales de la<br>competencia.<\/p>\n","protected":false},"excerpt":{"rendered":"<p>El equipo de Futsal Masculino disput\u00f3 este Lunes 6\/3 los Cuartos de Final de la&#8230;<\/p>\n","protected":false},"author":5,"featured_media":1350,"comment_status":"open","ping_status":"open","sticky":false,"template":"","format":"standard","meta":{"footnotes":""},"categories":[13],"tags":[],"class_list":["post-1349","post","type-post","status-publish","format-standard","has-post-thumbnail","hentry","category-futsal"],"yoast_head":"<!-- This site is optimized with the Yoast SEO plugin v21.4 - https:\/\/yoast.com\/wordpress\/plugins\/seo\/ -->\n<title>Victoria ante SECLA en el CeNARD - BOCA PARA TODO EL MUNDO<\/title>\n<meta name=\"robots\" content=\"index, follow, max-snippet:-1, max-image-preview:large, max-video-preview:-1\" \/>\n<link rel=\"canonical\" href=\"https:\/\/bocaparatodoelmundo.com.ar\/?p=1349\" \/>\n<meta property=\"og:locale\" content=\"es_ES\" \/>\n<meta property=\"og:type\" content=\"article\" \/>\n<meta property=\"og:title\" content=\"Victoria ante SECLA en el CeNARD - BOCA PARA TODO EL MUNDO\" \/>\n<meta property=\"og:description\" content=\"El equipo de Futsal Masculino disput\u00f3 este Lunes 6\/3 los Cuartos de Final de la...\" \/>\n<meta property=\"og:url\" content=\"https:\/\/bocaparatodoelmundo.com.ar\/?p=1349\" \/>\n<meta property=\"og:site_name\" content=\"BOCA PARA TODO EL MUNDO\" \/>\n<meta property=\"article:published_time\" content=\"2023-03-09T14:43:26+00:00\" \/>\n<meta property=\"article:modified_time\" content=\"2023-03-16T14:48:41+00:00\" \/>\n<meta property=\"og:image\" content=\"https:\/\/bocaparatodoelmundo.com.ar\/wp-content\/uploads\/2023\/03\/IMG_20230315_112902_431.webp\" \/>\n\t<meta property=\"og:image:width\" content=\"1080\" \/>\n\t<meta property=\"og:image:height\" content=\"1080\" \/>\n\t<meta property=\"og:image:type\" content=\"image\/webp\" \/>\n<meta name=\"author\" content=\"Ignacio Chulia\" \/>\n<meta name=\"twitter:card\" content=\"summary_large_image\" \/>\n<meta name=\"twitter:label1\" content=\"Escrito por\" \/>\n\t<meta name=\"twitter:data1\" content=\"Ignacio Chulia\" \/>\n\t<meta name=\"twitter:label2\" content=\"Tiempo de lectura\" \/>\n\t<meta name=\"twitter:data2\" content=\"1 minuto\" \/>\n<script type=\"application\/ld+json\" class=\"yoast-schema-graph\">{\"@context\":\"https:\/\/schema.org\",\"@graph\":[{\"@type\":\"WebPage\",\"@id\":\"https:\/\/bocaparatodoelmundo.com.ar\/?p=1349\",\"url\":\"https:\/\/bocaparatodoelmundo.com.ar\/?p=1349\",\"name\":\"Victoria ante SECLA en el CeNARD - BOCA PARA TODO EL MUNDO\",\"isPartOf\":{\"@id\":\"https:\/\/bocaparatodoelmundo.com.ar\/#website\"},\"datePublished\":\"2023-03-09T14:43:26+00:00\",\"dateModified\":\"2023-03-16T14:48:41+00:00\",\"author\":{\"@id\":\"https:\/\/bocaparatodoelmundo.com.ar\/#\/schema\/person\/5dbdc935be6051ba5cb6745b36d3c00c\"},\"breadcrumb\":{\"@id\":\"https:\/\/bocaparatodoelmundo.com.ar\/?p=1349#breadcrumb\"},\"inLanguage\":\"es-AR\",\"potentialAction\":[{\"@type\":\"ReadAction\",\"target\":[\"https:\/\/bocaparatodoelmundo.com.ar\/?p=1349\"]}]},{\"@type\":\"BreadcrumbList\",\"@id\":\"https:\/\/bocaparatodoelmundo.com.ar\/?p=1349#breadcrumb\",\"itemListElement\":[{\"@type\":\"ListItem\",\"position\":1,\"name\":\"Inicio\",\"item\":\"https:\/\/bocaparatodoelmundo.com.ar\/\"},{\"@type\":\"ListItem\",\"position\":2,\"name\":\"Victoria ante SECLA en el CeNARD\"}]},{\"@type\":\"WebSite\",\"@id\":\"https:\/\/bocaparatodoelmundo.com.ar\/#website\",\"url\":\"https:\/\/bocaparatodoelmundo.com.ar\/\",\"name\":\"BOCA PARA TODO EL MUNDO\",\"description\":\"Toda la historia y actualidad del club atletico boca junios esta aqui\",\"potentialAction\":[{\"@type\":\"SearchAction\",\"target\":{\"@type\":\"EntryPoint\",\"urlTemplate\":\"https:\/\/bocaparatodoelmundo.com.ar\/?s={search_term_string}\"},\"query-input\":\"required name=search_term_string\"}],\"inLanguage\":\"es-AR\"},{\"@type\":\"Person\",\"@id\":\"https:\/\/bocaparatodoelmundo.com.ar\/#\/schema\/person\/5dbdc935be6051ba5cb6745b36d3c00c\",\"name\":\"Ignacio Chulia\",\"image\":{\"@type\":\"ImageObject\",\"inLanguage\":\"es-AR\",\"@id\":\"https:\/\/bocaparatodoelmundo.com.ar\/#\/schema\/person\/image\/\",\"url\":\"https:\/\/secure.gravatar.com\/avatar\/ed0ff2363c9d2c3f78f9ce5c1dea06609a99880836a21863e98819afdabc1845?s=96&d=mm&r=g\",\"contentUrl\":\"https:\/\/secure.gravatar.com\/avatar\/ed0ff2363c9d2c3f78f9ce5c1dea06609a99880836a21863e98819afdabc1845?s=96&d=mm&r=g\",\"caption\":\"Ignacio Chulia\"},\"url\":\"https:\/\/bocaparatodoelmundo.com.ar\/?author=5\"}]}<\/script>\n<!-- \/ Yoast SEO plugin. -->","yoast_head_json":{"title":"Victoria ante SECLA en el CeNARD - BOCA PARA TODO EL MUNDO","robots":{"index":"index","follow":"follow","max-snippet":"max-snippet:-1","max-image-preview":"max-image-preview:large","max-video-preview":"max-video-preview:-1"},"canonical":"https:\/\/bocaparatodoelmundo.com.ar\/?p=1349","og_locale":"es_ES","og_type":"article","og_title":"Victoria ante SECLA en el CeNARD - BOCA PARA TODO EL MUNDO","og_description":"El equipo de Futsal Masculino disput\u00f3 este Lunes 6\/3 los Cuartos de Final de la...","og_url":"https:\/\/bocaparatodoelmundo.com.ar\/?p=1349","og_site_name":"BOCA PARA TODO EL MUNDO","article_published_time":"2023-03-09T14:43:26+00:00","article_modified_time":"2023-03-16T14:48:41+00:00","og_image":[{"width":1080,"height":1080,"url":"https:\/\/bocaparatodoelmundo.com.ar\/wp-content\/uploads\/2023\/03\/IMG_20230315_112902_431.webp","type":"image\/webp"}],"author":"Ignacio Chulia","twitter_card":"summary_large_image","twitter_misc":{"Escrito por":"Ignacio Chulia","Tiempo de lectura":"1 minuto"},"schema":{"@context":"https:\/\/schema.org","@graph":[{"@type":"WebPage","@id":"https:\/\/bocaparatodoelmundo.com.ar\/?p=1349","url":"https:\/\/bocaparatodoelmundo.com.ar\/?p=1349","name":"Victoria ante SECLA en el CeNARD - BOCA PARA TODO EL MUNDO","isPartOf":{"@id":"https:\/\/bocaparatodoelmundo.com.ar\/#website"},"datePublished":"2023-03-09T14:43:26+00:00","dateModified":"2023-03-16T14:48:41+00:00","author":{"@id":"https:\/\/bocaparatodoelmundo.com.ar\/#\/schema\/person\/5dbdc935be6051ba5cb6745b36d3c00c"},"breadcrumb":{"@id":"https:\/\/bocaparatodoelmundo.com.ar\/?p=1349#breadcrumb"},"inLanguage":"es-AR","potentialAction":[{"@type":"ReadAction","target":["https:\/\/bocaparatodoelmundo.com.ar\/?p=1349"]}]},{"@type":"BreadcrumbList","@id":"https:\/\/bocaparatodoelmundo.com.ar\/?p=1349#breadcrumb","itemListElement":[{"@type":"ListItem","position":1,"name":"Inicio","item":"https:\/\/bocaparatodoelmundo.com.ar\/"},{"@type":"ListItem","position":2,"name":"Victoria ante SECLA en el CeNARD"}]},{"@type":"WebSite","@id":"https:\/\/bocaparatodoelmundo.com.ar\/#website","url":"https:\/\/bocaparatodoelmundo.com.ar\/","name":"BOCA PARA TODO EL MUNDO","description":"Toda la historia y actualidad del club atletico boca junios esta aqui","potentialAction":[{"@type":"SearchAction","target":{"@type":"EntryPoint","urlTemplate":"https:\/\/bocaparatodoelmundo.com.ar\/?s={search_term_string}"},"query-input":"required name=search_term_string"}],"inLanguage":"es-AR"},{"@type":"Person","@id":"https:\/\/bocaparatodoelmundo.com.ar\/#\/schema\/person\/5dbdc935be6051ba5cb6745b36d3c00c","name":"Ignacio Chulia","image":{"@type":"ImageObject","inLanguage":"es-AR","@id":"https:\/\/bocaparatodoelmundo.com.ar\/#\/schema\/person\/image\/","url":"https:\/\/secure.gravatar.com\/avatar\/ed0ff2363c9d2c3f78f9ce5c1dea06609a99880836a21863e98819afdabc1845?s=96&d=mm&r=g","contentUrl":"https:\/\/secure.gravatar.com\/avatar\/ed0ff2363c9d2c3f78f9ce5c1dea06609a99880836a21863e98819afdabc1845?s=96&d=mm&r=g","caption":"Ignacio Chulia"},"url":"https:\/\/bocaparatodoelmundo.com.ar\/?author=5"}]}},"_links":{"self":[{"href":"https:\/\/bocaparatodoelmundo.com.ar\/index.php?rest_route=\/wp\/v2\/posts\/1349","targetHints":{"allow":["GET"]}}],"collection":[{"href":"https:\/\/bocaparatodoelmundo.com.ar\/index.php?rest_route=\/wp\/v2\/posts"}],"about":[{"href":"https:\/\/bocaparatodoelmundo.com.ar\/index.php?rest_route=\/wp\/v2\/types\/post"}],"author":[{"embeddable":true,"href":"https:\/\/bocaparatodoelmundo.com.ar\/index.php?rest_route=\/wp\/v2\/users\/5"}],"replies":[{"embeddable":true,"href":"https:\/\/bocaparatodoelmundo.com.ar\/index.php?rest_route=%2Fwp%2Fv2%2Fcomments&post=1349"}],"version-history":[{"count":1,"href":"https:\/\/bocaparatodoelmundo.com.ar\/index.php?rest_route=\/wp\/v2\/posts\/1349\/revisions"}],"predecessor-version":[{"id":1351,"href":"https:\/\/bocaparatodoelmundo.com.ar\/index.php?rest_route=\/wp\/v2\/posts\/1349\/revisions\/1351"}],"wp:featuredmedia":[{"embeddable":true,"href":"https:\/\/bocaparatodoelmundo.com.ar\/index.php?rest_route=\/wp\/v2\/media\/1350"}],"wp:attachment":[{"href":"https:\/\/bocaparatodoelmundo.com.ar\/index.php?rest_route=%2Fwp%2Fv2%2Fmedia&parent=1349"}],"wp:term":[{"taxonomy":"category","embeddable":true,"href":"https:\/\/bocaparatodoelmundo.com.ar\/index.php?rest_route=%2Fwp%2Fv2%2Fcategories&post=1349"},{"taxonomy":"post_tag","embeddable":true,"href":"https:\/\/bocaparatodoelmundo.com.ar\/index.php?rest_route=%2Fwp%2Fv2%2Ftags&post=1349"}],"curies":[{"name":"wp","href":"https:\/\/api.w.org\/{rel}","templated":true}]}}