{"id":1332,"date":"2023-03-16T11:24:43","date_gmt":"2023-03-16T14:24:43","guid":{"rendered":"https:\/\/www.bocaparatodoelmundo.com.ar\/?p=1332"},"modified":"2023-03-16T11:34:38","modified_gmt":"2023-03-16T14:34:38","slug":"__trashed","status":"publish","type":"post","link":"https:\/\/bocaparatodoelmundo.com.ar\/?p=1332","title":{"rendered":"El Futsal ya tiene programa"},"content":{"rendered":"\n<p>El equipo Xeneize de Futsal Masculino dar\u00e1 inicio a su participaci\u00f3n en el Torneo Primera Divisi\u00f3n<br>2023, el cual ser\u00e1 todos contra todos a dos ruedas con un total de 34 fechas, donde clasificar\u00e1n a<br>los playoff los primeros 8 equipos para determinar el campe\u00f3n de la competencia, al finalizar<br>habr\u00e1 un descenso y uno en instancia de play Out.<\/p>\n\n\n\n<figure class=\"wp-block-image size-large\"><img loading=\"lazy\" decoding=\"async\" width=\"819\" height=\"1024\" src=\"https:\/\/www.bocaparatodoelmundo.com.ar\/wp-content\/uploads\/2023\/03\/20230315_130322-819x1024.jpg\" alt=\"\" class=\"wp-image-1333\" srcset=\"https:\/\/bocaparatodoelmundo.com.ar\/wp-content\/uploads\/2023\/03\/20230315_130322-819x1024.jpg 819w, https:\/\/bocaparatodoelmundo.com.ar\/wp-content\/uploads\/2023\/03\/20230315_130322-240x300.jpg 240w, https:\/\/bocaparatodoelmundo.com.ar\/wp-content\/uploads\/2023\/03\/20230315_130322-768x960.jpg 768w, https:\/\/bocaparatodoelmundo.com.ar\/wp-content\/uploads\/2023\/03\/20230315_130322-1229x1536.jpg 1229w, https:\/\/bocaparatodoelmundo.com.ar\/wp-content\/uploads\/2023\/03\/20230315_130322-1024x1280.jpg 1024w, https:\/\/bocaparatodoelmundo.com.ar\/wp-content\/uploads\/2023\/03\/20230315_130322.jpg 1638w\" sizes=\"auto, (max-width: 819px) 100vw, 819px\" \/><\/figure>\n\n\n\n<p>El equipo Xeneize de Futsal Femenino dar\u00e1 inicio a su participaci\u00f3n en el Torneo Primera Divisi\u00f3n<br>2023, el cual ser\u00e1 todos contra todos a dos ruedas con un total de 26 fechas, donde clasificar\u00e1n a<br>los playoff los primeros 8 equipos para determinar el campe\u00f3n de la competencia y habra dos<br>descensos de categoria.<\/p>\n\n\n\n<figure class=\"wp-block-image size-large\"><img loading=\"lazy\" decoding=\"async\" width=\"819\" height=\"1024\" src=\"https:\/\/www.bocaparatodoelmundo.com.ar\/wp-content\/uploads\/2023\/03\/20230315_181209-819x1024.jpg\" alt=\"\" class=\"wp-image-1338\" srcset=\"https:\/\/bocaparatodoelmundo.com.ar\/wp-content\/uploads\/2023\/03\/20230315_181209-819x1024.jpg 819w, https:\/\/bocaparatodoelmundo.com.ar\/wp-content\/uploads\/2023\/03\/20230315_181209-240x300.jpg 240w, https:\/\/bocaparatodoelmundo.com.ar\/wp-content\/uploads\/2023\/03\/20230315_181209-768x960.jpg 768w, https:\/\/bocaparatodoelmundo.com.ar\/wp-content\/uploads\/2023\/03\/20230315_181209-1229x1536.jpg 1229w, https:\/\/bocaparatodoelmundo.com.ar\/wp-content\/uploads\/2023\/03\/20230315_181209-1024x1280.jpg 1024w, https:\/\/bocaparatodoelmundo.com.ar\/wp-content\/uploads\/2023\/03\/20230315_181209.jpg 1638w\" sizes=\"auto, (max-width: 819px) 100vw, 819px\" \/><\/figure>\n","protected":false},"excerpt":{"rendered":"<p>El equipo Xeneize de Futsal Masculino dar\u00e1 inicio a su participaci\u00f3n en el Torneo Primera&#8230;<\/p>\n","protected":false},"author":3,"featured_media":1336,"comment_status":"open","ping_status":"open","sticky":false,"template":"","format":"standard","meta":{"footnotes":""},"categories":[13],"tags":[],"class_list":["post-1332","post","type-post","status-publish","format-standard","has-post-thumbnail","hentry","category-futsal"],"yoast_head":"<!-- This site is optimized with the Yoast SEO plugin v21.4 - https:\/\/yoast.com\/wordpress\/plugins\/seo\/ -->\n<title>El Futsal ya tiene programa - BOCA PARA TODO EL MUNDO<\/title>\n<meta name=\"robots\" content=\"index, follow, max-snippet:-1, max-image-preview:large, max-video-preview:-1\" \/>\n<link rel=\"canonical\" href=\"https:\/\/bocaparatodoelmundo.com.ar\/?p=1332\" \/>\n<meta property=\"og:locale\" content=\"es_ES\" \/>\n<meta property=\"og:type\" content=\"article\" \/>\n<meta property=\"og:title\" content=\"El Futsal ya tiene programa - BOCA PARA TODO EL MUNDO\" \/>\n<meta property=\"og:description\" content=\"El equipo Xeneize de Futsal Masculino dar\u00e1 inicio a su participaci\u00f3n en el Torneo Primera...\" \/>\n<meta property=\"og:url\" content=\"https:\/\/bocaparatodoelmundo.com.ar\/?p=1332\" \/>\n<meta property=\"og:site_name\" content=\"BOCA PARA TODO EL MUNDO\" \/>\n<meta property=\"article:published_time\" content=\"2023-03-16T14:24:43+00:00\" \/>\n<meta property=\"article:modified_time\" content=\"2023-03-16T14:34:38+00:00\" \/>\n<meta property=\"og:image\" content=\"https:\/\/bocaparatodoelmundo.com.ar\/wp-content\/uploads\/2023\/03\/descarga-72.jpg\" \/>\n\t<meta property=\"og:image:width\" content=\"225\" \/>\n\t<meta property=\"og:image:height\" content=\"225\" \/>\n\t<meta property=\"og:image:type\" content=\"image\/jpeg\" \/>\n<meta name=\"author\" content=\"Redaccion BPTM\" \/>\n<meta name=\"twitter:card\" content=\"summary_large_image\" \/>\n<meta name=\"twitter:label1\" content=\"Escrito por\" \/>\n\t<meta name=\"twitter:data1\" content=\"Redaccion BPTM\" \/>\n\t<meta name=\"twitter:label2\" content=\"Tiempo de lectura\" \/>\n\t<meta name=\"twitter:data2\" content=\"1 minuto\" \/>\n<script type=\"application\/ld+json\" class=\"yoast-schema-graph\">{\"@context\":\"https:\/\/schema.org\",\"@graph\":[{\"@type\":\"WebPage\",\"@id\":\"https:\/\/bocaparatodoelmundo.com.ar\/?p=1332\",\"url\":\"https:\/\/bocaparatodoelmundo.com.ar\/?p=1332\",\"name\":\"El Futsal ya tiene programa - BOCA PARA TODO EL MUNDO\",\"isPartOf\":{\"@id\":\"https:\/\/bocaparatodoelmundo.com.ar\/#website\"},\"datePublished\":\"2023-03-16T14:24:43+00:00\",\"dateModified\":\"2023-03-16T14:34:38+00:00\",\"author\":{\"@id\":\"https:\/\/bocaparatodoelmundo.com.ar\/#\/schema\/person\/cc56d27ea9d37f4cea3636086a1847c5\"},\"breadcrumb\":{\"@id\":\"https:\/\/bocaparatodoelmundo.com.ar\/?p=1332#breadcrumb\"},\"inLanguage\":\"es-AR\",\"potentialAction\":[{\"@type\":\"ReadAction\",\"target\":[\"https:\/\/bocaparatodoelmundo.com.ar\/?p=1332\"]}]},{\"@type\":\"BreadcrumbList\",\"@id\":\"https:\/\/bocaparatodoelmundo.com.ar\/?p=1332#breadcrumb\",\"itemListElement\":[{\"@type\":\"ListItem\",\"position\":1,\"name\":\"Inicio\",\"item\":\"https:\/\/bocaparatodoelmundo.com.ar\/\"},{\"@type\":\"ListItem\",\"position\":2,\"name\":\"El Futsal ya tiene programa\"}]},{\"@type\":\"WebSite\",\"@id\":\"https:\/\/bocaparatodoelmundo.com.ar\/#website\",\"url\":\"https:\/\/bocaparatodoelmundo.com.ar\/\",\"name\":\"BOCA PARA TODO EL MUNDO\",\"description\":\"Toda la historia y actualidad del club atletico boca junios esta aqui\",\"potentialAction\":[{\"@type\":\"SearchAction\",\"target\":{\"@type\":\"EntryPoint\",\"urlTemplate\":\"https:\/\/bocaparatodoelmundo.com.ar\/?s={search_term_string}\"},\"query-input\":\"required name=search_term_string\"}],\"inLanguage\":\"es-AR\"},{\"@type\":\"Person\",\"@id\":\"https:\/\/bocaparatodoelmundo.com.ar\/#\/schema\/person\/cc56d27ea9d37f4cea3636086a1847c5\",\"name\":\"Redaccion BPTM\",\"image\":{\"@type\":\"ImageObject\",\"inLanguage\":\"es-AR\",\"@id\":\"https:\/\/bocaparatodoelmundo.com.ar\/#\/schema\/person\/image\/\",\"url\":\"https:\/\/secure.gravatar.com\/avatar\/3b62665b8c08843736974a055cc2398ba6bb7fd2fe787285105d666c418a7d13?s=96&d=mm&r=g\",\"contentUrl\":\"https:\/\/secure.gravatar.com\/avatar\/3b62665b8c08843736974a055cc2398ba6bb7fd2fe787285105d666c418a7d13?s=96&d=mm&r=g\",\"caption\":\"Redaccion BPTM\"},\"sameAs\":[\"http:\/\/bocaparatodoelmundo.com.ar\"],\"url\":\"https:\/\/bocaparatodoelmundo.com.ar\/?author=3\"}]}<\/script>\n<!-- \/ Yoast SEO plugin. -->","yoast_head_json":{"title":"El Futsal ya tiene programa - BOCA PARA TODO EL MUNDO","robots":{"index":"index","follow":"follow","max-snippet":"max-snippet:-1","max-image-preview":"max-image-preview:large","max-video-preview":"max-video-preview:-1"},"canonical":"https:\/\/bocaparatodoelmundo.com.ar\/?p=1332","og_locale":"es_ES","og_type":"article","og_title":"El Futsal ya tiene programa - BOCA PARA TODO EL MUNDO","og_description":"El equipo Xeneize de Futsal Masculino dar\u00e1 inicio a su participaci\u00f3n en el Torneo Primera...","og_url":"https:\/\/bocaparatodoelmundo.com.ar\/?p=1332","og_site_name":"BOCA PARA TODO EL MUNDO","article_published_time":"2023-03-16T14:24:43+00:00","article_modified_time":"2023-03-16T14:34:38+00:00","og_image":[{"width":225,"height":225,"url":"https:\/\/bocaparatodoelmundo.com.ar\/wp-content\/uploads\/2023\/03\/descarga-72.jpg","type":"image\/jpeg"}],"author":"Redaccion BPTM","twitter_card":"summary_large_image","twitter_misc":{"Escrito por":"Redaccion BPTM","Tiempo de lectura":"1 minuto"},"schema":{"@context":"https:\/\/schema.org","@graph":[{"@type":"WebPage","@id":"https:\/\/bocaparatodoelmundo.com.ar\/?p=1332","url":"https:\/\/bocaparatodoelmundo.com.ar\/?p=1332","name":"El Futsal ya tiene programa - BOCA PARA TODO EL MUNDO","isPartOf":{"@id":"https:\/\/bocaparatodoelmundo.com.ar\/#website"},"datePublished":"2023-03-16T14:24:43+00:00","dateModified":"2023-03-16T14:34:38+00:00","author":{"@id":"https:\/\/bocaparatodoelmundo.com.ar\/#\/schema\/person\/cc56d27ea9d37f4cea3636086a1847c5"},"breadcrumb":{"@id":"https:\/\/bocaparatodoelmundo.com.ar\/?p=1332#breadcrumb"},"inLanguage":"es-AR","potentialAction":[{"@type":"ReadAction","target":["https:\/\/bocaparatodoelmundo.com.ar\/?p=1332"]}]},{"@type":"BreadcrumbList","@id":"https:\/\/bocaparatodoelmundo.com.ar\/?p=1332#breadcrumb","itemListElement":[{"@type":"ListItem","position":1,"name":"Inicio","item":"https:\/\/bocaparatodoelmundo.com.ar\/"},{"@type":"ListItem","position":2,"name":"El Futsal ya tiene programa"}]},{"@type":"WebSite","@id":"https:\/\/bocaparatodoelmundo.com.ar\/#website","url":"https:\/\/bocaparatodoelmundo.com.ar\/","name":"BOCA PARA TODO EL MUNDO","description":"Toda la historia y actualidad del club atletico boca junios esta aqui","potentialAction":[{"@type":"SearchAction","target":{"@type":"EntryPoint","urlTemplate":"https:\/\/bocaparatodoelmundo.com.ar\/?s={search_term_string}"},"query-input":"required name=search_term_string"}],"inLanguage":"es-AR"},{"@type":"Person","@id":"https:\/\/bocaparatodoelmundo.com.ar\/#\/schema\/person\/cc56d27ea9d37f4cea3636086a1847c5","name":"Redaccion BPTM","image":{"@type":"ImageObject","inLanguage":"es-AR","@id":"https:\/\/bocaparatodoelmundo.com.ar\/#\/schema\/person\/image\/","url":"https:\/\/secure.gravatar.com\/avatar\/3b62665b8c08843736974a055cc2398ba6bb7fd2fe787285105d666c418a7d13?s=96&d=mm&r=g","contentUrl":"https:\/\/secure.gravatar.com\/avatar\/3b62665b8c08843736974a055cc2398ba6bb7fd2fe787285105d666c418a7d13?s=96&d=mm&r=g","caption":"Redaccion BPTM"},"sameAs":["http:\/\/bocaparatodoelmundo.com.ar"],"url":"https:\/\/bocaparatodoelmundo.com.ar\/?author=3"}]}},"_links":{"self":[{"href":"https:\/\/bocaparatodoelmundo.com.ar\/index.php?rest_route=\/wp\/v2\/posts\/1332","targetHints":{"allow":["GET"]}}],"collection":[{"href":"https:\/\/bocaparatodoelmundo.com.ar\/index.php?rest_route=\/wp\/v2\/posts"}],"about":[{"href":"https:\/\/bocaparatodoelmundo.com.ar\/index.php?rest_route=\/wp\/v2\/types\/post"}],"author":[{"embeddable":true,"href":"https:\/\/bocaparatodoelmundo.com.ar\/index.php?rest_route=\/wp\/v2\/users\/3"}],"replies":[{"embeddable":true,"href":"https:\/\/bocaparatodoelmundo.com.ar\/index.php?rest_route=%2Fwp%2Fv2%2Fcomments&post=1332"}],"version-history":[{"count":4,"href":"https:\/\/bocaparatodoelmundo.com.ar\/index.php?rest_route=\/wp\/v2\/posts\/1332\/revisions"}],"predecessor-version":[{"id":1340,"href":"https:\/\/bocaparatodoelmundo.com.ar\/index.php?rest_route=\/wp\/v2\/posts\/1332\/revisions\/1340"}],"wp:featuredmedia":[{"embeddable":true,"href":"https:\/\/bocaparatodoelmundo.com.ar\/index.php?rest_route=\/wp\/v2\/media\/1336"}],"wp:attachment":[{"href":"https:\/\/bocaparatodoelmundo.com.ar\/index.php?rest_route=%2Fwp%2Fv2%2Fmedia&parent=1332"}],"wp:term":[{"taxonomy":"category","embeddable":true,"href":"https:\/\/bocaparatodoelmundo.com.ar\/index.php?rest_route=%2Fwp%2Fv2%2Fcategories&post=1332"},{"taxonomy":"post_tag","embeddable":true,"href":"https:\/\/bocaparatodoelmundo.com.ar\/index.php?rest_route=%2Fwp%2Fv2%2Ftags&post=1332"}],"curies":[{"name":"wp","href":"https:\/\/api.w.org\/{rel}","templated":true}]}}