{"id":1247,"date":"2023-03-01T14:05:33","date_gmt":"2023-03-01T17:05:33","guid":{"rendered":"https:\/\/www.bocaparatodoelmundo.com.ar\/?p=1247"},"modified":"2023-03-01T14:17:57","modified_gmt":"2023-03-01T17:17:57","slug":"pocos-encuentros-oficiales","status":"publish","type":"post","link":"https:\/\/bocaparatodoelmundo.com.ar\/?p=1247","title":{"rendered":"Pocos encuentros oficiales"},"content":{"rendered":"\n<h4 class=\"wp-block-heading\">Toda la historia entre el Xeneize y el Patr\u00f3n, en palabras de nuestro Boc\u00f3logo de cabecera.<\/h4>\n\n\n\n<p>Patronato de la Juventud Cat\u00f3lica, m\u00e1s conocido como Patronato de Paran\u00e1, jug\u00f3 por primera vez en la m\u00e1xima categor\u00eda del f\u00fatbol argentino en 1978, cuando form\u00f3 parte del Campeonato Nacional. En aquella ocasi\u00f3n integr\u00f3 la Zona B junto a Boca Juniors y seis equipos m\u00e1s. En esa competencia, el conjunto paranaense y la escuadra Xeneize disputaron los dos primeros partidos oficiales.<br>Hay otro antecedente previo comprobado. Se trata de un encuentro amistoso que protagonizaron el 7 de octubre de 1968 en la cancha de Villa Sarmiento, club que tambi\u00e9n pertenece a la ciudad entrerriana de Paran\u00e1. Aqu\u00e9l juego no oficial fue ganado 2-0 por Boca gracias a los tantos convertidos por Norberto Rub\u00e9n Madurga y Rub\u00e9n Jos\u00e9 Su\u00f1\u00e9 de penal, ambos en el segundo tiempo.<br>Volviendo al Campeonato Nacional de 1978, debemos se\u00f1alar que se vieron las caras por primera vez el mi\u00e9rcoles 8 de noviembre en el estadio de Patronato por la 2\u00aa fecha. All\u00ed, Boca se impuso 2-0 merced a las conquistas de Ricardo Oscar Alonso a los 15\u2019 de la etapa inicial y Armando Mario Husillos a los 43\u2019 del complemento. Bajo el arbitraje de Arturo Andr\u00e9s Ithurralde, el cuadro local form\u00f3 con Enrique Oscar Ibarra; Alfredo Arnoldo Isla (ST 40\u2019 Pedro Carlos Apt), Carlos Antonio Ram\u00f3n Mudry, Dante Pralong, \u00c1ngel Armando Sosa; Am\u00e9rico Ram\u00f3n Pesoa, Luis Alfredo Brunengo, Carlos Alberto Jatib (ST 40\u2019 Hugo Alberto Aguilar); Jorge Jes\u00fas Peiffer, Juan Omar Corona y Jos\u00e9 Ram\u00f3n D\u00edaz. Suplentes: Osvaldo Ernesto Amoroso, Mario Casimiro Belloni, Eduardo Jorge Vicente. DT: \u00c1ngel Arnoldo Omarini. Por su parte, la visita lo hizo con Oscar Alfredo L\u00f3pez; Jos\u00e9 Mar\u00eda Su\u00e1rez, Jos\u00e9 Luis Tesare, Norberto Horacio D\u2019 Angelo, Ricardo Oscar Alonso; Abel An\u00edbal Alves, Carlos Vicente Squeo (ST inicio Ricardo Alberto Gareca), Osvaldo Rub\u00e9n Potente; Carlos Manuel Toloza (ST 13\u2019 Carlos Alberto Musladini), Armando Mario Husillos y Carlos Roberto Salguero. Suplentes: Carlos Alberto Rodr\u00edguez, Jorge R\u00edo, Julio Enrique Barrera. DT: Juan Carlos Lorenzo. A los 12\u2019 del segundo tiempo fueron expulsados Juan Omar Corona y Jos\u00e9 Luis Tesare por agresi\u00f3n mutua. Y a los 33\u2019 del mismo per\u00edodo, Abel An\u00edbal Alves vio tambi\u00e9n la tarjeta roja por tomar a un adversario del cuerpo. Jugaron la revancha el 2 de diciembre en La Bombonera por la 9\u00aa jornada, donde el local se llev\u00f3 la victoria por 2-1. Lo ganaba la visita con un tanto de tiro libre convertido por Carlos Antonio Ram\u00f3n Mudry a los 15\u2019 del per\u00edodo inicial. Lo empat\u00f3 Carlos Roberto Salguero a los 45\u2019, y a los 13\u2019 de la segunda etapa, un cabezazo de Armando Mario Husillos puso cifras definitivas al encuentro.<br>Tras poco menos de cuatro d\u00e9cadas, Boca y Patronato volvieron a jugar el 16 de abril de 2017. Ese pleito, correspondiente a la 20\u00aa fecha del Campeonato de Primera Divisi\u00f3n 2016\/2017, finaliz\u00f3 1-1 en Brandsen 805. Dar\u00edo Ismael Benedetto abri\u00f3 el marcador a favor del due\u00f1o de casa en el minuto final del primer tiempo. Igual\u00f3 las acciones Gerardo Dami\u00e1n Arce poco antes de que se cumplan los noventa reglamentarios. Con posterioridad a este compromiso, hubo otros tres juegos que finalizaron con victoria del equipo porte\u00f1o: 2-0 (Cristian David Pav\u00f3n, Dar\u00edo Ismael Benedetto) en la cancha de Patronato el 15 de octubre de 2017 por la 6\u00aa jornada de la Superliga 2017\/2018; 1-0 (Cristian Omar Espinoza) en el estadio de Boca Juniors el 17 de noviembre de 2018 por la 13\u00aa fecha de la Superliga 2018\/2019; y 2-0 (Eduardo Antonio Salvio, Carlos Alberto Tevez) en Paran\u00e1 el 4 de agosto de 2019 por la 2\u00aa jornada de la Superliga 2019\/2020.<br>Se vieron las caras en tres oportunidades durante 2021. El 8 de mayo en Paran\u00e1, por la 13\u00aa fecha de la Copa Liga Profesional. All\u00ed, el cuadro de Entre R\u00edos se impuso 1-0 como consecuencia de un cabezazo de Lautaro Gabriel Torres a los 29\u2019 de la segunda etapa. El 21 de agosto en la Ciudad Aut\u00f3noma de Buenos Aires, por la 7\u00aa jornada de la Liga Profesional, donde Luis Ismael V\u00e1zquez fue el responsable del triunfo Xeneize 1-0. Y el 22 de septiembre en el Estadio \u00danico Madre de Ciudades, en Santiago del Estero, por los cuartos de final de la Copa Argentina. Tras haber finalizado 0-0 en los noventa minutos reglamentarios, el cuadro Xeneize se impuso 4-2 en la definici\u00f3n por tiros desde el punto del penal. A continuaci\u00f3n, el detalle de las ejecuciones, donde el primero en patear fue el conjunto de Paran\u00e1: Sebasti\u00e1n Sosa S\u00e1nchez (travesa\u00f1o) 0-0; Faustino Marcos Alberto Rojo (gol) 0-1; Leandro Lucas Mar\u00edn (atajado por Agust\u00edn Daniel Rossi) 0-1; Carlos Roberto Izquierdoz (gol) 0-2; Mat\u00edas Tom\u00e1s Palavecino (gol) 1-2; Aar\u00f3n Nicol\u00e1s Molinas (gol) 1-3; Mat\u00edas Alejandro Ib\u00e1\u00f1ez (gol) 2-3; Cristian David Pav\u00f3n (gol) 2-4.<br>Jugaron por \u00faltima vez en 2022. El 31 de julio, por la 11\u00aa fecha de la Liga Profesional, el elenco rojinegro gan\u00f3 3-0 en condici\u00f3n de local con anotaciones de Axel Rodr\u00edguez, Alexander Sebasti\u00e1n Sosa y H\u00e9ctor Jon\u00e1s Acevedo. El 26 de octubre, por una de las semifinales de la Copa Argentina, culminaron 1-1 en el Estadio Bicentenario de San Juan con goles de Marcelo Luciano Estigarribia para los paranaenses a los 32\u2019 del primer tiempo, y de Sebasti\u00e1n Villa para los porte\u00f1os a los 28\u2019 del segundo per\u00edodo. Dada la paridad, hubo que recurrir a la definici\u00f3n por tiros desde el punto del penal, instancia en la cual el Patronato se impuso 3-2 y accedi\u00f3 a la final. A continuaci\u00f3n, el detalle de los disparos, donde el primero de los mismos estuvo a cargo del cuadro de la Ciudad Aut\u00f3noma de Buenos Aires: \u00d3scar David Romero (atajado por Facundo Altamirano) 0-0; H\u00e9ctor Jon\u00e1s Acevedo (gol) 0-1; Luca Daniel Langoni (gol) 1-1; Marcelo Luciano Estigarribia (gol) 1-2; Alan Gonzalo Varela (atajado por Facundo Altamirano) 1-2; Justo Giani (atajado por Javier Hern\u00e1n Garc\u00eda) 1-2; Gonzalo Agust\u00edn S\u00e1ndez (gol) 2-2; Facundo Cobos (gol) 2-3; Sebasti\u00e1n Villa (atajado por Facundo Altamirano) 2-3.<br>Con s\u00f3lo 11 partidos oficiales en el haber, la breve historia que protagonizan Patronato y Boca marca 6 victorias para los boquenses, 2 para los entrerrianos y 3 igualdades. Los porte\u00f1os hicieron 12 goles, mientras que los paranaenses se\u00f1alaron 7 tantos. Donde hubo que definir por tiros desde el punto del penal, se considera el resultado final del tiempo reglamentario.<br>Algunos de los futbolistas que vistieron ambas camisetas son los defensores Facundo Cobos (hizo inferiores en Boca), Carlos Rub\u00e9n Fondacaro, Iv\u00e1n Alejandro Furios, Leandro Lucas Mar\u00edn y Bruno Sa\u00fal Urribarri; los volantes Federico Bravo, Juli\u00e1n Antonio Chicco, Pablo Mart\u00edn Ledesma, Esteban Gabriel Orfano, Gerardo Manuel Reinoso y Julio C\u00e9sar Toresani; y los atacantes Nazareno Dami\u00e1n Sol\u00eds y Luis Ismael V\u00e1zquez. Otro mediocampista, Gerardo Dami\u00e1n Arce, que hab\u00eda actuado en las inferiores y en la reserva de Boca, defendi\u00f3 los colores del Patr\u00f3n en la temporada 2016-2017. Gustavo Julio Alfaro dirigi\u00f3 a ambos equipos.<br>Por otra parte, Luis Adri\u00e1n Medero jug\u00f3 en Boca entre 1992 y 1996, y fue director t\u00e9cnico de Patronato en la temporada 2012-2013. Lo mismo sucede con Facundo Sava, que defendi\u00f3 la casaca Xeneize en 1996, y dirigi\u00f3 al Santo en 2022.<\/p>\n\n\n\n<p>Mariano A. Reverdito<\/p>\n\n\n\n<p>Twitter: @MAReverdito<br>Instagram: @mariano_reverdito<br>Facebook: Mariano Alejandro Reverdito<\/p>\n","protected":false},"excerpt":{"rendered":"<p>Toda la historia entre el Xeneize y el Patr\u00f3n, en palabras de nuestro Boc\u00f3logo de&#8230;<\/p>\n","protected":false},"author":4,"featured_media":1248,"comment_status":"open","ping_status":"open","sticky":false,"template":"","format":"standard","meta":{"footnotes":""},"categories":[24],"tags":[],"class_list":["post-1247","post","type-post","status-publish","format-standard","has-post-thumbnail","hentry","category-historiales"],"yoast_head":"<!-- This site is optimized with the Yoast SEO plugin v21.4 - https:\/\/yoast.com\/wordpress\/plugins\/seo\/ -->\n<title>Pocos encuentros oficiales - BOCA PARA TODO EL MUNDO<\/title>\n<meta name=\"robots\" content=\"index, follow, max-snippet:-1, max-image-preview:large, max-video-preview:-1\" \/>\n<link rel=\"canonical\" href=\"https:\/\/bocaparatodoelmundo.com.ar\/?p=1247\" \/>\n<meta property=\"og:locale\" content=\"es_ES\" \/>\n<meta property=\"og:type\" content=\"article\" \/>\n<meta property=\"og:title\" content=\"Pocos encuentros oficiales - BOCA PARA TODO EL MUNDO\" \/>\n<meta property=\"og:description\" content=\"Toda la historia entre el Xeneize y el Patr\u00f3n, en palabras de nuestro Boc\u00f3logo de...\" \/>\n<meta property=\"og:url\" content=\"https:\/\/bocaparatodoelmundo.com.ar\/?p=1247\" \/>\n<meta property=\"og:site_name\" content=\"BOCA PARA TODO EL MUNDO\" \/>\n<meta property=\"article:published_time\" content=\"2023-03-01T17:05:33+00:00\" \/>\n<meta property=\"article:modified_time\" content=\"2023-03-01T17:17:57+00:00\" \/>\n<meta property=\"og:image\" content=\"https:\/\/bocaparatodoelmundo.com.ar\/wp-content\/uploads\/2023\/03\/Boca-Patronato-Supercopa-Argentina-.png\" \/>\n\t<meta property=\"og:image:width\" content=\"1500\" \/>\n\t<meta property=\"og:image:height\" content=\"900\" \/>\n\t<meta property=\"og:image:type\" content=\"image\/png\" \/>\n<meta name=\"author\" content=\"Mariano Alejandro Reverdito\" \/>\n<meta name=\"twitter:card\" content=\"summary_large_image\" \/>\n<meta name=\"twitter:label1\" content=\"Escrito por\" \/>\n\t<meta name=\"twitter:data1\" content=\"Mariano Alejandro Reverdito\" \/>\n\t<meta name=\"twitter:label2\" content=\"Tiempo de lectura\" \/>\n\t<meta name=\"twitter:data2\" content=\"6 minutos\" \/>\n<script type=\"application\/ld+json\" class=\"yoast-schema-graph\">{\"@context\":\"https:\/\/schema.org\",\"@graph\":[{\"@type\":\"WebPage\",\"@id\":\"https:\/\/bocaparatodoelmundo.com.ar\/?p=1247\",\"url\":\"https:\/\/bocaparatodoelmundo.com.ar\/?p=1247\",\"name\":\"Pocos encuentros oficiales - BOCA PARA TODO EL MUNDO\",\"isPartOf\":{\"@id\":\"https:\/\/bocaparatodoelmundo.com.ar\/#website\"},\"datePublished\":\"2023-03-01T17:05:33+00:00\",\"dateModified\":\"2023-03-01T17:17:57+00:00\",\"author\":{\"@id\":\"https:\/\/bocaparatodoelmundo.com.ar\/#\/schema\/person\/e510f0548819cdd34d2743a7f368b5ee\"},\"breadcrumb\":{\"@id\":\"https:\/\/bocaparatodoelmundo.com.ar\/?p=1247#breadcrumb\"},\"inLanguage\":\"es-AR\",\"potentialAction\":[{\"@type\":\"ReadAction\",\"target\":[\"https:\/\/bocaparatodoelmundo.com.ar\/?p=1247\"]}]},{\"@type\":\"BreadcrumbList\",\"@id\":\"https:\/\/bocaparatodoelmundo.com.ar\/?p=1247#breadcrumb\",\"itemListElement\":[{\"@type\":\"ListItem\",\"position\":1,\"name\":\"Inicio\",\"item\":\"https:\/\/bocaparatodoelmundo.com.ar\/\"},{\"@type\":\"ListItem\",\"position\":2,\"name\":\"Pocos encuentros oficiales\"}]},{\"@type\":\"WebSite\",\"@id\":\"https:\/\/bocaparatodoelmundo.com.ar\/#website\",\"url\":\"https:\/\/bocaparatodoelmundo.com.ar\/\",\"name\":\"BOCA PARA TODO EL MUNDO\",\"description\":\"Toda la historia y actualidad del club atletico boca junios esta aqui\",\"potentialAction\":[{\"@type\":\"SearchAction\",\"target\":{\"@type\":\"EntryPoint\",\"urlTemplate\":\"https:\/\/bocaparatodoelmundo.com.ar\/?s={search_term_string}\"},\"query-input\":\"required name=search_term_string\"}],\"inLanguage\":\"es-AR\"},{\"@type\":\"Person\",\"@id\":\"https:\/\/bocaparatodoelmundo.com.ar\/#\/schema\/person\/e510f0548819cdd34d2743a7f368b5ee\",\"name\":\"Mariano Alejandro Reverdito\",\"image\":{\"@type\":\"ImageObject\",\"inLanguage\":\"es-AR\",\"@id\":\"https:\/\/bocaparatodoelmundo.com.ar\/#\/schema\/person\/image\/\",\"url\":\"https:\/\/secure.gravatar.com\/avatar\/49111d1ef6575eb7785b5b285bf9bf13bb3e85bda156354fc6ef85c3384f7113?s=96&d=mm&r=g\",\"contentUrl\":\"https:\/\/secure.gravatar.com\/avatar\/49111d1ef6575eb7785b5b285bf9bf13bb3e85bda156354fc6ef85c3384f7113?s=96&d=mm&r=g\",\"caption\":\"Mariano Alejandro Reverdito\"},\"url\":\"https:\/\/bocaparatodoelmundo.com.ar\/?author=4\"}]}<\/script>\n<!-- \/ Yoast SEO plugin. -->","yoast_head_json":{"title":"Pocos encuentros oficiales - BOCA PARA TODO EL MUNDO","robots":{"index":"index","follow":"follow","max-snippet":"max-snippet:-1","max-image-preview":"max-image-preview:large","max-video-preview":"max-video-preview:-1"},"canonical":"https:\/\/bocaparatodoelmundo.com.ar\/?p=1247","og_locale":"es_ES","og_type":"article","og_title":"Pocos encuentros oficiales - BOCA PARA TODO EL MUNDO","og_description":"Toda la historia entre el Xeneize y el Patr\u00f3n, en palabras de nuestro Boc\u00f3logo de...","og_url":"https:\/\/bocaparatodoelmundo.com.ar\/?p=1247","og_site_name":"BOCA PARA TODO EL MUNDO","article_published_time":"2023-03-01T17:05:33+00:00","article_modified_time":"2023-03-01T17:17:57+00:00","og_image":[{"width":1500,"height":900,"url":"https:\/\/bocaparatodoelmundo.com.ar\/wp-content\/uploads\/2023\/03\/Boca-Patronato-Supercopa-Argentina-.png","type":"image\/png"}],"author":"Mariano Alejandro Reverdito","twitter_card":"summary_large_image","twitter_misc":{"Escrito por":"Mariano Alejandro Reverdito","Tiempo de lectura":"6 minutos"},"schema":{"@context":"https:\/\/schema.org","@graph":[{"@type":"WebPage","@id":"https:\/\/bocaparatodoelmundo.com.ar\/?p=1247","url":"https:\/\/bocaparatodoelmundo.com.ar\/?p=1247","name":"Pocos encuentros oficiales - BOCA PARA TODO EL MUNDO","isPartOf":{"@id":"https:\/\/bocaparatodoelmundo.com.ar\/#website"},"datePublished":"2023-03-01T17:05:33+00:00","dateModified":"2023-03-01T17:17:57+00:00","author":{"@id":"https:\/\/bocaparatodoelmundo.com.ar\/#\/schema\/person\/e510f0548819cdd34d2743a7f368b5ee"},"breadcrumb":{"@id":"https:\/\/bocaparatodoelmundo.com.ar\/?p=1247#breadcrumb"},"inLanguage":"es-AR","potentialAction":[{"@type":"ReadAction","target":["https:\/\/bocaparatodoelmundo.com.ar\/?p=1247"]}]},{"@type":"BreadcrumbList","@id":"https:\/\/bocaparatodoelmundo.com.ar\/?p=1247#breadcrumb","itemListElement":[{"@type":"ListItem","position":1,"name":"Inicio","item":"https:\/\/bocaparatodoelmundo.com.ar\/"},{"@type":"ListItem","position":2,"name":"Pocos encuentros oficiales"}]},{"@type":"WebSite","@id":"https:\/\/bocaparatodoelmundo.com.ar\/#website","url":"https:\/\/bocaparatodoelmundo.com.ar\/","name":"BOCA PARA TODO EL MUNDO","description":"Toda la historia y actualidad del club atletico boca junios esta aqui","potentialAction":[{"@type":"SearchAction","target":{"@type":"EntryPoint","urlTemplate":"https:\/\/bocaparatodoelmundo.com.ar\/?s={search_term_string}"},"query-input":"required name=search_term_string"}],"inLanguage":"es-AR"},{"@type":"Person","@id":"https:\/\/bocaparatodoelmundo.com.ar\/#\/schema\/person\/e510f0548819cdd34d2743a7f368b5ee","name":"Mariano Alejandro Reverdito","image":{"@type":"ImageObject","inLanguage":"es-AR","@id":"https:\/\/bocaparatodoelmundo.com.ar\/#\/schema\/person\/image\/","url":"https:\/\/secure.gravatar.com\/avatar\/49111d1ef6575eb7785b5b285bf9bf13bb3e85bda156354fc6ef85c3384f7113?s=96&d=mm&r=g","contentUrl":"https:\/\/secure.gravatar.com\/avatar\/49111d1ef6575eb7785b5b285bf9bf13bb3e85bda156354fc6ef85c3384f7113?s=96&d=mm&r=g","caption":"Mariano Alejandro Reverdito"},"url":"https:\/\/bocaparatodoelmundo.com.ar\/?author=4"}]}},"_links":{"self":[{"href":"https:\/\/bocaparatodoelmundo.com.ar\/index.php?rest_route=\/wp\/v2\/posts\/1247","targetHints":{"allow":["GET"]}}],"collection":[{"href":"https:\/\/bocaparatodoelmundo.com.ar\/index.php?rest_route=\/wp\/v2\/posts"}],"about":[{"href":"https:\/\/bocaparatodoelmundo.com.ar\/index.php?rest_route=\/wp\/v2\/types\/post"}],"author":[{"embeddable":true,"href":"https:\/\/bocaparatodoelmundo.com.ar\/index.php?rest_route=\/wp\/v2\/users\/4"}],"replies":[{"embeddable":true,"href":"https:\/\/bocaparatodoelmundo.com.ar\/index.php?rest_route=%2Fwp%2Fv2%2Fcomments&post=1247"}],"version-history":[{"count":2,"href":"https:\/\/bocaparatodoelmundo.com.ar\/index.php?rest_route=\/wp\/v2\/posts\/1247\/revisions"}],"predecessor-version":[{"id":1250,"href":"https:\/\/bocaparatodoelmundo.com.ar\/index.php?rest_route=\/wp\/v2\/posts\/1247\/revisions\/1250"}],"wp:featuredmedia":[{"embeddable":true,"href":"https:\/\/bocaparatodoelmundo.com.ar\/index.php?rest_route=\/wp\/v2\/media\/1248"}],"wp:attachment":[{"href":"https:\/\/bocaparatodoelmundo.com.ar\/index.php?rest_route=%2Fwp%2Fv2%2Fmedia&parent=1247"}],"wp:term":[{"taxonomy":"category","embeddable":true,"href":"https:\/\/bocaparatodoelmundo.com.ar\/index.php?rest_route=%2Fwp%2Fv2%2Fcategories&post=1247"},{"taxonomy":"post_tag","embeddable":true,"href":"https:\/\/bocaparatodoelmundo.com.ar\/index.php?rest_route=%2Fwp%2Fv2%2Ftags&post=1247"}],"curies":[{"name":"wp","href":"https:\/\/api.w.org\/{rel}","templated":true}]}}