{"id":1239,"date":"2023-02-25T10:08:18","date_gmt":"2023-02-25T13:08:18","guid":{"rendered":"https:\/\/www.bocaparatodoelmundo.com.ar\/?p=1239"},"modified":"2023-02-25T10:08:20","modified_gmt":"2023-02-25T13:08:20","slug":"con-velez-en-la-mira","status":"publish","type":"post","link":"https:\/\/bocaparatodoelmundo.com.ar\/?p=1239","title":{"rendered":"Con V\u00e9lez en la mira&#8230;"},"content":{"rendered":"\n<p>Desde las 21.30,\u00a0<strong>Boca<\/strong>\u00a0visitar\u00e1 a\u00a0<strong>V\u00e9lez\u00a0<\/strong>por la quinta fecha de la\u00a0<strong>Liga Profesional<\/strong>. Ambos equipos buscar\u00e1n lograr tres puntos clave sobre el terreno de juego del Estadio Jos\u00e9 Amalfitani y bajo el arbitraje de Yael Falc\u00f3n P\u00e9rez.\u00a0Transmision del equipo BOCA PARA TODO EL MUNDO por Youtube, desde las 20.30.<\/p>\n\n\n\n<iframe loading=\"lazy\" width=\"560\" height=\"415\" src=\"https:\/\/www.youtube.com\/embed\/98UkDoRMkx8\" title=\"YouTube video player\" frameborder=\"0\" allow=\"accelerometer; autoplay; clipboard-write; encrypted-media; gyroscope; picture-in-picture; web-share\" allowfullscreen><\/iframe>\n\n\n\n<p>El\u00a0<em>Xeneize\u00a0<\/em>llega a este compromiso en Liniers<strong>\u00a0despu\u00e9s de haber vencido 3-1 con autoridad a Platense en La Bombonera<\/strong>. M\u00e1s all\u00e1 de la \u00faltima alegr\u00eda,\u00a0<strong>Hugo Ibarra no puede a\u00fan encontrar la regularidad del equipo \u2013dos victorias, un empate y una derrota- y har\u00e1 dos cambios<\/strong>. Uno en defensa con el ingreso de\u00a0<strong>Facundo Roncaglia<\/strong>\u00a0por\u00a0<strong>Bruno Valdez<\/strong>, afectado por una molestia muscular; y el otro en la mitad de la cancha, con la vuelta de\u00a0<strong>Mart\u00edn Payero<\/strong>\u00a0a la titularidad por\u00a0<strong>Alan Varela<\/strong>.<\/p>\n\n\n\n<p>Si bien\u00a0<strong>Dar\u00edo Benedetto<\/strong>\u00a0y\u00a0<strong>Sebasti\u00e1n Villa<\/strong>\u00a0dejaron atr\u00e1s sus suspensiones (el Pipa arrastraba cuatro jornadas de sanci\u00f3n y el colombiano una), el\u00a0<em>Negro\u00a0<\/em>seguir\u00e1 apostando por la dupla de ataque\u00a0<strong>Miguel Merentiel-Luca Langoni\u00a0<\/strong>que se destac\u00f3 frente al\u00a0<em>Calamar\u00a0<\/em>el fin de semana pasado.<\/p>\n\n\n\n<p>PROBABLES FORMACIONES: <\/p>\n\n\n\n<p>V\u00e9lez Sarsfield: Leandro Buri\u00e1n; Tom\u00e1s Guidara, Diego God\u00edn, Miguel Brizuela, Lautaro Giannetti, Francisco Ortega, Juan Ignacio M\u00e9ndez, El\u00edas Cabrera, Jos\u00e9 Florent\u00edn o Santiago Castro; Lucas Janson y Abiel Osorio. DT: Alexander Medina. <\/p>\n\n\n\n<p>BOCA JUNIORS: Sergio ROMERO; Luis ADVINCULA, Facundo RONCAGLIA, Nicol\u00e1s FIGAL, Agust\u00edn SANDEZ; Guillermo FERNANDEZ, Ezequiel FERNANDEZ, Martin PAYERO; \u00d3scar Romero; Luca LANGONI y Miguel MERENTIEL. DT: Hugo IBARRA. <\/p>\n\n\n\n<p>Los datos de V\u00e9lez vs. Boca, por la Liga Profesional <\/p>\n\n\n\n<p>Hora: 21.30 <\/p>\n\n\n\n<p>TV: ESPN Premium <\/p>\n\n\n\n<p>Estadio: Jos\u00e9 Amalfitani <\/p>\n\n\n\n<p>\u00c1rbitro: Yael Falc\u00f3n P\u00e9rez <\/p>\n\n\n\n<p>El historial de V\u00e9lez y Boca <\/p>\n\n\n\n<p>Jugaron 171 partidos <\/p>\n\n\n\n<p>V\u00e9lez gan\u00f3 45 veces <\/p>\n\n\n\n<p>Boca gan\u00f3 85 veces <\/p>\n\n\n\n<p>Empataron 41 veces <\/p>\n\n\n\n<p>\u00daltimo antecedente: Boca 1 (Gonzalo Morales) \u2013 0 V\u00e9lez (2\/10\/22), por la Liga Profesional.<\/p>\n","protected":false},"excerpt":{"rendered":"<p>Desde las 21.30,\u00a0Boca\u00a0visitar\u00e1 a\u00a0V\u00e9lez\u00a0por la quinta fecha de la\u00a0Liga Profesional. Ambos equipos buscar\u00e1n lograr tres&#8230;<\/p>\n","protected":false},"author":3,"featured_media":1240,"comment_status":"open","ping_status":"open","sticky":false,"template":"","format":"standard","meta":{"footnotes":""},"categories":[4],"tags":[],"class_list":["post-1239","post","type-post","status-publish","format-standard","has-post-thumbnail","hentry","category-primera-division-masculina"],"yoast_head":"<!-- This site is optimized with the Yoast SEO plugin v21.4 - https:\/\/yoast.com\/wordpress\/plugins\/seo\/ -->\n<title>Con V\u00e9lez en la mira... - BOCA PARA TODO EL MUNDO<\/title>\n<meta name=\"robots\" content=\"index, follow, max-snippet:-1, max-image-preview:large, max-video-preview:-1\" \/>\n<link rel=\"canonical\" href=\"https:\/\/bocaparatodoelmundo.com.ar\/?p=1239\" \/>\n<meta property=\"og:locale\" content=\"es_ES\" \/>\n<meta property=\"og:type\" content=\"article\" \/>\n<meta property=\"og:title\" content=\"Con V\u00e9lez en la mira... - BOCA PARA TODO EL MUNDO\" \/>\n<meta property=\"og:description\" content=\"Desde las 21.30,\u00a0Boca\u00a0visitar\u00e1 a\u00a0V\u00e9lez\u00a0por la quinta fecha de la\u00a0Liga Profesional. Ambos equipos buscar\u00e1n lograr tres...\" \/>\n<meta property=\"og:url\" content=\"https:\/\/bocaparatodoelmundo.com.ar\/?p=1239\" \/>\n<meta property=\"og:site_name\" content=\"BOCA PARA TODO EL MUNDO\" \/>\n<meta property=\"article:published_time\" content=\"2023-02-25T13:08:18+00:00\" \/>\n<meta property=\"article:modified_time\" content=\"2023-02-25T13:08:20+00:00\" \/>\n<meta property=\"og:image\" content=\"https:\/\/bocaparatodoelmundo.com.ar\/wp-content\/uploads\/2023\/02\/5.-VELEZ-BOCA-LPF-2023-F-5.jpg\" \/>\n\t<meta property=\"og:image:width\" content=\"1920\" \/>\n\t<meta property=\"og:image:height\" content=\"1080\" \/>\n\t<meta property=\"og:image:type\" content=\"image\/jpeg\" \/>\n<meta name=\"author\" content=\"Redaccion BPTM\" \/>\n<meta name=\"twitter:card\" content=\"summary_large_image\" \/>\n<meta name=\"twitter:label1\" content=\"Escrito por\" \/>\n\t<meta name=\"twitter:data1\" content=\"Redaccion BPTM\" \/>\n\t<meta name=\"twitter:label2\" content=\"Tiempo de lectura\" \/>\n\t<meta name=\"twitter:data2\" content=\"2 minutos\" \/>\n<script type=\"application\/ld+json\" class=\"yoast-schema-graph\">{\"@context\":\"https:\/\/schema.org\",\"@graph\":[{\"@type\":\"WebPage\",\"@id\":\"https:\/\/bocaparatodoelmundo.com.ar\/?p=1239\",\"url\":\"https:\/\/bocaparatodoelmundo.com.ar\/?p=1239\",\"name\":\"Con V\u00e9lez en la mira... - BOCA PARA TODO EL MUNDO\",\"isPartOf\":{\"@id\":\"https:\/\/bocaparatodoelmundo.com.ar\/#website\"},\"datePublished\":\"2023-02-25T13:08:18+00:00\",\"dateModified\":\"2023-02-25T13:08:20+00:00\",\"author\":{\"@id\":\"https:\/\/bocaparatodoelmundo.com.ar\/#\/schema\/person\/cc56d27ea9d37f4cea3636086a1847c5\"},\"breadcrumb\":{\"@id\":\"https:\/\/bocaparatodoelmundo.com.ar\/?p=1239#breadcrumb\"},\"inLanguage\":\"es-AR\",\"potentialAction\":[{\"@type\":\"ReadAction\",\"target\":[\"https:\/\/bocaparatodoelmundo.com.ar\/?p=1239\"]}]},{\"@type\":\"BreadcrumbList\",\"@id\":\"https:\/\/bocaparatodoelmundo.com.ar\/?p=1239#breadcrumb\",\"itemListElement\":[{\"@type\":\"ListItem\",\"position\":1,\"name\":\"Inicio\",\"item\":\"https:\/\/bocaparatodoelmundo.com.ar\/\"},{\"@type\":\"ListItem\",\"position\":2,\"name\":\"Con V\u00e9lez en la mira&#8230;\"}]},{\"@type\":\"WebSite\",\"@id\":\"https:\/\/bocaparatodoelmundo.com.ar\/#website\",\"url\":\"https:\/\/bocaparatodoelmundo.com.ar\/\",\"name\":\"BOCA PARA TODO EL MUNDO\",\"description\":\"Toda la historia y actualidad del club atletico boca junios esta aqui\",\"potentialAction\":[{\"@type\":\"SearchAction\",\"target\":{\"@type\":\"EntryPoint\",\"urlTemplate\":\"https:\/\/bocaparatodoelmundo.com.ar\/?s={search_term_string}\"},\"query-input\":\"required name=search_term_string\"}],\"inLanguage\":\"es-AR\"},{\"@type\":\"Person\",\"@id\":\"https:\/\/bocaparatodoelmundo.com.ar\/#\/schema\/person\/cc56d27ea9d37f4cea3636086a1847c5\",\"name\":\"Redaccion BPTM\",\"image\":{\"@type\":\"ImageObject\",\"inLanguage\":\"es-AR\",\"@id\":\"https:\/\/bocaparatodoelmundo.com.ar\/#\/schema\/person\/image\/\",\"url\":\"https:\/\/secure.gravatar.com\/avatar\/3b62665b8c08843736974a055cc2398ba6bb7fd2fe787285105d666c418a7d13?s=96&d=mm&r=g\",\"contentUrl\":\"https:\/\/secure.gravatar.com\/avatar\/3b62665b8c08843736974a055cc2398ba6bb7fd2fe787285105d666c418a7d13?s=96&d=mm&r=g\",\"caption\":\"Redaccion BPTM\"},\"sameAs\":[\"http:\/\/bocaparatodoelmundo.com.ar\"],\"url\":\"https:\/\/bocaparatodoelmundo.com.ar\/?author=3\"}]}<\/script>\n<!-- \/ Yoast SEO plugin. -->","yoast_head_json":{"title":"Con V\u00e9lez en la mira... - BOCA PARA TODO EL MUNDO","robots":{"index":"index","follow":"follow","max-snippet":"max-snippet:-1","max-image-preview":"max-image-preview:large","max-video-preview":"max-video-preview:-1"},"canonical":"https:\/\/bocaparatodoelmundo.com.ar\/?p=1239","og_locale":"es_ES","og_type":"article","og_title":"Con V\u00e9lez en la mira... - BOCA PARA TODO EL MUNDO","og_description":"Desde las 21.30,\u00a0Boca\u00a0visitar\u00e1 a\u00a0V\u00e9lez\u00a0por la quinta fecha de la\u00a0Liga Profesional. Ambos equipos buscar\u00e1n lograr tres...","og_url":"https:\/\/bocaparatodoelmundo.com.ar\/?p=1239","og_site_name":"BOCA PARA TODO EL MUNDO","article_published_time":"2023-02-25T13:08:18+00:00","article_modified_time":"2023-02-25T13:08:20+00:00","og_image":[{"width":1920,"height":1080,"url":"https:\/\/bocaparatodoelmundo.com.ar\/wp-content\/uploads\/2023\/02\/5.-VELEZ-BOCA-LPF-2023-F-5.jpg","type":"image\/jpeg"}],"author":"Redaccion BPTM","twitter_card":"summary_large_image","twitter_misc":{"Escrito por":"Redaccion BPTM","Tiempo de lectura":"2 minutos"},"schema":{"@context":"https:\/\/schema.org","@graph":[{"@type":"WebPage","@id":"https:\/\/bocaparatodoelmundo.com.ar\/?p=1239","url":"https:\/\/bocaparatodoelmundo.com.ar\/?p=1239","name":"Con V\u00e9lez en la mira... - BOCA PARA TODO EL MUNDO","isPartOf":{"@id":"https:\/\/bocaparatodoelmundo.com.ar\/#website"},"datePublished":"2023-02-25T13:08:18+00:00","dateModified":"2023-02-25T13:08:20+00:00","author":{"@id":"https:\/\/bocaparatodoelmundo.com.ar\/#\/schema\/person\/cc56d27ea9d37f4cea3636086a1847c5"},"breadcrumb":{"@id":"https:\/\/bocaparatodoelmundo.com.ar\/?p=1239#breadcrumb"},"inLanguage":"es-AR","potentialAction":[{"@type":"ReadAction","target":["https:\/\/bocaparatodoelmundo.com.ar\/?p=1239"]}]},{"@type":"BreadcrumbList","@id":"https:\/\/bocaparatodoelmundo.com.ar\/?p=1239#breadcrumb","itemListElement":[{"@type":"ListItem","position":1,"name":"Inicio","item":"https:\/\/bocaparatodoelmundo.com.ar\/"},{"@type":"ListItem","position":2,"name":"Con V\u00e9lez en la mira&#8230;"}]},{"@type":"WebSite","@id":"https:\/\/bocaparatodoelmundo.com.ar\/#website","url":"https:\/\/bocaparatodoelmundo.com.ar\/","name":"BOCA PARA TODO EL MUNDO","description":"Toda la historia y actualidad del club atletico boca junios esta aqui","potentialAction":[{"@type":"SearchAction","target":{"@type":"EntryPoint","urlTemplate":"https:\/\/bocaparatodoelmundo.com.ar\/?s={search_term_string}"},"query-input":"required name=search_term_string"}],"inLanguage":"es-AR"},{"@type":"Person","@id":"https:\/\/bocaparatodoelmundo.com.ar\/#\/schema\/person\/cc56d27ea9d37f4cea3636086a1847c5","name":"Redaccion BPTM","image":{"@type":"ImageObject","inLanguage":"es-AR","@id":"https:\/\/bocaparatodoelmundo.com.ar\/#\/schema\/person\/image\/","url":"https:\/\/secure.gravatar.com\/avatar\/3b62665b8c08843736974a055cc2398ba6bb7fd2fe787285105d666c418a7d13?s=96&d=mm&r=g","contentUrl":"https:\/\/secure.gravatar.com\/avatar\/3b62665b8c08843736974a055cc2398ba6bb7fd2fe787285105d666c418a7d13?s=96&d=mm&r=g","caption":"Redaccion BPTM"},"sameAs":["http:\/\/bocaparatodoelmundo.com.ar"],"url":"https:\/\/bocaparatodoelmundo.com.ar\/?author=3"}]}},"_links":{"self":[{"href":"https:\/\/bocaparatodoelmundo.com.ar\/index.php?rest_route=\/wp\/v2\/posts\/1239","targetHints":{"allow":["GET"]}}],"collection":[{"href":"https:\/\/bocaparatodoelmundo.com.ar\/index.php?rest_route=\/wp\/v2\/posts"}],"about":[{"href":"https:\/\/bocaparatodoelmundo.com.ar\/index.php?rest_route=\/wp\/v2\/types\/post"}],"author":[{"embeddable":true,"href":"https:\/\/bocaparatodoelmundo.com.ar\/index.php?rest_route=\/wp\/v2\/users\/3"}],"replies":[{"embeddable":true,"href":"https:\/\/bocaparatodoelmundo.com.ar\/index.php?rest_route=%2Fwp%2Fv2%2Fcomments&post=1239"}],"version-history":[{"count":1,"href":"https:\/\/bocaparatodoelmundo.com.ar\/index.php?rest_route=\/wp\/v2\/posts\/1239\/revisions"}],"predecessor-version":[{"id":1241,"href":"https:\/\/bocaparatodoelmundo.com.ar\/index.php?rest_route=\/wp\/v2\/posts\/1239\/revisions\/1241"}],"wp:featuredmedia":[{"embeddable":true,"href":"https:\/\/bocaparatodoelmundo.com.ar\/index.php?rest_route=\/wp\/v2\/media\/1240"}],"wp:attachment":[{"href":"https:\/\/bocaparatodoelmundo.com.ar\/index.php?rest_route=%2Fwp%2Fv2%2Fmedia&parent=1239"}],"wp:term":[{"taxonomy":"category","embeddable":true,"href":"https:\/\/bocaparatodoelmundo.com.ar\/index.php?rest_route=%2Fwp%2Fv2%2Fcategories&post=1239"},{"taxonomy":"post_tag","embeddable":true,"href":"https:\/\/bocaparatodoelmundo.com.ar\/index.php?rest_route=%2Fwp%2Fv2%2Ftags&post=1239"}],"curies":[{"name":"wp","href":"https:\/\/api.w.org\/{rel}","templated":true}]}}