{"id":1157,"date":"2023-02-08T13:40:37","date_gmt":"2023-02-08T16:40:37","guid":{"rendered":"https:\/\/www.bocaparatodoelmundo.com.ar\/?p=1157"},"modified":"2023-02-08T13:40:42","modified_gmt":"2023-02-08T16:40:42","slug":"colorado-el-3","status":"publish","type":"post","link":"https:\/\/bocaparatodoelmundo.com.ar\/?p=1157","title":{"rendered":"Colorado el 3"},"content":{"rendered":"\n<p>El club oficializ\u00f3 la renovaci\u00f3n del contrato profesional de Valent\u00edn Barco.<br>Valentin Barco, Defensor Lateral izquierdo categor\u00eda 2004 que firm\u00f3 v\u00ednculo hasta finales del<br>2024.<br>Felicitaciones y muchos \u00e9xitos Colo \ufffd\ufffd<br>Vamos Boca \u26bd\ufe0f \ufffd\ufffd\ufffd\ufffd \ufffd\ufffd \ufffd\ufffd \ufffd\ufffd \ufffd\ufffd<br>Imagen gentileza @bocajrsoficial<\/p>\n\n\n\n<h4 class=\"wp-block-heading\">BocaJuniors #BocaFutMasculino #F\u00fatbol #F\u00fatbolMasculino #BocaFutbol #Afa<\/h4>\n\n\n\n<h4 class=\"wp-block-heading\">BocaFutbolJuveniles #BocaInferiores #BocaPredio #VamosLosPibes<\/h4>\n\n\n\n<h4 class=\"wp-block-heading\">CentrodeEntrenamientodeEzeiza #BocaDivisionReserva #TorneoProyecci\u00f3n2023<\/h4>\n\n\n\n<h4 class=\"wp-block-heading\">ValentinBarco<\/h4>\n\n\n\n<p>fb:\/\/group\/800417717511076?ref=share&amp;mibextid=NSMWBT<\/p>\n","protected":false},"excerpt":{"rendered":"<p>El club oficializ\u00f3 la renovaci\u00f3n del contrato profesional de Valent\u00edn Barco.Valentin Barco, Defensor Lateral izquierdo&#8230;<\/p>\n","protected":false},"author":5,"featured_media":1158,"comment_status":"open","ping_status":"open","sticky":false,"template":"","format":"standard","meta":{"footnotes":""},"categories":[7],"tags":[],"class_list":["post-1157","post","type-post","status-publish","format-standard","has-post-thumbnail","hentry","category-futbol-juvenil"],"yoast_head":"<!-- This site is optimized with the Yoast SEO plugin v21.4 - https:\/\/yoast.com\/wordpress\/plugins\/seo\/ -->\n<title>Colorado el 3 - BOCA PARA TODO EL MUNDO<\/title>\n<meta name=\"robots\" content=\"index, follow, max-snippet:-1, max-image-preview:large, max-video-preview:-1\" \/>\n<link rel=\"canonical\" href=\"https:\/\/bocaparatodoelmundo.com.ar\/?p=1157\" \/>\n<meta property=\"og:locale\" content=\"es_ES\" \/>\n<meta property=\"og:type\" content=\"article\" \/>\n<meta property=\"og:title\" content=\"Colorado el 3 - BOCA PARA TODO EL MUNDO\" \/>\n<meta property=\"og:description\" content=\"El club oficializ\u00f3 la renovaci\u00f3n del contrato profesional de Valent\u00edn Barco.Valentin Barco, Defensor Lateral izquierdo...\" \/>\n<meta property=\"og:url\" content=\"https:\/\/bocaparatodoelmundo.com.ar\/?p=1157\" \/>\n<meta property=\"og:site_name\" content=\"BOCA PARA TODO EL MUNDO\" \/>\n<meta property=\"article:published_time\" content=\"2023-02-08T16:40:37+00:00\" \/>\n<meta property=\"article:modified_time\" content=\"2023-02-08T16:40:42+00:00\" \/>\n<meta property=\"og:image\" content=\"https:\/\/bocaparatodoelmundo.com.ar\/wp-content\/uploads\/2023\/02\/349x283barco-perfil_fd92c.jpg\" \/>\n\t<meta property=\"og:image:width\" content=\"349\" \/>\n\t<meta property=\"og:image:height\" content=\"283\" \/>\n\t<meta property=\"og:image:type\" content=\"image\/jpeg\" \/>\n<meta name=\"author\" content=\"Ignacio Chulia\" \/>\n<meta name=\"twitter:card\" content=\"summary_large_image\" \/>\n<meta name=\"twitter:label1\" content=\"Escrito por\" \/>\n\t<meta name=\"twitter:data1\" content=\"Ignacio Chulia\" \/>\n\t<meta name=\"twitter:label2\" content=\"Tiempo de lectura\" \/>\n\t<meta name=\"twitter:data2\" content=\"1 minuto\" \/>\n<script type=\"application\/ld+json\" class=\"yoast-schema-graph\">{\"@context\":\"https:\/\/schema.org\",\"@graph\":[{\"@type\":\"WebPage\",\"@id\":\"https:\/\/bocaparatodoelmundo.com.ar\/?p=1157\",\"url\":\"https:\/\/bocaparatodoelmundo.com.ar\/?p=1157\",\"name\":\"Colorado el 3 - BOCA PARA TODO EL MUNDO\",\"isPartOf\":{\"@id\":\"https:\/\/bocaparatodoelmundo.com.ar\/#website\"},\"datePublished\":\"2023-02-08T16:40:37+00:00\",\"dateModified\":\"2023-02-08T16:40:42+00:00\",\"author\":{\"@id\":\"https:\/\/bocaparatodoelmundo.com.ar\/#\/schema\/person\/5dbdc935be6051ba5cb6745b36d3c00c\"},\"breadcrumb\":{\"@id\":\"https:\/\/bocaparatodoelmundo.com.ar\/?p=1157#breadcrumb\"},\"inLanguage\":\"es-AR\",\"potentialAction\":[{\"@type\":\"ReadAction\",\"target\":[\"https:\/\/bocaparatodoelmundo.com.ar\/?p=1157\"]}]},{\"@type\":\"BreadcrumbList\",\"@id\":\"https:\/\/bocaparatodoelmundo.com.ar\/?p=1157#breadcrumb\",\"itemListElement\":[{\"@type\":\"ListItem\",\"position\":1,\"name\":\"Inicio\",\"item\":\"https:\/\/bocaparatodoelmundo.com.ar\/\"},{\"@type\":\"ListItem\",\"position\":2,\"name\":\"Colorado el 3\"}]},{\"@type\":\"WebSite\",\"@id\":\"https:\/\/bocaparatodoelmundo.com.ar\/#website\",\"url\":\"https:\/\/bocaparatodoelmundo.com.ar\/\",\"name\":\"BOCA PARA TODO EL MUNDO\",\"description\":\"Toda la historia y actualidad del club atletico boca junios esta aqui\",\"potentialAction\":[{\"@type\":\"SearchAction\",\"target\":{\"@type\":\"EntryPoint\",\"urlTemplate\":\"https:\/\/bocaparatodoelmundo.com.ar\/?s={search_term_string}\"},\"query-input\":\"required name=search_term_string\"}],\"inLanguage\":\"es-AR\"},{\"@type\":\"Person\",\"@id\":\"https:\/\/bocaparatodoelmundo.com.ar\/#\/schema\/person\/5dbdc935be6051ba5cb6745b36d3c00c\",\"name\":\"Ignacio Chulia\",\"image\":{\"@type\":\"ImageObject\",\"inLanguage\":\"es-AR\",\"@id\":\"https:\/\/bocaparatodoelmundo.com.ar\/#\/schema\/person\/image\/\",\"url\":\"https:\/\/secure.gravatar.com\/avatar\/ed0ff2363c9d2c3f78f9ce5c1dea06609a99880836a21863e98819afdabc1845?s=96&d=mm&r=g\",\"contentUrl\":\"https:\/\/secure.gravatar.com\/avatar\/ed0ff2363c9d2c3f78f9ce5c1dea06609a99880836a21863e98819afdabc1845?s=96&d=mm&r=g\",\"caption\":\"Ignacio Chulia\"},\"url\":\"https:\/\/bocaparatodoelmundo.com.ar\/?author=5\"}]}<\/script>\n<!-- \/ Yoast SEO plugin. -->","yoast_head_json":{"title":"Colorado el 3 - BOCA PARA TODO EL MUNDO","robots":{"index":"index","follow":"follow","max-snippet":"max-snippet:-1","max-image-preview":"max-image-preview:large","max-video-preview":"max-video-preview:-1"},"canonical":"https:\/\/bocaparatodoelmundo.com.ar\/?p=1157","og_locale":"es_ES","og_type":"article","og_title":"Colorado el 3 - BOCA PARA TODO EL MUNDO","og_description":"El club oficializ\u00f3 la renovaci\u00f3n del contrato profesional de Valent\u00edn Barco.Valentin Barco, Defensor Lateral izquierdo...","og_url":"https:\/\/bocaparatodoelmundo.com.ar\/?p=1157","og_site_name":"BOCA PARA TODO EL MUNDO","article_published_time":"2023-02-08T16:40:37+00:00","article_modified_time":"2023-02-08T16:40:42+00:00","og_image":[{"width":349,"height":283,"url":"https:\/\/bocaparatodoelmundo.com.ar\/wp-content\/uploads\/2023\/02\/349x283barco-perfil_fd92c.jpg","type":"image\/jpeg"}],"author":"Ignacio Chulia","twitter_card":"summary_large_image","twitter_misc":{"Escrito por":"Ignacio Chulia","Tiempo de lectura":"1 minuto"},"schema":{"@context":"https:\/\/schema.org","@graph":[{"@type":"WebPage","@id":"https:\/\/bocaparatodoelmundo.com.ar\/?p=1157","url":"https:\/\/bocaparatodoelmundo.com.ar\/?p=1157","name":"Colorado el 3 - BOCA PARA TODO EL MUNDO","isPartOf":{"@id":"https:\/\/bocaparatodoelmundo.com.ar\/#website"},"datePublished":"2023-02-08T16:40:37+00:00","dateModified":"2023-02-08T16:40:42+00:00","author":{"@id":"https:\/\/bocaparatodoelmundo.com.ar\/#\/schema\/person\/5dbdc935be6051ba5cb6745b36d3c00c"},"breadcrumb":{"@id":"https:\/\/bocaparatodoelmundo.com.ar\/?p=1157#breadcrumb"},"inLanguage":"es-AR","potentialAction":[{"@type":"ReadAction","target":["https:\/\/bocaparatodoelmundo.com.ar\/?p=1157"]}]},{"@type":"BreadcrumbList","@id":"https:\/\/bocaparatodoelmundo.com.ar\/?p=1157#breadcrumb","itemListElement":[{"@type":"ListItem","position":1,"name":"Inicio","item":"https:\/\/bocaparatodoelmundo.com.ar\/"},{"@type":"ListItem","position":2,"name":"Colorado el 3"}]},{"@type":"WebSite","@id":"https:\/\/bocaparatodoelmundo.com.ar\/#website","url":"https:\/\/bocaparatodoelmundo.com.ar\/","name":"BOCA PARA TODO EL MUNDO","description":"Toda la historia y actualidad del club atletico boca junios esta aqui","potentialAction":[{"@type":"SearchAction","target":{"@type":"EntryPoint","urlTemplate":"https:\/\/bocaparatodoelmundo.com.ar\/?s={search_term_string}"},"query-input":"required name=search_term_string"}],"inLanguage":"es-AR"},{"@type":"Person","@id":"https:\/\/bocaparatodoelmundo.com.ar\/#\/schema\/person\/5dbdc935be6051ba5cb6745b36d3c00c","name":"Ignacio Chulia","image":{"@type":"ImageObject","inLanguage":"es-AR","@id":"https:\/\/bocaparatodoelmundo.com.ar\/#\/schema\/person\/image\/","url":"https:\/\/secure.gravatar.com\/avatar\/ed0ff2363c9d2c3f78f9ce5c1dea06609a99880836a21863e98819afdabc1845?s=96&d=mm&r=g","contentUrl":"https:\/\/secure.gravatar.com\/avatar\/ed0ff2363c9d2c3f78f9ce5c1dea06609a99880836a21863e98819afdabc1845?s=96&d=mm&r=g","caption":"Ignacio Chulia"},"url":"https:\/\/bocaparatodoelmundo.com.ar\/?author=5"}]}},"_links":{"self":[{"href":"https:\/\/bocaparatodoelmundo.com.ar\/index.php?rest_route=\/wp\/v2\/posts\/1157","targetHints":{"allow":["GET"]}}],"collection":[{"href":"https:\/\/bocaparatodoelmundo.com.ar\/index.php?rest_route=\/wp\/v2\/posts"}],"about":[{"href":"https:\/\/bocaparatodoelmundo.com.ar\/index.php?rest_route=\/wp\/v2\/types\/post"}],"author":[{"embeddable":true,"href":"https:\/\/bocaparatodoelmundo.com.ar\/index.php?rest_route=\/wp\/v2\/users\/5"}],"replies":[{"embeddable":true,"href":"https:\/\/bocaparatodoelmundo.com.ar\/index.php?rest_route=%2Fwp%2Fv2%2Fcomments&post=1157"}],"version-history":[{"count":1,"href":"https:\/\/bocaparatodoelmundo.com.ar\/index.php?rest_route=\/wp\/v2\/posts\/1157\/revisions"}],"predecessor-version":[{"id":1159,"href":"https:\/\/bocaparatodoelmundo.com.ar\/index.php?rest_route=\/wp\/v2\/posts\/1157\/revisions\/1159"}],"wp:featuredmedia":[{"embeddable":true,"href":"https:\/\/bocaparatodoelmundo.com.ar\/index.php?rest_route=\/wp\/v2\/media\/1158"}],"wp:attachment":[{"href":"https:\/\/bocaparatodoelmundo.com.ar\/index.php?rest_route=%2Fwp%2Fv2%2Fmedia&parent=1157"}],"wp:term":[{"taxonomy":"category","embeddable":true,"href":"https:\/\/bocaparatodoelmundo.com.ar\/index.php?rest_route=%2Fwp%2Fv2%2Fcategories&post=1157"},{"taxonomy":"post_tag","embeddable":true,"href":"https:\/\/bocaparatodoelmundo.com.ar\/index.php?rest_route=%2Fwp%2Fv2%2Ftags&post=1157"}],"curies":[{"name":"wp","href":"https:\/\/api.w.org\/{rel}","templated":true}]}}