{"id":1132,"date":"2023-02-03T21:40:00","date_gmt":"2023-02-04T00:40:00","guid":{"rendered":"https:\/\/www.bocaparatodoelmundo.com.ar\/?p=1132"},"modified":"2023-02-04T20:47:31","modified_gmt":"2023-02-04T23:47:31","slug":"merentiel-nuevo-refuerzo-de-boca","status":"publish","type":"post","link":"https:\/\/bocaparatodoelmundo.com.ar\/?p=1132","title":{"rendered":"Merentiel, nuevo refuerzo de Boca"},"content":{"rendered":"\n<p>El delantero uruguayo, proveniente del Palmeiras, podr\u00eda debutar el domingo contra Central C\u00f3rdoba de Santiago del Estero.<\/p>\n\n\n\n<p>El delantero uruguayo&nbsp;<strong>Miguel Merentiel&nbsp;<\/strong>fue presentado como nuevo refuerzo de Boca Juniors este viernes y en conferencia de prensa se mostr\u00f3 entusiasmado con esta posibilidad de vestir la camiseta de uno de los clubes m\u00e1s importantes de la&nbsp;<strong>Argentina<\/strong>, despu\u00e9s de su paso por Palmeiras. El futbolista ya se encuentra a disposici\u00f3n del entrenador&nbsp;<strong>Hugo Ibarra<\/strong>.<\/p>\n\n\n\n<p><strong>\u201cMi representante me llam\u00f3 para avisarme que exist\u00eda la posibilidad de Boca Juniors y ni siquiera lo dud\u00e9, le dije que esta opci\u00f3n era la mejor para mi\u201d<\/strong>, coment\u00f3 al revelar que tambi\u00e9n ten\u00eda otras propuestas, aunque no mencion\u00f3 de qu\u00e9 equipos. Al ser preguntado sobre la posici\u00f3n en la que m\u00e1s se siente c\u00f3modo, explic\u00f3: \u201cPuedo jugar con otro 9, soy m\u00e1s de ir a los espacios y salir a jugar tambi\u00e9n, pero estoy preparado para apoyar de donde me toque\u201d.<\/p>\n\n\n\n<p>Su mejor actuaci\u00f3n ha sido con la camiseta de<strong>\u00a0Defensa y Justicia,<\/strong>\u00a0entre 2020 y 2021, periodo en el que gan\u00f3 la Copa Sudamericana y le marc\u00f3 un gol a River Plate que qued\u00f3 en la historia. Es que a finales de 2021 tuvo la oportunidad de convertir un tanto en el Monumental y en el festej\u00f3 busc\u00f3 una c\u00e1mara para gritar: \u201c\u00a1Soy una bestia!\u201d. Aquella celebraci\u00f3n hasta el d\u00eda de hoy sigue teniendo repercusi\u00f3n en redes sociales al punto tal que los usuarios lo han apodado<em>\u00a0La Bestia<\/em>: \u201cHice el gol y me saqu\u00e9 mal, fue una euforia del momento y se hizo muy viral\u201d, record\u00f3 entre risas.<\/p>\n\n\n\n<p>Por otro lado, reconoci\u00f3 que hace tiempo tiene un fanatismo con\u00a0<strong>Juan Rom\u00e1n Riquelme<\/strong>, actual vicepresidente primero de Boca Juniors, y que justamente en su honor ha bautizado a su mascota: \u201cHabl\u00e9 con Rom\u00e1n por tel\u00e9fono y en el predio de Ezeiza, me han recibido muy bien. Tengo un perro que se llama Juan Rom\u00e1n y tiene cuatro a\u00f1os y es por un aprecio que ten\u00eda a Rom\u00e1n de chico. Al perro lo amamos\u201d.<\/p>\n\n\n\n<p><strong>Merentiel, de 26 a\u00f1os,&nbsp;<\/strong>lleg\u00f3 a Boca Juniors pr\u00e9stamo por un a\u00f1o luego de que el due\u00f1o de su pase, Palmeiras, acordara con el&nbsp;<em>Xeneize<\/em>. Ya se entrena con sus nuevos compa\u00f1eros y podr\u00eda debutar este domingo en el encuentro que el elenco azul y oro jugar\u00e1 de local ante Central C\u00f3rdoba de Santiago del Estero por la segunda fecha de la Liga Profesional.&nbsp;<strong>Usar\u00e1 el dorsal 16 que dej\u00f3 vacante Aaron Molinas, quien se fue a Tigre<\/strong>.<\/p>\n\n\n\n<p>Boca Juniors tiene una opci\u00f3n de compra por el pase del charr\u00faa que ser\u00eda por&nbsp;<strong>tres millones de d\u00f3lares<\/strong>&nbsp;en caso de que a fin de a\u00f1o la dirigencia defina retenerlo. Hay muchas expectativas en el punta que disputar\u00e1 la titularidad en el puesto de centro delantero con&nbsp;<strong>Luis V\u00e1zquez, Nicol\u00e1s Orsini y Dar\u00edo Benedetto<\/strong>.<\/p>\n\n\n\n<p>En el presente ejercicio, el&nbsp;<em>Xeneize<\/em>&nbsp;vuelve a tener una agenda cargada con la Liga Profesional que acaba de iniciarse, la Copa de la Liga en la segunda parte del a\u00f1o y la Copa Argentina. El mes pr\u00f3ximo puede llegar a lograr sus primeros t\u00edtulos pues jugar\u00e1 las finales del Trofeo de Campeones de 2020 y la Supercopa Argentina 2022. Pero el objetivo m\u00e1s importante estar\u00e1 en intentar la Copa Libertadores.<\/p>\n\n\n\n<p>El jugador oriental regresa al f\u00fatbol argentino, donde su mejor rendimiento fue en Defensa y Justicia, club con el que logr\u00f3 la Copa Sudamericana y la Recopa Sudamericana en la serie en la que super\u00f3 a Palmeiras, por entonces vigente campe\u00f3n de la Copa Libertadores. En el&nbsp;<em>Halc\u00f3n&nbsp;<\/em>marc\u00f3&nbsp;<strong>27 goles y 9 asistencias en 79 partidos. Merentiel&nbsp;<\/strong>naci\u00f3 en Paysand\u00fa y debut\u00f3 en Pe\u00f1arol de Montevideo. Pas\u00f3 por Tanque Sisley, Lorca FC de Espa\u00f1a, Godoy Cruz y Defensa, donde estuvo hasta mediados de 2022. Luego fue comprado por el Palmeiras y all\u00ed disput\u00f3 11 encuentros y convirti\u00f3 dos tantos.<\/p>\n","protected":false},"excerpt":{"rendered":"<p>El delantero uruguayo, proveniente del Palmeiras, podr\u00eda debutar el domingo contra Central C\u00f3rdoba de Santiago&#8230;<\/p>\n","protected":false},"author":3,"featured_media":1133,"comment_status":"open","ping_status":"open","sticky":false,"template":"","format":"standard","meta":{"footnotes":""},"categories":[4],"tags":[],"class_list":["post-1132","post","type-post","status-publish","format-standard","has-post-thumbnail","hentry","category-primera-division-masculina"],"yoast_head":"<!-- This site is optimized with the Yoast SEO plugin v21.4 - https:\/\/yoast.com\/wordpress\/plugins\/seo\/ -->\n<title>Merentiel, nuevo refuerzo de Boca - BOCA PARA TODO EL MUNDO<\/title>\n<meta name=\"robots\" content=\"index, follow, max-snippet:-1, max-image-preview:large, max-video-preview:-1\" \/>\n<link rel=\"canonical\" href=\"https:\/\/bocaparatodoelmundo.com.ar\/?p=1132\" \/>\n<meta property=\"og:locale\" content=\"es_ES\" \/>\n<meta property=\"og:type\" content=\"article\" \/>\n<meta property=\"og:title\" content=\"Merentiel, nuevo refuerzo de Boca - BOCA PARA TODO EL MUNDO\" \/>\n<meta property=\"og:description\" content=\"El delantero uruguayo, proveniente del Palmeiras, podr\u00eda debutar el domingo contra Central C\u00f3rdoba de Santiago...\" \/>\n<meta property=\"og:url\" content=\"https:\/\/bocaparatodoelmundo.com.ar\/?p=1132\" \/>\n<meta property=\"og:site_name\" content=\"BOCA PARA TODO EL MUNDO\" \/>\n<meta property=\"article:published_time\" content=\"2023-02-04T00:40:00+00:00\" \/>\n<meta property=\"article:modified_time\" content=\"2023-02-04T23:47:31+00:00\" \/>\n<meta property=\"og:image\" content=\"https:\/\/bocaparatodoelmundo.com.ar\/wp-content\/uploads\/2023\/02\/tr1sf42sfags1sfm2ff2frs.jpg_190851180.webp\" \/>\n\t<meta property=\"og:image:width\" content=\"397\" \/>\n\t<meta property=\"og:image:height\" content=\"305\" \/>\n\t<meta property=\"og:image:type\" content=\"image\/webp\" \/>\n<meta name=\"author\" content=\"Redaccion BPTM\" \/>\n<meta name=\"twitter:card\" content=\"summary_large_image\" \/>\n<meta name=\"twitter:label1\" content=\"Escrito por\" \/>\n\t<meta name=\"twitter:data1\" content=\"Redaccion BPTM\" \/>\n\t<meta name=\"twitter:label2\" content=\"Tiempo de lectura\" \/>\n\t<meta name=\"twitter:data2\" content=\"3 minutos\" \/>\n<script type=\"application\/ld+json\" class=\"yoast-schema-graph\">{\"@context\":\"https:\/\/schema.org\",\"@graph\":[{\"@type\":\"WebPage\",\"@id\":\"https:\/\/bocaparatodoelmundo.com.ar\/?p=1132\",\"url\":\"https:\/\/bocaparatodoelmundo.com.ar\/?p=1132\",\"name\":\"Merentiel, nuevo refuerzo de Boca - BOCA PARA TODO EL MUNDO\",\"isPartOf\":{\"@id\":\"https:\/\/bocaparatodoelmundo.com.ar\/#website\"},\"datePublished\":\"2023-02-04T00:40:00+00:00\",\"dateModified\":\"2023-02-04T23:47:31+00:00\",\"author\":{\"@id\":\"https:\/\/bocaparatodoelmundo.com.ar\/#\/schema\/person\/cc56d27ea9d37f4cea3636086a1847c5\"},\"breadcrumb\":{\"@id\":\"https:\/\/bocaparatodoelmundo.com.ar\/?p=1132#breadcrumb\"},\"inLanguage\":\"es-AR\",\"potentialAction\":[{\"@type\":\"ReadAction\",\"target\":[\"https:\/\/bocaparatodoelmundo.com.ar\/?p=1132\"]}]},{\"@type\":\"BreadcrumbList\",\"@id\":\"https:\/\/bocaparatodoelmundo.com.ar\/?p=1132#breadcrumb\",\"itemListElement\":[{\"@type\":\"ListItem\",\"position\":1,\"name\":\"Inicio\",\"item\":\"https:\/\/bocaparatodoelmundo.com.ar\/\"},{\"@type\":\"ListItem\",\"position\":2,\"name\":\"Merentiel, nuevo refuerzo de Boca\"}]},{\"@type\":\"WebSite\",\"@id\":\"https:\/\/bocaparatodoelmundo.com.ar\/#website\",\"url\":\"https:\/\/bocaparatodoelmundo.com.ar\/\",\"name\":\"BOCA PARA TODO EL MUNDO\",\"description\":\"Toda la historia y actualidad del club atletico boca junios esta aqui\",\"potentialAction\":[{\"@type\":\"SearchAction\",\"target\":{\"@type\":\"EntryPoint\",\"urlTemplate\":\"https:\/\/bocaparatodoelmundo.com.ar\/?s={search_term_string}\"},\"query-input\":\"required name=search_term_string\"}],\"inLanguage\":\"es-AR\"},{\"@type\":\"Person\",\"@id\":\"https:\/\/bocaparatodoelmundo.com.ar\/#\/schema\/person\/cc56d27ea9d37f4cea3636086a1847c5\",\"name\":\"Redaccion BPTM\",\"image\":{\"@type\":\"ImageObject\",\"inLanguage\":\"es-AR\",\"@id\":\"https:\/\/bocaparatodoelmundo.com.ar\/#\/schema\/person\/image\/\",\"url\":\"https:\/\/secure.gravatar.com\/avatar\/3b62665b8c08843736974a055cc2398ba6bb7fd2fe787285105d666c418a7d13?s=96&d=mm&r=g\",\"contentUrl\":\"https:\/\/secure.gravatar.com\/avatar\/3b62665b8c08843736974a055cc2398ba6bb7fd2fe787285105d666c418a7d13?s=96&d=mm&r=g\",\"caption\":\"Redaccion BPTM\"},\"sameAs\":[\"http:\/\/bocaparatodoelmundo.com.ar\"],\"url\":\"https:\/\/bocaparatodoelmundo.com.ar\/?author=3\"}]}<\/script>\n<!-- \/ Yoast SEO plugin. -->","yoast_head_json":{"title":"Merentiel, nuevo refuerzo de Boca - BOCA PARA TODO EL MUNDO","robots":{"index":"index","follow":"follow","max-snippet":"max-snippet:-1","max-image-preview":"max-image-preview:large","max-video-preview":"max-video-preview:-1"},"canonical":"https:\/\/bocaparatodoelmundo.com.ar\/?p=1132","og_locale":"es_ES","og_type":"article","og_title":"Merentiel, nuevo refuerzo de Boca - BOCA PARA TODO EL MUNDO","og_description":"El delantero uruguayo, proveniente del Palmeiras, podr\u00eda debutar el domingo contra Central C\u00f3rdoba de Santiago...","og_url":"https:\/\/bocaparatodoelmundo.com.ar\/?p=1132","og_site_name":"BOCA PARA TODO EL MUNDO","article_published_time":"2023-02-04T00:40:00+00:00","article_modified_time":"2023-02-04T23:47:31+00:00","og_image":[{"width":397,"height":305,"url":"https:\/\/bocaparatodoelmundo.com.ar\/wp-content\/uploads\/2023\/02\/tr1sf42sfags1sfm2ff2frs.jpg_190851180.webp","type":"image\/webp"}],"author":"Redaccion BPTM","twitter_card":"summary_large_image","twitter_misc":{"Escrito por":"Redaccion BPTM","Tiempo de lectura":"3 minutos"},"schema":{"@context":"https:\/\/schema.org","@graph":[{"@type":"WebPage","@id":"https:\/\/bocaparatodoelmundo.com.ar\/?p=1132","url":"https:\/\/bocaparatodoelmundo.com.ar\/?p=1132","name":"Merentiel, nuevo refuerzo de Boca - BOCA PARA TODO EL MUNDO","isPartOf":{"@id":"https:\/\/bocaparatodoelmundo.com.ar\/#website"},"datePublished":"2023-02-04T00:40:00+00:00","dateModified":"2023-02-04T23:47:31+00:00","author":{"@id":"https:\/\/bocaparatodoelmundo.com.ar\/#\/schema\/person\/cc56d27ea9d37f4cea3636086a1847c5"},"breadcrumb":{"@id":"https:\/\/bocaparatodoelmundo.com.ar\/?p=1132#breadcrumb"},"inLanguage":"es-AR","potentialAction":[{"@type":"ReadAction","target":["https:\/\/bocaparatodoelmundo.com.ar\/?p=1132"]}]},{"@type":"BreadcrumbList","@id":"https:\/\/bocaparatodoelmundo.com.ar\/?p=1132#breadcrumb","itemListElement":[{"@type":"ListItem","position":1,"name":"Inicio","item":"https:\/\/bocaparatodoelmundo.com.ar\/"},{"@type":"ListItem","position":2,"name":"Merentiel, nuevo refuerzo de Boca"}]},{"@type":"WebSite","@id":"https:\/\/bocaparatodoelmundo.com.ar\/#website","url":"https:\/\/bocaparatodoelmundo.com.ar\/","name":"BOCA PARA TODO EL MUNDO","description":"Toda la historia y actualidad del club atletico boca junios esta aqui","potentialAction":[{"@type":"SearchAction","target":{"@type":"EntryPoint","urlTemplate":"https:\/\/bocaparatodoelmundo.com.ar\/?s={search_term_string}"},"query-input":"required name=search_term_string"}],"inLanguage":"es-AR"},{"@type":"Person","@id":"https:\/\/bocaparatodoelmundo.com.ar\/#\/schema\/person\/cc56d27ea9d37f4cea3636086a1847c5","name":"Redaccion BPTM","image":{"@type":"ImageObject","inLanguage":"es-AR","@id":"https:\/\/bocaparatodoelmundo.com.ar\/#\/schema\/person\/image\/","url":"https:\/\/secure.gravatar.com\/avatar\/3b62665b8c08843736974a055cc2398ba6bb7fd2fe787285105d666c418a7d13?s=96&d=mm&r=g","contentUrl":"https:\/\/secure.gravatar.com\/avatar\/3b62665b8c08843736974a055cc2398ba6bb7fd2fe787285105d666c418a7d13?s=96&d=mm&r=g","caption":"Redaccion BPTM"},"sameAs":["http:\/\/bocaparatodoelmundo.com.ar"],"url":"https:\/\/bocaparatodoelmundo.com.ar\/?author=3"}]}},"_links":{"self":[{"href":"https:\/\/bocaparatodoelmundo.com.ar\/index.php?rest_route=\/wp\/v2\/posts\/1132","targetHints":{"allow":["GET"]}}],"collection":[{"href":"https:\/\/bocaparatodoelmundo.com.ar\/index.php?rest_route=\/wp\/v2\/posts"}],"about":[{"href":"https:\/\/bocaparatodoelmundo.com.ar\/index.php?rest_route=\/wp\/v2\/types\/post"}],"author":[{"embeddable":true,"href":"https:\/\/bocaparatodoelmundo.com.ar\/index.php?rest_route=\/wp\/v2\/users\/3"}],"replies":[{"embeddable":true,"href":"https:\/\/bocaparatodoelmundo.com.ar\/index.php?rest_route=%2Fwp%2Fv2%2Fcomments&post=1132"}],"version-history":[{"count":1,"href":"https:\/\/bocaparatodoelmundo.com.ar\/index.php?rest_route=\/wp\/v2\/posts\/1132\/revisions"}],"predecessor-version":[{"id":1134,"href":"https:\/\/bocaparatodoelmundo.com.ar\/index.php?rest_route=\/wp\/v2\/posts\/1132\/revisions\/1134"}],"wp:featuredmedia":[{"embeddable":true,"href":"https:\/\/bocaparatodoelmundo.com.ar\/index.php?rest_route=\/wp\/v2\/media\/1133"}],"wp:attachment":[{"href":"https:\/\/bocaparatodoelmundo.com.ar\/index.php?rest_route=%2Fwp%2Fv2%2Fmedia&parent=1132"}],"wp:term":[{"taxonomy":"category","embeddable":true,"href":"https:\/\/bocaparatodoelmundo.com.ar\/index.php?rest_route=%2Fwp%2Fv2%2Fcategories&post=1132"},{"taxonomy":"post_tag","embeddable":true,"href":"https:\/\/bocaparatodoelmundo.com.ar\/index.php?rest_route=%2Fwp%2Fv2%2Ftags&post=1132"}],"curies":[{"name":"wp","href":"https:\/\/api.w.org\/{rel}","templated":true}]}}