{"id":1112,"date":"2023-01-25T18:30:37","date_gmt":"2023-01-25T21:30:37","guid":{"rendered":"https:\/\/www.bocaparatodoelmundo.com.ar\/?p=1112"},"modified":"2023-01-25T18:30:39","modified_gmt":"2023-01-25T21:30:39","slug":"se-viene-el-debut-en-la-liga-profesional","status":"publish","type":"post","link":"https:\/\/bocaparatodoelmundo.com.ar\/?p=1112","title":{"rendered":"Se viene el debut en la Liga Profesional"},"content":{"rendered":"\n<h4 class=\"wp-block-heading\">Boca Juniors comenz\u00f3 la semana de cara al debut en el Torneo de la Liga frente a Atl\u00e9tico Tucum\u00e1n y Hugo Ibarra planifica un equipo con muchos cambios, dadas las bajas por salidas y las suspensiones.<\/h4>\n\n\n\n<p>Seg\u00fan la informaci\u00f3n de Augusto C\u00e9sar, cronista de&nbsp;<strong>ESPN F12<\/strong>, en la pr\u00e1ctica del mi\u00e9rcoles, el DT par\u00f3 dos equipos mezclados. La primera duda est\u00e1 en el arco. Tras&nbsp;<a href=\"https:\/\/www.espn.com.ar\/futbol\/argentina\/nota\/_\/id\/11522072\/agustin-rossi-al-nassr-cristiano-ronaldo-completo-examenes-medicos-firmar-contrato\" target=\"_blank\" rel=\"noreferrer noopener\">la salida a pr\u00e9stamo de Agust\u00edn Rossi<\/a>,<strong>&nbsp;<a href=\"https:\/\/www.espn.com.ar\/futbol\/jugador\/_\/id\/145617\/javier-garcia\" target=\"_blank\" rel=\"noreferrer noopener\">Javier Garc\u00eda<\/a>&nbsp;pica en punta para ser titular,<\/strong>&nbsp;aunque&nbsp;<a href=\"https:\/\/www.espn.com.ar\/futbol\/jugador\/_\/id\/125298\/sergio-romero\" target=\"_blank\" rel=\"noreferrer noopener\">Sergio Romero<\/a>&nbsp;se entren\u00f3 a la par y ataj\u00f3 pata los supuestos suplentes.<\/p>\n\n\n\n<p>El otro problema mayor para el entrenador xeneize&nbsp;<strong><a href=\"https:\/\/www.espn.com.ar\/futbol\/argentina\/nota\/_\/id\/11518747\/boca-juniors-sancionados-racing-club-trofeo-de-campeones-ausentes-debut-torneo-de-la-liga-equipo-atletico-tucuman\" target=\"_blank\" rel=\"noreferrer noopener\">son los siete suspendidos<\/a>&nbsp;por el esc\u00e1ndalo en el \u00faltimo&nbsp;<a href=\"https:\/\/www.espn.com.ar\/futbol\/liga\/_\/nombre\/arg.trofeo_de_la_campeones\" target=\"_blank\" rel=\"noreferrer noopener\">Trofeo de Campeones<\/a>.&nbsp;<\/strong>Entonces, Ibarra debe definir el reemplazante de&nbsp;<strong><a href=\"https:\/\/www.espn.com.ar\/futbol\/jugador\/_\/id\/181709\/luis-advincula\" target=\"_blank\" rel=\"noreferrer noopener\">Luis Adv\u00edncula<\/a>&nbsp;<\/strong>y&nbsp;<strong><a href=\"https:\/\/www.espn.com.ar\/futbol\/equipo\/plantel\/_\/id\/5\/arg.boca_juniors\" target=\"_blank\" rel=\"noreferrer noopener\">Frank Fabra<\/a>.&nbsp;<\/strong>Pero adem\u00e1s,&nbsp;<a href=\"https:\/\/www.espn.com.ar\/futbol\/peru\/nota?_slug_=carlos-zambrano-no-seguira-en-boca-juniors&amp;id=11419008\" target=\"_blank\" rel=\"noreferrer noopener\">se fue del club Carlos Zambrano<\/a>&nbsp;y&nbsp;<a href=\"https:\/\/www.espn.com.ar\/futbol\/jugador\/_\/id\/129426\/marcos-rojo\" target=\"_blank\" rel=\"noreferrer noopener\">Marcos Rojo<\/a>&nbsp;no estar\u00e1 disponible este semestre por la lesi\u00f3n de rodilla.<\/p>\n\n\n\n<h2 class=\"wp-block-heading\">RELACIONADO<\/h2>\n\n\n\n<ul class=\"wp-block-list\">\n<li><a href=\"https:\/\/www.espn.com.ar\/futbol\/argentina\/nota\/_\/id\/11522072\/agustin-rossi-al-nassr-cristiano-ronaldo-completo-examenes-medicos-firmar-contrato\"><\/a><a href=\"https:\/\/www.espn.com.ar\/futbol\/argentina\/nota\/_\/id\/11522072\/agustin-rossi-al-nassr-cristiano-ronaldo-completo-examenes-medicos-firmar-contrato\">Agust\u00edn Rossi firm\u00f3 contrato con el Al Nassr de Cristiano Ronaldo<\/a>1d<\/li>\n\n\n\n<li><a href=\"https:\/\/www.espn.com.ar\/futbol\/argentina\/nota\/_\/id\/11518747\/boca-juniors-sancionados-racing-club-trofeo-de-campeones-ausentes-debut-torneo-de-la-liga-equipo-atletico-tucuman\"><\/a><a href=\"https:\/\/www.espn.com.ar\/futbol\/argentina\/nota\/_\/id\/11518747\/boca-juniors-sancionados-racing-club-trofeo-de-campeones-ausentes-debut-torneo-de-la-liga-equipo-atletico-tucuman\">Las ausencias en Boca Juniors: los siete jugadores con los que Ibarra no contar\u00e1 en el debut<\/a>2d<\/li>\n\n\n\n<li><a href=\"https:\/\/www.espn.com.ar\/futbol\/argentina\/nota\/_\/id\/11508463\/boca-juniors-agustin-rossi-pase-prestamo-al-nassr-cristiano-ronaldo-flamengo-arquero\"><\/a><a href=\"https:\/\/www.espn.com.ar\/futbol\/argentina\/nota\/_\/id\/11508463\/boca-juniors-agustin-rossi-pase-prestamo-al-nassr-cristiano-ronaldo-flamengo-arquero\">Agust\u00edn Rossi deja Boca ahora para jugar en el Al Nassr con Cristiano Ronaldo<\/a>4d<\/li>\n<\/ul>\n\n\n\n<p>Entonces,&nbsp;<a href=\"https:\/\/www.espn.com.ar\/futbol\/jugador\/_\/id\/282589\/marcelo-weigandt\" target=\"_blank\" rel=\"noreferrer noopener\"><strong>Marcelo Weigandt&nbsp;<\/strong><\/a>y<strong>&nbsp;<a href=\"https:\/\/www.espn.com.ar\/futbol\/jugador\/_\/id\/307599\/gonzalo-sandez\" target=\"_blank\" rel=\"noreferrer noopener\">Gonzalo S\u00e1ndez<\/a><\/strong>, podr\u00edan ocupar los laterales. En tanto, esperan que<strong>&nbsp;<a href=\"https:\/\/www.espn.com.ar\/futbol\/jugador\/_\/id\/189952\/jorge-figal\" target=\"_blank\" rel=\"noreferrer noopener\">Jorge Figal<\/a>&nbsp;<\/strong>haya superado el desgarro o lo reemplazar\u00eda&nbsp;<a href=\"https:\/\/www.espn.com.ar\/futbol\/jugador\/_\/id\/324038\/gabriel-aranda\" target=\"_blank\" rel=\"noreferrer noopener\"><strong>Gabriel Aranda&nbsp;<\/strong><\/a>y, lo que es casi seguro es que,&nbsp;<a href=\"https:\/\/www.espn.com.ar\/futbol\/jugador\/_\/id\/164068\/bruno-valdez\" target=\"_blank\" rel=\"noreferrer noopener\"><strong>Bruno Valdez<\/strong><\/a>&nbsp;debute en la zaga.<\/p>\n\n\n\n<p>El mediocampo tambi\u00e9n deber\u00e1 ser casi todo improvisado, por las suspensiones de<strong>&nbsp;<a href=\"https:\/\/www.espn.com.ar\/futbol\/jugador\/_\/id\/172427\/guillermo-fernandez\" target=\"_blank\" rel=\"noreferrer noopener\">Pol Fern\u00e1ndez<\/a>&nbsp;<\/strong>y<strong>&nbsp;<a href=\"https:\/\/www.espn.com.ar\/futbol\/jugador\/_\/id\/307601\/alan-varela\" target=\"_blank\" rel=\"noreferrer noopener\">Alan Varela<\/a>.<\/strong>&nbsp;Seg\u00fan el cronista de&nbsp;<strong>ESPN;<\/strong>&nbsp;esos lugares podr\u00edan ocuparlos&nbsp;<a href=\"https:\/\/www.espn.com.ar\/futbol\/jugador\/_\/id\/297056\/cristian-medina\" target=\"_blank\" rel=\"noreferrer noopener\"><strong>Cristian Medina&nbsp;<\/strong><\/a>y&nbsp;<strong>Exequiel Fern\u00e1ndez.<\/strong><\/p>\n\n\n\n<p><strong>Y en el ataque deben cumplir con la sanci\u00f3n&nbsp;<a href=\"https:\/\/www.espn.com.ar\/futbol\/jugador\/_\/id\/141790\/sebastian-villa\" target=\"_blank\" rel=\"noreferrer noopener\">Sebasti\u00e1n Villa<\/a>&nbsp;y&nbsp;<a href=\"https:\/\/www.espn.com.ar\/futbol\/jugador\/_\/id\/189784\/dario-benedetto\" target=\"_blank\" rel=\"noreferrer noopener\">Dar\u00edo Benedetto<\/a>, y en la pr\u00e1ctica jugaron&nbsp;<a href=\"https:\/\/www.espn.com.ar\/futbol\/jugador\/_\/id\/297051\/exequiel-zeballos\" target=\"_blank\" rel=\"noreferrer noopener\">Exequiel Zeballos<\/a>,&nbsp;<a href=\"https:\/\/www.espn.com.ar\/futbol\/jugador\/_\/id\/193531\/nicolas-orsini\" target=\"_blank\" rel=\"noreferrer noopener\">Nicol\u00e1s Orsini<\/a>&nbsp;y&nbsp;<a href=\"https:\/\/www.espn.com.ar\/futbol\/jugador\/_\/id\/338883\/luca-langoni\" target=\"_blank\" rel=\"noreferrer noopener\">Luca Langoni<\/a>, seg\u00fan lo que prob\u00f3 el t\u00e9cnico el martes.<\/strong><\/p>\n\n\n\n<p>Ante este rompecabezas, el probable once inicial de Boca podr\u00eda ser:<strong>&nbsp;Javier Garc\u00eda; Marcelo Weigandt, Gabriel Aranda, Bruno Valdez, Gonzalo Sandez; Cristian Medina, Exequiel Fern\u00e1ndez, \u00d3scar Romero; Luca Langoni, Nicol\u00e1s Orsini y Exequiel Zeballos.<\/strong><\/p>\n\n\n\n<p><a href=\"https:\/\/www.espn.com.ar\/futbol\/numeritos\/_\/juegoId\/656220\" target=\"_blank\" rel=\"noreferrer noopener\">Boca Juniors recibir\u00e1 a Atl\u00e9tico Tucum\u00e1n<\/a>, el domingo desde las 21:30 horas en La Bombonera, por la primera fecha.<\/p>\n","protected":false},"excerpt":{"rendered":"<p>Boca Juniors comenz\u00f3 la semana de cara al debut en el Torneo de la Liga&#8230;<\/p>\n","protected":false},"author":3,"featured_media":1113,"comment_status":"open","ping_status":"open","sticky":false,"template":"","format":"standard","meta":{"footnotes":""},"categories":[4],"tags":[],"class_list":["post-1112","post","type-post","status-publish","format-standard","has-post-thumbnail","hentry","category-primera-division-masculina"],"yoast_head":"<!-- This site is optimized with the Yoast SEO plugin v21.4 - https:\/\/yoast.com\/wordpress\/plugins\/seo\/ -->\n<title>Se viene el debut en la Liga Profesional - BOCA PARA TODO EL MUNDO<\/title>\n<meta name=\"robots\" content=\"index, follow, max-snippet:-1, max-image-preview:large, max-video-preview:-1\" \/>\n<link rel=\"canonical\" href=\"https:\/\/bocaparatodoelmundo.com.ar\/?p=1112\" \/>\n<meta property=\"og:locale\" content=\"es_ES\" \/>\n<meta property=\"og:type\" content=\"article\" \/>\n<meta property=\"og:title\" content=\"Se viene el debut en la Liga Profesional - BOCA PARA TODO EL MUNDO\" \/>\n<meta property=\"og:description\" content=\"Boca Juniors comenz\u00f3 la semana de cara al debut en el Torneo de la Liga...\" \/>\n<meta property=\"og:url\" content=\"https:\/\/bocaparatodoelmundo.com.ar\/?p=1112\" \/>\n<meta property=\"og:site_name\" content=\"BOCA PARA TODO EL MUNDO\" \/>\n<meta property=\"article:published_time\" content=\"2023-01-25T21:30:37+00:00\" \/>\n<meta property=\"article:modified_time\" content=\"2023-01-25T21:30:39+00:00\" \/>\n<meta property=\"og:image\" content=\"https:\/\/bocaparatodoelmundo.com.ar\/wp-content\/uploads\/2023\/01\/boca-atletico-tucuman-vivo_267x150.webp\" \/>\n\t<meta property=\"og:image:width\" content=\"267\" \/>\n\t<meta property=\"og:image:height\" content=\"150\" \/>\n\t<meta property=\"og:image:type\" content=\"image\/webp\" \/>\n<meta name=\"author\" content=\"Redaccion BPTM\" \/>\n<meta name=\"twitter:card\" content=\"summary_large_image\" \/>\n<meta name=\"twitter:label1\" content=\"Escrito por\" \/>\n\t<meta name=\"twitter:data1\" content=\"Redaccion BPTM\" \/>\n\t<meta name=\"twitter:label2\" content=\"Tiempo de lectura\" \/>\n\t<meta name=\"twitter:data2\" content=\"2 minutos\" \/>\n<script type=\"application\/ld+json\" class=\"yoast-schema-graph\">{\"@context\":\"https:\/\/schema.org\",\"@graph\":[{\"@type\":\"WebPage\",\"@id\":\"https:\/\/bocaparatodoelmundo.com.ar\/?p=1112\",\"url\":\"https:\/\/bocaparatodoelmundo.com.ar\/?p=1112\",\"name\":\"Se viene el debut en la Liga Profesional - BOCA PARA TODO EL MUNDO\",\"isPartOf\":{\"@id\":\"https:\/\/bocaparatodoelmundo.com.ar\/#website\"},\"datePublished\":\"2023-01-25T21:30:37+00:00\",\"dateModified\":\"2023-01-25T21:30:39+00:00\",\"author\":{\"@id\":\"https:\/\/bocaparatodoelmundo.com.ar\/#\/schema\/person\/cc56d27ea9d37f4cea3636086a1847c5\"},\"breadcrumb\":{\"@id\":\"https:\/\/bocaparatodoelmundo.com.ar\/?p=1112#breadcrumb\"},\"inLanguage\":\"es-AR\",\"potentialAction\":[{\"@type\":\"ReadAction\",\"target\":[\"https:\/\/bocaparatodoelmundo.com.ar\/?p=1112\"]}]},{\"@type\":\"BreadcrumbList\",\"@id\":\"https:\/\/bocaparatodoelmundo.com.ar\/?p=1112#breadcrumb\",\"itemListElement\":[{\"@type\":\"ListItem\",\"position\":1,\"name\":\"Inicio\",\"item\":\"https:\/\/bocaparatodoelmundo.com.ar\/\"},{\"@type\":\"ListItem\",\"position\":2,\"name\":\"Se viene el debut en la Liga Profesional\"}]},{\"@type\":\"WebSite\",\"@id\":\"https:\/\/bocaparatodoelmundo.com.ar\/#website\",\"url\":\"https:\/\/bocaparatodoelmundo.com.ar\/\",\"name\":\"BOCA PARA TODO EL MUNDO\",\"description\":\"Toda la historia y actualidad del club atletico boca junios esta aqui\",\"potentialAction\":[{\"@type\":\"SearchAction\",\"target\":{\"@type\":\"EntryPoint\",\"urlTemplate\":\"https:\/\/bocaparatodoelmundo.com.ar\/?s={search_term_string}\"},\"query-input\":\"required name=search_term_string\"}],\"inLanguage\":\"es-AR\"},{\"@type\":\"Person\",\"@id\":\"https:\/\/bocaparatodoelmundo.com.ar\/#\/schema\/person\/cc56d27ea9d37f4cea3636086a1847c5\",\"name\":\"Redaccion BPTM\",\"image\":{\"@type\":\"ImageObject\",\"inLanguage\":\"es-AR\",\"@id\":\"https:\/\/bocaparatodoelmundo.com.ar\/#\/schema\/person\/image\/\",\"url\":\"https:\/\/secure.gravatar.com\/avatar\/3b62665b8c08843736974a055cc2398ba6bb7fd2fe787285105d666c418a7d13?s=96&d=mm&r=g\",\"contentUrl\":\"https:\/\/secure.gravatar.com\/avatar\/3b62665b8c08843736974a055cc2398ba6bb7fd2fe787285105d666c418a7d13?s=96&d=mm&r=g\",\"caption\":\"Redaccion BPTM\"},\"sameAs\":[\"http:\/\/bocaparatodoelmundo.com.ar\"],\"url\":\"https:\/\/bocaparatodoelmundo.com.ar\/?author=3\"}]}<\/script>\n<!-- \/ Yoast SEO plugin. -->","yoast_head_json":{"title":"Se viene el debut en la Liga Profesional - BOCA PARA TODO EL MUNDO","robots":{"index":"index","follow":"follow","max-snippet":"max-snippet:-1","max-image-preview":"max-image-preview:large","max-video-preview":"max-video-preview:-1"},"canonical":"https:\/\/bocaparatodoelmundo.com.ar\/?p=1112","og_locale":"es_ES","og_type":"article","og_title":"Se viene el debut en la Liga Profesional - BOCA PARA TODO EL MUNDO","og_description":"Boca Juniors comenz\u00f3 la semana de cara al debut en el Torneo de la Liga...","og_url":"https:\/\/bocaparatodoelmundo.com.ar\/?p=1112","og_site_name":"BOCA PARA TODO EL MUNDO","article_published_time":"2023-01-25T21:30:37+00:00","article_modified_time":"2023-01-25T21:30:39+00:00","og_image":[{"width":267,"height":150,"url":"https:\/\/bocaparatodoelmundo.com.ar\/wp-content\/uploads\/2023\/01\/boca-atletico-tucuman-vivo_267x150.webp","type":"image\/webp"}],"author":"Redaccion BPTM","twitter_card":"summary_large_image","twitter_misc":{"Escrito por":"Redaccion BPTM","Tiempo de lectura":"2 minutos"},"schema":{"@context":"https:\/\/schema.org","@graph":[{"@type":"WebPage","@id":"https:\/\/bocaparatodoelmundo.com.ar\/?p=1112","url":"https:\/\/bocaparatodoelmundo.com.ar\/?p=1112","name":"Se viene el debut en la Liga Profesional - BOCA PARA TODO EL MUNDO","isPartOf":{"@id":"https:\/\/bocaparatodoelmundo.com.ar\/#website"},"datePublished":"2023-01-25T21:30:37+00:00","dateModified":"2023-01-25T21:30:39+00:00","author":{"@id":"https:\/\/bocaparatodoelmundo.com.ar\/#\/schema\/person\/cc56d27ea9d37f4cea3636086a1847c5"},"breadcrumb":{"@id":"https:\/\/bocaparatodoelmundo.com.ar\/?p=1112#breadcrumb"},"inLanguage":"es-AR","potentialAction":[{"@type":"ReadAction","target":["https:\/\/bocaparatodoelmundo.com.ar\/?p=1112"]}]},{"@type":"BreadcrumbList","@id":"https:\/\/bocaparatodoelmundo.com.ar\/?p=1112#breadcrumb","itemListElement":[{"@type":"ListItem","position":1,"name":"Inicio","item":"https:\/\/bocaparatodoelmundo.com.ar\/"},{"@type":"ListItem","position":2,"name":"Se viene el debut en la Liga Profesional"}]},{"@type":"WebSite","@id":"https:\/\/bocaparatodoelmundo.com.ar\/#website","url":"https:\/\/bocaparatodoelmundo.com.ar\/","name":"BOCA PARA TODO EL MUNDO","description":"Toda la historia y actualidad del club atletico boca junios esta aqui","potentialAction":[{"@type":"SearchAction","target":{"@type":"EntryPoint","urlTemplate":"https:\/\/bocaparatodoelmundo.com.ar\/?s={search_term_string}"},"query-input":"required name=search_term_string"}],"inLanguage":"es-AR"},{"@type":"Person","@id":"https:\/\/bocaparatodoelmundo.com.ar\/#\/schema\/person\/cc56d27ea9d37f4cea3636086a1847c5","name":"Redaccion BPTM","image":{"@type":"ImageObject","inLanguage":"es-AR","@id":"https:\/\/bocaparatodoelmundo.com.ar\/#\/schema\/person\/image\/","url":"https:\/\/secure.gravatar.com\/avatar\/3b62665b8c08843736974a055cc2398ba6bb7fd2fe787285105d666c418a7d13?s=96&d=mm&r=g","contentUrl":"https:\/\/secure.gravatar.com\/avatar\/3b62665b8c08843736974a055cc2398ba6bb7fd2fe787285105d666c418a7d13?s=96&d=mm&r=g","caption":"Redaccion BPTM"},"sameAs":["http:\/\/bocaparatodoelmundo.com.ar"],"url":"https:\/\/bocaparatodoelmundo.com.ar\/?author=3"}]}},"_links":{"self":[{"href":"https:\/\/bocaparatodoelmundo.com.ar\/index.php?rest_route=\/wp\/v2\/posts\/1112","targetHints":{"allow":["GET"]}}],"collection":[{"href":"https:\/\/bocaparatodoelmundo.com.ar\/index.php?rest_route=\/wp\/v2\/posts"}],"about":[{"href":"https:\/\/bocaparatodoelmundo.com.ar\/index.php?rest_route=\/wp\/v2\/types\/post"}],"author":[{"embeddable":true,"href":"https:\/\/bocaparatodoelmundo.com.ar\/index.php?rest_route=\/wp\/v2\/users\/3"}],"replies":[{"embeddable":true,"href":"https:\/\/bocaparatodoelmundo.com.ar\/index.php?rest_route=%2Fwp%2Fv2%2Fcomments&post=1112"}],"version-history":[{"count":1,"href":"https:\/\/bocaparatodoelmundo.com.ar\/index.php?rest_route=\/wp\/v2\/posts\/1112\/revisions"}],"predecessor-version":[{"id":1114,"href":"https:\/\/bocaparatodoelmundo.com.ar\/index.php?rest_route=\/wp\/v2\/posts\/1112\/revisions\/1114"}],"wp:featuredmedia":[{"embeddable":true,"href":"https:\/\/bocaparatodoelmundo.com.ar\/index.php?rest_route=\/wp\/v2\/media\/1113"}],"wp:attachment":[{"href":"https:\/\/bocaparatodoelmundo.com.ar\/index.php?rest_route=%2Fwp%2Fv2%2Fmedia&parent=1112"}],"wp:term":[{"taxonomy":"category","embeddable":true,"href":"https:\/\/bocaparatodoelmundo.com.ar\/index.php?rest_route=%2Fwp%2Fv2%2Fcategories&post=1112"},{"taxonomy":"post_tag","embeddable":true,"href":"https:\/\/bocaparatodoelmundo.com.ar\/index.php?rest_route=%2Fwp%2Fv2%2Ftags&post=1112"}],"curies":[{"name":"wp","href":"https:\/\/api.w.org\/{rel}","templated":true}]}}