{"id":1109,"date":"2023-01-25T18:19:50","date_gmt":"2023-01-25T21:19:50","guid":{"rendered":"https:\/\/www.bocaparatodoelmundo.com.ar\/?p=1109"},"modified":"2023-01-31T18:02:32","modified_gmt":"2023-01-31T21:02:32","slug":"bruno-valdez-llego-para-quedarse","status":"publish","type":"post","link":"https:\/\/bocaparatodoelmundo.com.ar\/?p=1109","title":{"rendered":"Bruno Valdez llego para quedarse"},"content":{"rendered":"\n<h4 class=\"wp-block-heading\">El Xeneize present\u00f3 al defensor paraguayo de 30 a\u00f1os, que llega proveniente del Am\u00e9rica de M\u00e9xico para reforzar la zaga central.<\/h4>\n\n\n\n<p><a href=\"https:\/\/www.facebook.com\/sharer\/sharer.php?u=https%3A%2F%2Fwww.lmneuquen.com%2Fc985998\" target=\"_blank\" rel=\"noreferrer noopener\"><\/a><strong>Boca ya tiene su primer refuerzo pensando en lo que ser\u00e1 la campa\u00f1a 2023<\/strong>. El pasado lunes, luego de haber pasado con \u00e9xito la revisi\u00f3n m\u00e9dica, el defensor paraguayo\u00a0<strong>Bruno Valdez<\/strong>\u00a0fue presentado oficialmente como nuevo jugador del Xeneize.<\/p>\n\n\n\n<p>&#8220;Quiero agradecerle al presidente (Ameal), a Chicho (Serna), Ra\u00fal (Cascini), Rom\u00e1n (Riquelme) y el Chelo (Delgado) que me dieron la bienvenida.\u00a0<strong>\u00bfPor qu\u00e9 me decid\u00ed? Fue el deseo de venir a un club tan grande como es Boca. Lo habl\u00e9 con mi padre y mi familia. Mi deseo era poder estar ac\u00e1. Gracias a Dios lo pude cumplir.<\/strong>\u00a0Estoy muy agradecido a todos, muy feliz, esto es un orgullo&#8221;, manifest\u00f3 en conferencia de prensa el zaguero guaran\u00ed, que llega proveniente del Am\u00e9rica de M\u00e9xico y estar\u00e1 ligado al club de la Ribera hasta diciembre de 2025.<\/p>\n\n\n\n<p>Valdez se inici\u00f3 futbol\u00edsticamente en&nbsp;<strong>Sol de Am\u00e9rica<\/strong>&nbsp;(2011\/14), para luego afianzarse en&nbsp;<strong>Cerro Porte\u00f1o<\/strong>, club al que lleg\u00f3 a mediados de 2014 y lograr el campeonato de Primera Divisi\u00f3n de 2015.&nbsp;<strong>Sus grandes actuaciones en el Cicl\u00f3n de Barrio Obrero despertaron el inter\u00e9s de Las \u00c1guilas<\/strong>, que lo ficharon al inicio de la temporada 2016\/17. All\u00ed permaneci\u00f3 hasta ser contactado por Juan Rom\u00e1n Riquelme para arribar a Boca, consiguiendo la&nbsp;<strong>Liga MX 2018, la Copa de M\u00e9xico 2019 y el torneo Campe\u00f3n de Campeones 2019<\/strong>.<\/p>\n\n\n\n<p><strong>El defensor de 30 a\u00f1os tambi\u00e9n visti\u00f3 la camiseta de la Selecci\u00f3n de Paraguay<\/strong>, con la que disput\u00f3 las Copas Am\u00e9rica 2015, 2016 y 2019. Adem\u00e1s, represent\u00f3 a su pa\u00eds en algunos partidos correspondientes a las Eliminatorias Sudamericanas rumbo a Rusia 2018.<\/p>\n\n\n\n<p>Antes de llegar a un acuerdo con Boca,&nbsp;<strong>Bruno Valdez ten\u00eda un precontrato firmado con el Cruzeiro de Brasil, pero sus ganas de llegar a la Ribera fueron m\u00e1s fuertes<\/strong>. El paraguayo cont\u00f3 que su compatriota \u00d3scar Romero tuvo un rol clave en su llegada al Xeneize:&nbsp;<strong>&#8220;Recib\u00ed la llamada de la instituci\u00f3n, pero la primera persona con la que habl\u00e9 fue \u00d3scar (Romero), quien tambi\u00e9n me ayud\u00f3 bastante a tomar esta decisi\u00f3n.<\/strong>&nbsp;Me habl\u00f3 muy bien lo que es todo adentro del club, porque uno por afuera lo conoce y sabe la historia y todo lo que genera. \u00d3scar me dijo que me iban a recibir con los brazos abiertos, que hay un grupo humano muy bueno y eso ayud\u00f3 a tomar la decisi\u00f3n\u201d.<\/p>\n","protected":false},"excerpt":{"rendered":"<p>El Xeneize present\u00f3 al defensor paraguayo de 30 a\u00f1os, que llega proveniente del Am\u00e9rica de&#8230;<\/p>\n","protected":false},"author":3,"featured_media":1110,"comment_status":"open","ping_status":"open","sticky":false,"template":"","format":"standard","meta":{"footnotes":""},"categories":[4],"tags":[],"class_list":["post-1109","post","type-post","status-publish","format-standard","has-post-thumbnail","hentry","category-primera-division-masculina"],"yoast_head":"<!-- This site is optimized with the Yoast SEO plugin v21.4 - https:\/\/yoast.com\/wordpress\/plugins\/seo\/ -->\n<title>Bruno Valdez llego para quedarse - BOCA PARA TODO EL MUNDO<\/title>\n<meta name=\"robots\" content=\"index, follow, max-snippet:-1, max-image-preview:large, max-video-preview:-1\" \/>\n<link rel=\"canonical\" href=\"https:\/\/bocaparatodoelmundo.com.ar\/?p=1109\" \/>\n<meta property=\"og:locale\" content=\"es_ES\" \/>\n<meta property=\"og:type\" content=\"article\" \/>\n<meta property=\"og:title\" content=\"Bruno Valdez llego para quedarse - BOCA PARA TODO EL MUNDO\" \/>\n<meta property=\"og:description\" content=\"El Xeneize present\u00f3 al defensor paraguayo de 30 a\u00f1os, que llega proveniente del Am\u00e9rica de...\" \/>\n<meta property=\"og:url\" content=\"https:\/\/bocaparatodoelmundo.com.ar\/?p=1109\" \/>\n<meta property=\"og:site_name\" content=\"BOCA PARA TODO EL MUNDO\" \/>\n<meta property=\"article:published_time\" content=\"2023-01-25T21:19:50+00:00\" \/>\n<meta property=\"article:modified_time\" content=\"2023-01-31T21:02:32+00:00\" \/>\n<meta property=\"og:image\" content=\"https:\/\/bocaparatodoelmundo.com.ar\/wp-content\/uploads\/2023\/01\/bruno-valdez-bocajpg.webp\" \/>\n\t<meta property=\"og:image:width\" content=\"1200\" \/>\n\t<meta property=\"og:image:height\" content=\"678\" \/>\n\t<meta property=\"og:image:type\" content=\"image\/webp\" \/>\n<meta name=\"author\" content=\"Redaccion BPTM\" \/>\n<meta name=\"twitter:card\" content=\"summary_large_image\" \/>\n<meta name=\"twitter:label1\" content=\"Escrito por\" \/>\n\t<meta name=\"twitter:data1\" content=\"Redaccion BPTM\" \/>\n\t<meta name=\"twitter:label2\" content=\"Tiempo de lectura\" \/>\n\t<meta name=\"twitter:data2\" content=\"2 minutos\" \/>\n<script type=\"application\/ld+json\" class=\"yoast-schema-graph\">{\"@context\":\"https:\/\/schema.org\",\"@graph\":[{\"@type\":\"WebPage\",\"@id\":\"https:\/\/bocaparatodoelmundo.com.ar\/?p=1109\",\"url\":\"https:\/\/bocaparatodoelmundo.com.ar\/?p=1109\",\"name\":\"Bruno Valdez llego para quedarse - BOCA PARA TODO EL MUNDO\",\"isPartOf\":{\"@id\":\"https:\/\/bocaparatodoelmundo.com.ar\/#website\"},\"datePublished\":\"2023-01-25T21:19:50+00:00\",\"dateModified\":\"2023-01-31T21:02:32+00:00\",\"author\":{\"@id\":\"https:\/\/bocaparatodoelmundo.com.ar\/#\/schema\/person\/cc56d27ea9d37f4cea3636086a1847c5\"},\"breadcrumb\":{\"@id\":\"https:\/\/bocaparatodoelmundo.com.ar\/?p=1109#breadcrumb\"},\"inLanguage\":\"es-AR\",\"potentialAction\":[{\"@type\":\"ReadAction\",\"target\":[\"https:\/\/bocaparatodoelmundo.com.ar\/?p=1109\"]}]},{\"@type\":\"BreadcrumbList\",\"@id\":\"https:\/\/bocaparatodoelmundo.com.ar\/?p=1109#breadcrumb\",\"itemListElement\":[{\"@type\":\"ListItem\",\"position\":1,\"name\":\"Inicio\",\"item\":\"https:\/\/bocaparatodoelmundo.com.ar\/\"},{\"@type\":\"ListItem\",\"position\":2,\"name\":\"Bruno Valdez llego para quedarse\"}]},{\"@type\":\"WebSite\",\"@id\":\"https:\/\/bocaparatodoelmundo.com.ar\/#website\",\"url\":\"https:\/\/bocaparatodoelmundo.com.ar\/\",\"name\":\"BOCA PARA TODO EL MUNDO\",\"description\":\"Toda la historia y actualidad del club atletico boca junios esta aqui\",\"potentialAction\":[{\"@type\":\"SearchAction\",\"target\":{\"@type\":\"EntryPoint\",\"urlTemplate\":\"https:\/\/bocaparatodoelmundo.com.ar\/?s={search_term_string}\"},\"query-input\":\"required name=search_term_string\"}],\"inLanguage\":\"es-AR\"},{\"@type\":\"Person\",\"@id\":\"https:\/\/bocaparatodoelmundo.com.ar\/#\/schema\/person\/cc56d27ea9d37f4cea3636086a1847c5\",\"name\":\"Redaccion BPTM\",\"image\":{\"@type\":\"ImageObject\",\"inLanguage\":\"es-AR\",\"@id\":\"https:\/\/bocaparatodoelmundo.com.ar\/#\/schema\/person\/image\/\",\"url\":\"https:\/\/secure.gravatar.com\/avatar\/3b62665b8c08843736974a055cc2398ba6bb7fd2fe787285105d666c418a7d13?s=96&d=mm&r=g\",\"contentUrl\":\"https:\/\/secure.gravatar.com\/avatar\/3b62665b8c08843736974a055cc2398ba6bb7fd2fe787285105d666c418a7d13?s=96&d=mm&r=g\",\"caption\":\"Redaccion BPTM\"},\"sameAs\":[\"http:\/\/bocaparatodoelmundo.com.ar\"],\"url\":\"https:\/\/bocaparatodoelmundo.com.ar\/?author=3\"}]}<\/script>\n<!-- \/ Yoast SEO plugin. -->","yoast_head_json":{"title":"Bruno Valdez llego para quedarse - BOCA PARA TODO EL MUNDO","robots":{"index":"index","follow":"follow","max-snippet":"max-snippet:-1","max-image-preview":"max-image-preview:large","max-video-preview":"max-video-preview:-1"},"canonical":"https:\/\/bocaparatodoelmundo.com.ar\/?p=1109","og_locale":"es_ES","og_type":"article","og_title":"Bruno Valdez llego para quedarse - BOCA PARA TODO EL MUNDO","og_description":"El Xeneize present\u00f3 al defensor paraguayo de 30 a\u00f1os, que llega proveniente del Am\u00e9rica de...","og_url":"https:\/\/bocaparatodoelmundo.com.ar\/?p=1109","og_site_name":"BOCA PARA TODO EL MUNDO","article_published_time":"2023-01-25T21:19:50+00:00","article_modified_time":"2023-01-31T21:02:32+00:00","og_image":[{"width":1200,"height":678,"url":"https:\/\/bocaparatodoelmundo.com.ar\/wp-content\/uploads\/2023\/01\/bruno-valdez-bocajpg.webp","type":"image\/webp"}],"author":"Redaccion BPTM","twitter_card":"summary_large_image","twitter_misc":{"Escrito por":"Redaccion BPTM","Tiempo de lectura":"2 minutos"},"schema":{"@context":"https:\/\/schema.org","@graph":[{"@type":"WebPage","@id":"https:\/\/bocaparatodoelmundo.com.ar\/?p=1109","url":"https:\/\/bocaparatodoelmundo.com.ar\/?p=1109","name":"Bruno Valdez llego para quedarse - BOCA PARA TODO EL MUNDO","isPartOf":{"@id":"https:\/\/bocaparatodoelmundo.com.ar\/#website"},"datePublished":"2023-01-25T21:19:50+00:00","dateModified":"2023-01-31T21:02:32+00:00","author":{"@id":"https:\/\/bocaparatodoelmundo.com.ar\/#\/schema\/person\/cc56d27ea9d37f4cea3636086a1847c5"},"breadcrumb":{"@id":"https:\/\/bocaparatodoelmundo.com.ar\/?p=1109#breadcrumb"},"inLanguage":"es-AR","potentialAction":[{"@type":"ReadAction","target":["https:\/\/bocaparatodoelmundo.com.ar\/?p=1109"]}]},{"@type":"BreadcrumbList","@id":"https:\/\/bocaparatodoelmundo.com.ar\/?p=1109#breadcrumb","itemListElement":[{"@type":"ListItem","position":1,"name":"Inicio","item":"https:\/\/bocaparatodoelmundo.com.ar\/"},{"@type":"ListItem","position":2,"name":"Bruno Valdez llego para quedarse"}]},{"@type":"WebSite","@id":"https:\/\/bocaparatodoelmundo.com.ar\/#website","url":"https:\/\/bocaparatodoelmundo.com.ar\/","name":"BOCA PARA TODO EL MUNDO","description":"Toda la historia y actualidad del club atletico boca junios esta aqui","potentialAction":[{"@type":"SearchAction","target":{"@type":"EntryPoint","urlTemplate":"https:\/\/bocaparatodoelmundo.com.ar\/?s={search_term_string}"},"query-input":"required name=search_term_string"}],"inLanguage":"es-AR"},{"@type":"Person","@id":"https:\/\/bocaparatodoelmundo.com.ar\/#\/schema\/person\/cc56d27ea9d37f4cea3636086a1847c5","name":"Redaccion BPTM","image":{"@type":"ImageObject","inLanguage":"es-AR","@id":"https:\/\/bocaparatodoelmundo.com.ar\/#\/schema\/person\/image\/","url":"https:\/\/secure.gravatar.com\/avatar\/3b62665b8c08843736974a055cc2398ba6bb7fd2fe787285105d666c418a7d13?s=96&d=mm&r=g","contentUrl":"https:\/\/secure.gravatar.com\/avatar\/3b62665b8c08843736974a055cc2398ba6bb7fd2fe787285105d666c418a7d13?s=96&d=mm&r=g","caption":"Redaccion BPTM"},"sameAs":["http:\/\/bocaparatodoelmundo.com.ar"],"url":"https:\/\/bocaparatodoelmundo.com.ar\/?author=3"}]}},"_links":{"self":[{"href":"https:\/\/bocaparatodoelmundo.com.ar\/index.php?rest_route=\/wp\/v2\/posts\/1109","targetHints":{"allow":["GET"]}}],"collection":[{"href":"https:\/\/bocaparatodoelmundo.com.ar\/index.php?rest_route=\/wp\/v2\/posts"}],"about":[{"href":"https:\/\/bocaparatodoelmundo.com.ar\/index.php?rest_route=\/wp\/v2\/types\/post"}],"author":[{"embeddable":true,"href":"https:\/\/bocaparatodoelmundo.com.ar\/index.php?rest_route=\/wp\/v2\/users\/3"}],"replies":[{"embeddable":true,"href":"https:\/\/bocaparatodoelmundo.com.ar\/index.php?rest_route=%2Fwp%2Fv2%2Fcomments&post=1109"}],"version-history":[{"count":1,"href":"https:\/\/bocaparatodoelmundo.com.ar\/index.php?rest_route=\/wp\/v2\/posts\/1109\/revisions"}],"predecessor-version":[{"id":1111,"href":"https:\/\/bocaparatodoelmundo.com.ar\/index.php?rest_route=\/wp\/v2\/posts\/1109\/revisions\/1111"}],"wp:featuredmedia":[{"embeddable":true,"href":"https:\/\/bocaparatodoelmundo.com.ar\/index.php?rest_route=\/wp\/v2\/media\/1110"}],"wp:attachment":[{"href":"https:\/\/bocaparatodoelmundo.com.ar\/index.php?rest_route=%2Fwp%2Fv2%2Fmedia&parent=1109"}],"wp:term":[{"taxonomy":"category","embeddable":true,"href":"https:\/\/bocaparatodoelmundo.com.ar\/index.php?rest_route=%2Fwp%2Fv2%2Fcategories&post=1109"},{"taxonomy":"post_tag","embeddable":true,"href":"https:\/\/bocaparatodoelmundo.com.ar\/index.php?rest_route=%2Fwp%2Fv2%2Ftags&post=1109"}],"curies":[{"name":"wp","href":"https:\/\/api.w.org\/{rel}","templated":true}]}}