{"id":1078,"date":"2023-01-13T16:31:20","date_gmt":"2023-01-13T19:31:20","guid":{"rendered":"https:\/\/www.bocaparatodoelmundo.com.ar\/?p=1078"},"modified":"2023-01-13T16:31:21","modified_gmt":"2023-01-13T19:31:21","slug":"mariana-gaitan-nueva-cara-del-femenino","status":"publish","type":"post","link":"https:\/\/bocaparatodoelmundo.com.ar\/?p=1078","title":{"rendered":"Mariana Gait\u00e1n, nueva cara del femenino"},"content":{"rendered":"\n<p>La futbolista entrerriana Mariana Gait\u00e1n se convirti\u00f3 en la flamante incorporaci\u00f3n de Boca para la pr\u00f3xima temporada de la Primera Divisi\u00f3n del f\u00fatbol femenino en la Argentina. Tras ocho a\u00f1os divididos en dos ciclos en UAI Urquiza, la oriunda de Villaguay acord\u00f3 su llegada al Xeneize y firm\u00f3 contrato hasta diciembre de 2023.<\/p>\n\n\n\n<p>En la \u00faltima temporada, la&nbsp;<em>Tota<\/em>&nbsp;disput\u00f3 20 partidos por el Campeonato Femenino YPF, donde convirti\u00f3 cuatro goles, y dos por Copa Federal.<\/p>\n\n\n\n<p>Es la tercera futbolista que se suma al conjunto dirigido por Jorge Martinez. La semana anterior, y mediante redes sociales, desde el club xeneize oficializaron las vinculaciones de Agustina Arias y Yohana Masagli, dos jugadoras que tambi\u00e9n firmaron contrato por el mismo per\u00edodo.<\/p>\n\n\n\n<p>A trav\u00e9s de un mensaje en sus redes sociales, Gait\u00e1n se despidi\u00f3 de UAI Urquiza:<\/p>\n\n\n\n<p><em>MUCHAS MUCHAS GRACIAS a esta Familia, a mi casa que por tanto tiempo me hizo muy FELIZ, donde aprendimos todas juntas que si hab\u00eda alg\u00fan problema, nuestra \u00fanica opci\u00f3n era mirar hacia adelante.. Porque nuestros SUE\u00d1OS siempre fueron y ser\u00e1n defender con amor esta camiseta, estos GRUPOS que viene bien bien de abajo, de andar corriendo en una plaza, hasta poder tener muchas cosas al d\u00eda de doy y poder cumplir el Sue\u00f1o de firmar un contrato. Hay cosas por mejorar como siempre pero sabemos todos que el futbol femenino est\u00e1 para mucho m\u00e1s y que lo estamos logrando todas, las que estuvieron antes, las que est\u00e1n y vendr\u00e1n..<br>Gracias eterna a todas mis compa\u00f1eras que estuvieron desde que llegu\u00e9 al club y no est\u00e1n , con las que viv\u00ed todos estos a\u00f1os con la celeste y bordo..<br>sin dudas una m\u00e1s GUERRERA que la otra \ud83d\udcaa\ud83c\udffd<br>En este club aprend\u00ed much\u00edsimos sobre todo de valores, de saber que somos un equipo, de ayudar a la compa\u00f1era\/as a que todas juntas vamos a cumplir sue\u00f1os y as\u00ed fue..<br>Me voy feliz y orgullosa de todo lo que le brinde al club de mi vida\u00a0<a href=\"https:\/\/www.instagram.com\/uaiurquiza\/\">@uaiurquiza<\/a>\u00a0as\u00ed ser\u00e1 siempre porque tengo un amor enorme..<br>SIEMPRE AGRADECIDA A LOS QUE ME DIERON LA OPORTUNIDAD DE VENIR A ESTE CLUB Y CUMPLIR TANTOS SUE\u00d1OS. Sin dudas a mis compa\u00f1eras , cuerpo t\u00e9cnico a todos los que conformar al plantel femenino.<br>Las peque\u00f1as Guerreritas que sigan cumpliendo sue\u00f1os y defiendan con todo su amor la camiseta del club.<br>GRACIAS POR TANTO FAMILIA FURGONERA \u26bd\ufe0f\u2764\ufe0f\u2728<\/em><\/p>\n","protected":false},"excerpt":{"rendered":"<p>La futbolista entrerriana Mariana Gait\u00e1n se convirti\u00f3 en la flamante incorporaci\u00f3n de Boca para la&#8230;<\/p>\n","protected":false},"author":3,"featured_media":1079,"comment_status":"open","ping_status":"open","sticky":false,"template":"","format":"standard","meta":{"footnotes":""},"categories":[17,4],"tags":[],"class_list":["post-1078","post","type-post","status-publish","format-standard","has-post-thumbnail","hentry","category-femenino","category-primera-division-masculina"],"yoast_head":"<!-- This site is optimized with the Yoast SEO plugin v21.4 - https:\/\/yoast.com\/wordpress\/plugins\/seo\/ -->\n<title>Mariana Gait\u00e1n, nueva cara del femenino - BOCA PARA TODO EL MUNDO<\/title>\n<meta name=\"robots\" content=\"index, follow, max-snippet:-1, max-image-preview:large, max-video-preview:-1\" \/>\n<link rel=\"canonical\" href=\"https:\/\/bocaparatodoelmundo.com.ar\/?p=1078\" \/>\n<meta property=\"og:locale\" content=\"es_ES\" \/>\n<meta property=\"og:type\" content=\"article\" \/>\n<meta property=\"og:title\" content=\"Mariana Gait\u00e1n, nueva cara del femenino - BOCA PARA TODO EL MUNDO\" \/>\n<meta property=\"og:description\" content=\"La futbolista entrerriana Mariana Gait\u00e1n se convirti\u00f3 en la flamante incorporaci\u00f3n de Boca para la...\" \/>\n<meta property=\"og:url\" content=\"https:\/\/bocaparatodoelmundo.com.ar\/?p=1078\" \/>\n<meta property=\"og:site_name\" content=\"BOCA PARA TODO EL MUNDO\" \/>\n<meta property=\"article:published_time\" content=\"2023-01-13T19:31:20+00:00\" \/>\n<meta property=\"article:modified_time\" content=\"2023-01-13T19:31:21+00:00\" \/>\n<meta property=\"og:image\" content=\"https:\/\/bocaparatodoelmundo.com.ar\/wp-content\/uploads\/2023\/01\/1920x794-dsc07139_b5de5.jpg\" \/>\n\t<meta property=\"og:image:width\" content=\"1920\" \/>\n\t<meta property=\"og:image:height\" content=\"794\" \/>\n\t<meta property=\"og:image:type\" content=\"image\/jpeg\" \/>\n<meta name=\"author\" content=\"Redaccion BPTM\" \/>\n<meta name=\"twitter:card\" content=\"summary_large_image\" \/>\n<meta name=\"twitter:label1\" content=\"Escrito por\" \/>\n\t<meta name=\"twitter:data1\" content=\"Redaccion BPTM\" \/>\n\t<meta name=\"twitter:label2\" content=\"Tiempo de lectura\" \/>\n\t<meta name=\"twitter:data2\" content=\"2 minutos\" \/>\n<script type=\"application\/ld+json\" class=\"yoast-schema-graph\">{\"@context\":\"https:\/\/schema.org\",\"@graph\":[{\"@type\":\"WebPage\",\"@id\":\"https:\/\/bocaparatodoelmundo.com.ar\/?p=1078\",\"url\":\"https:\/\/bocaparatodoelmundo.com.ar\/?p=1078\",\"name\":\"Mariana Gait\u00e1n, nueva cara del femenino - BOCA PARA TODO EL MUNDO\",\"isPartOf\":{\"@id\":\"https:\/\/bocaparatodoelmundo.com.ar\/#website\"},\"datePublished\":\"2023-01-13T19:31:20+00:00\",\"dateModified\":\"2023-01-13T19:31:21+00:00\",\"author\":{\"@id\":\"https:\/\/bocaparatodoelmundo.com.ar\/#\/schema\/person\/cc56d27ea9d37f4cea3636086a1847c5\"},\"breadcrumb\":{\"@id\":\"https:\/\/bocaparatodoelmundo.com.ar\/?p=1078#breadcrumb\"},\"inLanguage\":\"es-AR\",\"potentialAction\":[{\"@type\":\"ReadAction\",\"target\":[\"https:\/\/bocaparatodoelmundo.com.ar\/?p=1078\"]}]},{\"@type\":\"BreadcrumbList\",\"@id\":\"https:\/\/bocaparatodoelmundo.com.ar\/?p=1078#breadcrumb\",\"itemListElement\":[{\"@type\":\"ListItem\",\"position\":1,\"name\":\"Inicio\",\"item\":\"https:\/\/bocaparatodoelmundo.com.ar\/\"},{\"@type\":\"ListItem\",\"position\":2,\"name\":\"Mariana Gait\u00e1n, nueva cara del femenino\"}]},{\"@type\":\"WebSite\",\"@id\":\"https:\/\/bocaparatodoelmundo.com.ar\/#website\",\"url\":\"https:\/\/bocaparatodoelmundo.com.ar\/\",\"name\":\"BOCA PARA TODO EL MUNDO\",\"description\":\"Toda la historia y actualidad del club atletico boca junios esta aqui\",\"potentialAction\":[{\"@type\":\"SearchAction\",\"target\":{\"@type\":\"EntryPoint\",\"urlTemplate\":\"https:\/\/bocaparatodoelmundo.com.ar\/?s={search_term_string}\"},\"query-input\":\"required name=search_term_string\"}],\"inLanguage\":\"es-AR\"},{\"@type\":\"Person\",\"@id\":\"https:\/\/bocaparatodoelmundo.com.ar\/#\/schema\/person\/cc56d27ea9d37f4cea3636086a1847c5\",\"name\":\"Redaccion BPTM\",\"image\":{\"@type\":\"ImageObject\",\"inLanguage\":\"es-AR\",\"@id\":\"https:\/\/bocaparatodoelmundo.com.ar\/#\/schema\/person\/image\/\",\"url\":\"https:\/\/secure.gravatar.com\/avatar\/3b62665b8c08843736974a055cc2398ba6bb7fd2fe787285105d666c418a7d13?s=96&d=mm&r=g\",\"contentUrl\":\"https:\/\/secure.gravatar.com\/avatar\/3b62665b8c08843736974a055cc2398ba6bb7fd2fe787285105d666c418a7d13?s=96&d=mm&r=g\",\"caption\":\"Redaccion BPTM\"},\"sameAs\":[\"http:\/\/bocaparatodoelmundo.com.ar\"],\"url\":\"https:\/\/bocaparatodoelmundo.com.ar\/?author=3\"}]}<\/script>\n<!-- \/ Yoast SEO plugin. -->","yoast_head_json":{"title":"Mariana Gait\u00e1n, nueva cara del femenino - BOCA PARA TODO EL MUNDO","robots":{"index":"index","follow":"follow","max-snippet":"max-snippet:-1","max-image-preview":"max-image-preview:large","max-video-preview":"max-video-preview:-1"},"canonical":"https:\/\/bocaparatodoelmundo.com.ar\/?p=1078","og_locale":"es_ES","og_type":"article","og_title":"Mariana Gait\u00e1n, nueva cara del femenino - BOCA PARA TODO EL MUNDO","og_description":"La futbolista entrerriana Mariana Gait\u00e1n se convirti\u00f3 en la flamante incorporaci\u00f3n de Boca para la...","og_url":"https:\/\/bocaparatodoelmundo.com.ar\/?p=1078","og_site_name":"BOCA PARA TODO EL MUNDO","article_published_time":"2023-01-13T19:31:20+00:00","article_modified_time":"2023-01-13T19:31:21+00:00","og_image":[{"width":1920,"height":794,"url":"https:\/\/bocaparatodoelmundo.com.ar\/wp-content\/uploads\/2023\/01\/1920x794-dsc07139_b5de5.jpg","type":"image\/jpeg"}],"author":"Redaccion BPTM","twitter_card":"summary_large_image","twitter_misc":{"Escrito por":"Redaccion BPTM","Tiempo de lectura":"2 minutos"},"schema":{"@context":"https:\/\/schema.org","@graph":[{"@type":"WebPage","@id":"https:\/\/bocaparatodoelmundo.com.ar\/?p=1078","url":"https:\/\/bocaparatodoelmundo.com.ar\/?p=1078","name":"Mariana Gait\u00e1n, nueva cara del femenino - BOCA PARA TODO EL MUNDO","isPartOf":{"@id":"https:\/\/bocaparatodoelmundo.com.ar\/#website"},"datePublished":"2023-01-13T19:31:20+00:00","dateModified":"2023-01-13T19:31:21+00:00","author":{"@id":"https:\/\/bocaparatodoelmundo.com.ar\/#\/schema\/person\/cc56d27ea9d37f4cea3636086a1847c5"},"breadcrumb":{"@id":"https:\/\/bocaparatodoelmundo.com.ar\/?p=1078#breadcrumb"},"inLanguage":"es-AR","potentialAction":[{"@type":"ReadAction","target":["https:\/\/bocaparatodoelmundo.com.ar\/?p=1078"]}]},{"@type":"BreadcrumbList","@id":"https:\/\/bocaparatodoelmundo.com.ar\/?p=1078#breadcrumb","itemListElement":[{"@type":"ListItem","position":1,"name":"Inicio","item":"https:\/\/bocaparatodoelmundo.com.ar\/"},{"@type":"ListItem","position":2,"name":"Mariana Gait\u00e1n, nueva cara del femenino"}]},{"@type":"WebSite","@id":"https:\/\/bocaparatodoelmundo.com.ar\/#website","url":"https:\/\/bocaparatodoelmundo.com.ar\/","name":"BOCA PARA TODO EL MUNDO","description":"Toda la historia y actualidad del club atletico boca junios esta aqui","potentialAction":[{"@type":"SearchAction","target":{"@type":"EntryPoint","urlTemplate":"https:\/\/bocaparatodoelmundo.com.ar\/?s={search_term_string}"},"query-input":"required name=search_term_string"}],"inLanguage":"es-AR"},{"@type":"Person","@id":"https:\/\/bocaparatodoelmundo.com.ar\/#\/schema\/person\/cc56d27ea9d37f4cea3636086a1847c5","name":"Redaccion BPTM","image":{"@type":"ImageObject","inLanguage":"es-AR","@id":"https:\/\/bocaparatodoelmundo.com.ar\/#\/schema\/person\/image\/","url":"https:\/\/secure.gravatar.com\/avatar\/3b62665b8c08843736974a055cc2398ba6bb7fd2fe787285105d666c418a7d13?s=96&d=mm&r=g","contentUrl":"https:\/\/secure.gravatar.com\/avatar\/3b62665b8c08843736974a055cc2398ba6bb7fd2fe787285105d666c418a7d13?s=96&d=mm&r=g","caption":"Redaccion BPTM"},"sameAs":["http:\/\/bocaparatodoelmundo.com.ar"],"url":"https:\/\/bocaparatodoelmundo.com.ar\/?author=3"}]}},"_links":{"self":[{"href":"https:\/\/bocaparatodoelmundo.com.ar\/index.php?rest_route=\/wp\/v2\/posts\/1078","targetHints":{"allow":["GET"]}}],"collection":[{"href":"https:\/\/bocaparatodoelmundo.com.ar\/index.php?rest_route=\/wp\/v2\/posts"}],"about":[{"href":"https:\/\/bocaparatodoelmundo.com.ar\/index.php?rest_route=\/wp\/v2\/types\/post"}],"author":[{"embeddable":true,"href":"https:\/\/bocaparatodoelmundo.com.ar\/index.php?rest_route=\/wp\/v2\/users\/3"}],"replies":[{"embeddable":true,"href":"https:\/\/bocaparatodoelmundo.com.ar\/index.php?rest_route=%2Fwp%2Fv2%2Fcomments&post=1078"}],"version-history":[{"count":1,"href":"https:\/\/bocaparatodoelmundo.com.ar\/index.php?rest_route=\/wp\/v2\/posts\/1078\/revisions"}],"predecessor-version":[{"id":1080,"href":"https:\/\/bocaparatodoelmundo.com.ar\/index.php?rest_route=\/wp\/v2\/posts\/1078\/revisions\/1080"}],"wp:featuredmedia":[{"embeddable":true,"href":"https:\/\/bocaparatodoelmundo.com.ar\/index.php?rest_route=\/wp\/v2\/media\/1079"}],"wp:attachment":[{"href":"https:\/\/bocaparatodoelmundo.com.ar\/index.php?rest_route=%2Fwp%2Fv2%2Fmedia&parent=1078"}],"wp:term":[{"taxonomy":"category","embeddable":true,"href":"https:\/\/bocaparatodoelmundo.com.ar\/index.php?rest_route=%2Fwp%2Fv2%2Fcategories&post=1078"},{"taxonomy":"post_tag","embeddable":true,"href":"https:\/\/bocaparatodoelmundo.com.ar\/index.php?rest_route=%2Fwp%2Fv2%2Ftags&post=1078"}],"curies":[{"name":"wp","href":"https:\/\/api.w.org\/{rel}","templated":true}]}}